{"id":1022064,"date":"2026-09-03T09:40:19","date_gmt":"2026-09-03T12:40:19","guid":{"rendered":"https:\/\/bahiaeconomica.com.br\/wp\/?p=1022064"},"modified":"2026-09-03T11:17:19","modified_gmt":"2026-09-03T14:17:19","slug":"feira-de-santana-se-prepara-para-expofeira-2026","status":"publish","type":"post","link":"https:\/\/bahiaeconomica.com.br\/wp\/2026\/09\/03\/feira-de-santana-se-prepara-para-expofeira-2026\/","title":{"rendered":"FEIRA DE SANTANA SE PREPARA PARA EXPOFEIRA 2026"},"content":{"rendered":"<p>Feira de Santana se prepara para sediar, entre os dias 6 e 13 de setembro, a 47\u00aa Exposi\u00e7\u00e3o Agropecu\u00e1ria, a Expofeira, considerada uma das maiores e mais tradicionais mostras do agroneg\u00f3cio no Nordeste do Brasil. Nesta edi\u00e7\u00e3o, o Parque de Exposi\u00e7\u00e3o Jo\u00e3o Martins da Silva passou pela transforma\u00e7\u00e3o estrutural mais significativa de sua hist\u00f3ria, com obras de amplia\u00e7\u00e3o, moderniza\u00e7\u00e3o t\u00e9cnica e refor\u00e7o de infraestrutura conduzidas pela Prefeitura de Feira de Santana, por meio das secretarias de Agricultura, Recursos H\u00eddricos e Desenvolvimento Rural (Seagri) e de Infraestrutura (Seinfra). A Expofeira \u00e9 um dos principais vetores econ\u00f4micos do calend\u00e1rio municipal, capaz de movimentar toda a cadeia produtiva do agroneg\u00f3cio regional, do pequeno produtor rural ao grande expositor comercial, al\u00e9m de aquecer os setores de turismo, gastronomia e servi\u00e7os da cidade, durante os oito dias de evento.<\/p>\n<p>Entre as interven\u00e7\u00f5es no espa\u00e7o, destaca-se a implanta\u00e7\u00e3o de um novo redondel para desfiles e competi\u00e7\u00f5es de equinos, com \u00e1rea superior ao dobro da soma das duas estruturas que existiam anteriormente no local. A capacidade de recep\u00e7\u00e3o a expositores tamb\u00e9m foi ampliada de forma expressiva, saltando de 50 para 150 pontos comerciais nesta edi\u00e7\u00e3o, o triplo da edi\u00e7\u00e3o anterior, ampliando diretamente o volume de neg\u00f3cios gerados durante a mostra. Para viabilizar a expans\u00e3o, a Prefeitura pavimentou as vias de acesso aos novos estandes e instalou 60 postes com nova estrutura el\u00e9trica em todo o parque.<\/p>\n<p>O secret\u00e1rio da Seagri, Silvaney Ara\u00fajo, destaca que a moderniza\u00e7\u00e3o acompanha a pr\u00f3pria transforma\u00e7\u00e3o do setor produtivo. &#8220;A Expofeira vem passando por um processo de atualiza\u00e7\u00e3o. O agroneg\u00f3cio muda a cada dia e estamos nos preparando para acompanhar esse avan\u00e7o. O prefeito Jos\u00e9 Ronaldo tem feito investimentos importantes na pavimenta\u00e7\u00e3o, na infraestrutura e na amplia\u00e7\u00e3o das \u00e1reas destinadas aos criadores e comerciantes&#8221;, afirmou o secret\u00e1rio.<\/p>\n<p>A moderniza\u00e7\u00e3o tamb\u00e9m alcan\u00e7a a cobertura jornal\u00edstica do evento: a organiza\u00e7\u00e3o preparou um ambiente exclusivo para a imprensa, com salas climatizadas, ilumina\u00e7\u00e3o adequada e rede el\u00e9trica refor\u00e7ada, com pontos de energia dedicados \u00e0 instala\u00e7\u00e3o segura de equipamentos de transmiss\u00e3o e reportagem. A estrutura foi vistoriada pelo secret\u00e1rio municipal de Comunica\u00e7\u00e3o Social, Joilton Freitas, e refor\u00e7a o investimento da gest\u00e3o em garantir cobertura ampla do evento pelos ve\u00edculos de comunica\u00e7\u00e3o.<\/p>\n<p>Entre as atra\u00e7\u00f5es de maior apelo popular, o rodeio volta ao Parque de Exposi\u00e7\u00e3o depois de quase 20 anos de aus\u00eancia. Os espet\u00e1culos, com pe\u00f5es e touros, ser\u00e3o realizados ao longo de quatro dias de programa\u00e7\u00e3o, sem cobran\u00e7a de ingresso. A Prefeitura estuda ainda a ado\u00e7\u00e3o do pagamento solid\u00e1rio, com doa\u00e7\u00e3o de um quilo de alimento n\u00e3o perec\u00edvel, cujos donativos ser\u00e3o destinados a entidades assistenciais do munic\u00edpio.<\/p>\n<p>Ao lado das atra\u00e7\u00f5es agropecu\u00e1rias e esportivas, a programa\u00e7\u00e3o musical se espalha por dois espa\u00e7os, o Palco Principal, no Caminho da Ro\u00e7a, e o palco da Vila Gourmet, reunindo artistas locais e regionais de ax\u00e9, pagode, sertanejo, arrocha e forr\u00f3 ao longo dos oito dias de evento. Como j\u00e1 \u00e9 tradi\u00e7\u00e3o na Expofeira, a programa\u00e7\u00e3o reserva uma noite exclusiva para a m\u00fasica gospel, na quarta-feira (9), e uma noite dedicada ao rock, na quinta-feira (10).<\/p>\n<p>J\u00e1 a visita\u00e7\u00e3o ao Parque de Exposi\u00e7\u00e3o segue hor\u00e1rio ampliado: a abertura oficial da 47\u00aa Expofeira acontece na tarde de domingo (6), mas o p\u00fablico j\u00e1 \u00e9 recebido a partir das 10h daquele dia, com funcionamento di\u00e1rio at\u00e9 as 22h e entrada gratuita durante toda a mostra. A antecipa\u00e7\u00e3o do hor\u00e1rio busca ampliar as op\u00e7\u00f5es de lazer para fam\u00edlias feirenses, em especial no domingo, tradicionalmente um dos dias de maior presen\u00e7a de p\u00fablico infantil. Neste ano, o feriado de 7 de Setembro, que cai em uma segunda-feira, deve refor\u00e7ar ainda mais o fluxo de visitantes logo nos primeiros dias de evento. O acesso ao parque varia conforme o meio de transporte: quem chegar de ve\u00edculo pr\u00f3prio ou por aplicativo deve utilizar a Avenida Noide Cerqueira, enquanto usu\u00e1rios de \u00f4nibus t\u00eam acesso exclusivo pela BR-324.<\/p>\n<p>Servi\u00e7o: 47\u00aa Expofeira<\/p>\n<p>Data: 6 a 13 de setembro<\/p>\n<p>Local: Parque de Exposi\u00e7\u00e3o Jo\u00e3o Martins da Silva<\/p>\n<p>Hor\u00e1rio de visita\u00e7\u00e3o: das 10h \u00e0s 22h, todos os dias<\/p>\n<p>Entrada: Gratuita<\/p>\n<p>Mais informa\u00e7\u00f5es: www.expofeira.ba.gov.br<\/p>\n<p>____________<\/p>\n<p>Programa\u00e7\u00e3o musical:<\/p>\n<p>Palco Principal (Caminho da Ro\u00e7a):<\/p>\n<p>Domingo (6):<\/p>\n<p>Jo\u00e3o e Lara, 16h \u00e0s 17h30;<\/p>\n<p>Quintal de Tia Carla, 18h \u00e0s 19h30;<\/p>\n<p>Igor Rei da Farra, 20h \u00e0s 21h30<\/p>\n<p>&nbsp;<\/p>\n<p>Segunda (7):<\/p>\n<p>Ney Jamaica, 16h \u00e0s 17h30;<\/p>\n<p>Serest\u00e3o do Lopes, 18h \u00e0s 19h30;<\/p>\n<p>ED Brown, 20h \u00e0s 21h30<\/p>\n<p>&nbsp;<\/p>\n<p>Ter\u00e7a (8):<\/p>\n<p>L\u00e9o Sandys, 18h30 \u00e0s 20h;<\/p>\n<p>J\u00falia Elyasha, 20h30 \u00e0s 22h<\/p>\n<p>&nbsp;<\/p>\n<p>Quarta (9) \u2013 Noite gospel:<\/p>\n<p>Pastor Henrique Peterson, 16h \u00e0s 17h;<\/p>\n<p>Roniere Silva, 18h30 \u00e0s 20h;<\/p>\n<p>Vange Vamos Louvar, 20h30 \u00e0s 22h<\/p>\n<p>&nbsp;<\/p>\n<p>Quinta (10) \u2013 noite rock:<\/p>\n<p>80 na Pista, 19h \u00e0s 20h30;<\/p>\n<p>Lagedor, 21h \u00e0s 22h30<\/p>\n<p>&nbsp;<\/p>\n<p>Sexta (11):<\/p>\n<p>Fran\u00e7a Lima, 16h30 \u00e0s 18h;<\/p>\n<p>Gal\u00e3 da Seresta, 18h30 \u00e0s 20h;<\/p>\n<p>Aladim, 20h30 \u00e0s 22h<\/p>\n<p>&nbsp;<\/p>\n<p>S\u00e1bado (12):<\/p>\n<p>Xamego da Gente, 16h \u00e0s 17h30;<\/p>\n<p>Sound Mar\u00e9, 18h30 \u00e0s 20h;<\/p>\n<p>Galeguinho SPA, 20h30 \u00e0s 22h<\/p>\n<p>&nbsp;<\/p>\n<p>Domingo (13):<\/p>\n<p>Pagodinho do Miltinho, 15h30 \u00e0s 17h;<\/p>\n<p>Estilo Candeal, 17h30 \u00e0s 19h;<\/p>\n<p>Jean Santana, 19h30 \u00e0s 21h<\/p>\n<p>&nbsp;<\/p>\n<p>Palco Vila Gourmet:<\/p>\n<p>&nbsp;<\/p>\n<p>Domingo (6):<\/p>\n<p>Victor Sam<\/p>\n<p>&nbsp;<\/p>\n<p>Segunda (7):<\/p>\n<p>Alan Emanoel<\/p>\n<p>&nbsp;<\/p>\n<p>Quarta (9):<\/p>\n<p>Ramon Lima<\/p>\n<p>&nbsp;<\/p>\n<p>Quinta (10):<\/p>\n<p>Thiago Moral<\/p>\n<p>&nbsp;<\/p>\n<p>Sexta (11):<\/p>\n<p>Guym\u00e9o<\/p>\n<p>&nbsp;<\/p>\n<p>S\u00e1bado (12):<\/p>\n<p>Ana Castelo<\/p>\n<p>&nbsp;<\/p>\n<p>Domingo (13):<\/p>\n<p>Bruno Le\u00e3o<\/p>\n<p>&nbsp;<\/p>\n<p>Fotos: Arquivo ExpoFeira 2025<\/p>\n","protected":false},"excerpt":{"rendered":"<p>Feira de Santana se prepara para sediar, entre os dias 6 e 13 de setembro, a 47\u00aa Exposi\u00e7\u00e3o Agropecu\u00e1ria, a Expofeira, considerada uma das maiores e mais tradicionais mostras do agroneg\u00f3cio no Nordeste do Brasil. Nesta edi\u00e7\u00e3o, o Parque de Exposi\u00e7\u00e3o Jo\u00e3o Martins da Silva passou pela transforma\u00e7\u00e3o estrutural mais significativa de sua hist\u00f3ria, com [&hellip;]<\/p>\n","protected":false},"author":8,"featured_media":937251,"comment_status":"closed","ping_status":"closed","sticky":false,"template":"","format":"standard","meta":[],"categories":[5],"tags":[85,11965,100],"acf":[],"yoast_head":"<!-- This site is optimized with the Yoast SEO plugin v20.8 - https:\/\/yoast.com\/wordpress\/plugins\/seo\/ -->\n<title>FEIRA DE SANTANA SE PREPARA PARA EXPOFEIRA 2026 - Bahia Economica<\/title>\n<meta name=\"description\" content=\"O maior portal de Economia da Bahia MUNIC\u00cdPIOS Bahia Economica\" \/>\n<meta name=\"robots\" content=\"index, follow, max-snippet:-1, max-image-preview:large, max-video-preview:-1\" \/>\n<link rel=\"canonical\" href=\"https:\/\/bahiaeconomica.com.br\/wp\/2026\/09\/03\/feira-de-santana-se-prepara-para-expofeira-2026\/\" \/>\n<meta property=\"og:locale\" content=\"pt_BR\" \/>\n<meta property=\"og:type\" content=\"article\" \/>\n<meta property=\"og:title\" content=\"FEIRA DE SANTANA SE PREPARA PARA EXPOFEIRA 2026 - Bahia Economica\" \/>\n<meta property=\"og:description\" content=\"O maior portal de Economia da Bahia MUNIC\u00cdPIOS Bahia Economica\" \/>\n<meta property=\"og:url\" content=\"https:\/\/bahiaeconomica.com.br\/wp\/2026\/09\/03\/feira-de-santana-se-prepara-para-expofeira-2026\/\" \/>\n<meta property=\"og:site_name\" content=\"Bahia Economica\" \/>\n<meta property=\"article:publisher\" content=\"https:\/\/www.facebook.com\/bahiaeconomica\" \/>\n<meta property=\"article:published_time\" content=\"2026-09-03T12:40:19+00:00\" \/>\n<meta property=\"article:modified_time\" content=\"2026-09-03T14:17:19+00:00\" \/>\n<meta property=\"og:image\" content=\"https:\/\/bahiaeconomica.com.br\/wp\/wp-content\/uploads\/2025\/09\/50918feira-de-santana-tem-o-dia-mais-quente-do-ano-39c-3.jpg\" \/>\n\t<meta property=\"og:image:width\" content=\"926\" \/>\n\t<meta property=\"og:image:height\" content=\"435\" \/>\n\t<meta property=\"og:image:type\" content=\"image\/jpeg\" \/>\n<meta name=\"author\" content=\"JP\" \/>\n<meta name=\"twitter:card\" content=\"summary_large_image\" \/>\n<meta name=\"twitter:label1\" content=\"Escrito por\" \/>\n\t<meta name=\"twitter:data1\" content=\"JP\" \/>\n\t<meta name=\"twitter:label2\" content=\"Est. tempo de leitura\" \/>\n\t<meta name=\"twitter:data2\" content=\"5 minutos\" \/>\n<script type=\"application\/ld+json\" class=\"yoast-schema-graph\">{\"@context\":\"https:\/\/schema.org\",\"@graph\":[{\"@type\":\"Article\",\"@id\":\"https:\/\/bahiaeconomica.com.br\/wp\/2026\/09\/03\/feira-de-santana-se-prepara-para-expofeira-2026\/#article\",\"isPartOf\":{\"@id\":\"https:\/\/bahiaeconomica.com.br\/wp\/2026\/09\/03\/feira-de-santana-se-prepara-para-expofeira-2026\/\"},\"author\":{\"name\":\"JP\",\"@id\":\"https:\/\/bahiaeconomica.com.br\/wp\/#\/schema\/person\/c86d3a3f8960425a0f9d0e5245991f4e\"},\"headline\":\"FEIRA DE SANTANA SE PREPARA PARA EXPOFEIRA 2026\",\"datePublished\":\"2026-09-03T12:40:19+00:00\",\"dateModified\":\"2026-09-03T14:17:19+00:00\",\"mainEntityOfPage\":{\"@id\":\"https:\/\/bahiaeconomica.com.br\/wp\/2026\/09\/03\/feira-de-santana-se-prepara-para-expofeira-2026\/\"},\"wordCount\":956,\"publisher\":{\"@id\":\"https:\/\/bahiaeconomica.com.br\/wp\/#organization\"},\"keywords\":[\"Bahia\",\"econmia\",\"Pol\u00edtica\"],\"articleSection\":[\"MUNIC\u00cdPIOS\"],\"inLanguage\":\"pt-BR\"},{\"@type\":\"WebPage\",\"@id\":\"https:\/\/bahiaeconomica.com.br\/wp\/2026\/09\/03\/feira-de-santana-se-prepara-para-expofeira-2026\/\",\"url\":\"https:\/\/bahiaeconomica.com.br\/wp\/2026\/09\/03\/feira-de-santana-se-prepara-para-expofeira-2026\/\",\"name\":\"FEIRA DE SANTANA SE PREPARA PARA EXPOFEIRA 2026 - Bahia Economica\",\"isPartOf\":{\"@id\":\"https:\/\/bahiaeconomica.com.br\/wp\/#website\"},\"datePublished\":\"2026-09-03T12:40:19+00:00\",\"dateModified\":\"2026-09-03T14:17:19+00:00\",\"description\":\"O maior portal de Economia da Bahia MUNIC\u00cdPIOS Bahia Economica\",\"breadcrumb\":{\"@id\":\"https:\/\/bahiaeconomica.com.br\/wp\/2026\/09\/03\/feira-de-santana-se-prepara-para-expofeira-2026\/#breadcrumb\"},\"inLanguage\":\"pt-BR\",\"potentialAction\":[{\"@type\":\"ReadAction\",\"target\":[\"https:\/\/bahiaeconomica.com.br\/wp\/2026\/09\/03\/feira-de-santana-se-prepara-para-expofeira-2026\/\"]}]},{\"@type\":\"BreadcrumbList\",\"@id\":\"https:\/\/bahiaeconomica.com.br\/wp\/2026\/09\/03\/feira-de-santana-se-prepara-para-expofeira-2026\/#breadcrumb\",\"itemListElement\":[{\"@type\":\"ListItem\",\"position\":1,\"name\":\"In\u00edcio\",\"item\":\"https:\/\/bahiaeconomica.com.br\/wp\/\"},{\"@type\":\"ListItem\",\"position\":2,\"name\":\"FEIRA DE SANTANA SE PREPARA PARA EXPOFEIRA 2026\"}]},{\"@type\":\"WebSite\",\"@id\":\"https:\/\/bahiaeconomica.com.br\/wp\/#website\",\"url\":\"https:\/\/bahiaeconomica.com.br\/wp\/\",\"name\":\"Bahia Economica\",\"description\":\"O maior portal de Economia da Bahia\",\"publisher\":{\"@id\":\"https:\/\/bahiaeconomica.com.br\/wp\/#organization\"},\"potentialAction\":[{\"@type\":\"SearchAction\",\"target\":{\"@type\":\"EntryPoint\",\"urlTemplate\":\"https:\/\/bahiaeconomica.com.br\/wp\/?s={search_term_string}\"},\"query-input\":\"required name=search_term_string\"}],\"inLanguage\":\"pt-BR\"},{\"@type\":\"Organization\",\"@id\":\"https:\/\/bahiaeconomica.com.br\/wp\/#organization\",\"name\":\"Bahia Econ\u00f4mica\",\"url\":\"https:\/\/bahiaeconomica.com.br\/wp\/\",\"logo\":{\"@type\":\"ImageObject\",\"inLanguage\":\"pt-BR\",\"@id\":\"https:\/\/bahiaeconomica.com.br\/wp\/#\/schema\/logo\/image\/\",\"url\":\"https:\/\/bahiaeconomica.com.br\/wp\/wp-content\/uploads\/2020\/12\/cropped-BE.png\",\"contentUrl\":\"https:\/\/bahiaeconomica.com.br\/wp\/wp-content\/uploads\/2020\/12\/cropped-BE.png\",\"width\":512,\"height\":512,\"caption\":\"Bahia Econ\u00f4mica\"},\"image\":{\"@id\":\"https:\/\/bahiaeconomica.com.br\/wp\/#\/schema\/logo\/image\/\"},\"sameAs\":[\"https:\/\/www.facebook.com\/bahiaeconomica\"]},{\"@type\":\"Person\",\"@id\":\"https:\/\/bahiaeconomica.com.br\/wp\/#\/schema\/person\/c86d3a3f8960425a0f9d0e5245991f4e\",\"name\":\"JP\",\"sameAs\":[\"https:\/\/bahiaeconomica.com.br\/wp\/beta\/\"],\"url\":\"https:\/\/bahiaeconomica.com.br\/wp\/author\/jp\/\"}]}<\/script>\n<!-- \/ Yoast SEO plugin. -->","yoast_head_json":{"title":"FEIRA DE SANTANA SE PREPARA PARA EXPOFEIRA 2026 - Bahia Economica","description":"O maior portal de Economia da Bahia MUNIC\u00cdPIOS Bahia Economica","robots":{"index":"index","follow":"follow","max-snippet":"max-snippet:-1","max-image-preview":"max-image-preview:large","max-video-preview":"max-video-preview:-1"},"canonical":"https:\/\/bahiaeconomica.com.br\/wp\/2026\/09\/03\/feira-de-santana-se-prepara-para-expofeira-2026\/","og_locale":"pt_BR","og_type":"article","og_title":"FEIRA DE SANTANA SE PREPARA PARA EXPOFEIRA 2026 - Bahia Economica","og_description":"O maior portal de Economia da Bahia MUNIC\u00cdPIOS Bahia Economica","og_url":"https:\/\/bahiaeconomica.com.br\/wp\/2026\/09\/03\/feira-de-santana-se-prepara-para-expofeira-2026\/","og_site_name":"Bahia Economica","article_publisher":"https:\/\/www.facebook.com\/bahiaeconomica","article_published_time":"2026-09-03T12:40:19+00:00","article_modified_time":"2026-09-03T14:17:19+00:00","og_image":[{"width":926,"height":435,"url":"https:\/\/bahiaeconomica.com.br\/wp\/wp-content\/uploads\/2025\/09\/50918feira-de-santana-tem-o-dia-mais-quente-do-ano-39c-3.jpg","type":"image\/jpeg"}],"author":"JP","twitter_card":"summary_large_image","twitter_misc":{"Escrito por":"JP","Est. tempo de leitura":"5 minutos"},"schema":{"@context":"https:\/\/schema.org","@graph":[{"@type":"Article","@id":"https:\/\/bahiaeconomica.com.br\/wp\/2026\/09\/03\/feira-de-santana-se-prepara-para-expofeira-2026\/#article","isPartOf":{"@id":"https:\/\/bahiaeconomica.com.br\/wp\/2026\/09\/03\/feira-de-santana-se-prepara-para-expofeira-2026\/"},"author":{"name":"JP","@id":"https:\/\/bahiaeconomica.com.br\/wp\/#\/schema\/person\/c86d3a3f8960425a0f9d0e5245991f4e"},"headline":"FEIRA DE SANTANA SE PREPARA PARA EXPOFEIRA 2026","datePublished":"2026-09-03T12:40:19+00:00","dateModified":"2026-09-03T14:17:19+00:00","mainEntityOfPage":{"@id":"https:\/\/bahiaeconomica.com.br\/wp\/2026\/09\/03\/feira-de-santana-se-prepara-para-expofeira-2026\/"},"wordCount":956,"publisher":{"@id":"https:\/\/bahiaeconomica.com.br\/wp\/#organization"},"keywords":["Bahia","econmia","Pol\u00edtica"],"articleSection":["MUNIC\u00cdPIOS"],"inLanguage":"pt-BR"},{"@type":"WebPage","@id":"https:\/\/bahiaeconomica.com.br\/wp\/2026\/09\/03\/feira-de-santana-se-prepara-para-expofeira-2026\/","url":"https:\/\/bahiaeconomica.com.br\/wp\/2026\/09\/03\/feira-de-santana-se-prepara-para-expofeira-2026\/","name":"FEIRA DE SANTANA SE PREPARA PARA EXPOFEIRA 2026 - Bahia Economica","isPartOf":{"@id":"https:\/\/bahiaeconomica.com.br\/wp\/#website"},"datePublished":"2026-09-03T12:40:19+00:00","dateModified":"2026-09-03T14:17:19+00:00","description":"O maior portal de Economia da Bahia MUNIC\u00cdPIOS Bahia Economica","breadcrumb":{"@id":"https:\/\/bahiaeconomica.com.br\/wp\/2026\/09\/03\/feira-de-santana-se-prepara-para-expofeira-2026\/#breadcrumb"},"inLanguage":"pt-BR","potentialAction":[{"@type":"ReadAction","target":["https:\/\/bahiaeconomica.com.br\/wp\/2026\/09\/03\/feira-de-santana-se-prepara-para-expofeira-2026\/"]}]},{"@type":"BreadcrumbList","@id":"https:\/\/bahiaeconomica.com.br\/wp\/2026\/09\/03\/feira-de-santana-se-prepara-para-expofeira-2026\/#breadcrumb","itemListElement":[{"@type":"ListItem","position":1,"name":"In\u00edcio","item":"https:\/\/bahiaeconomica.com.br\/wp\/"},{"@type":"ListItem","position":2,"name":"FEIRA DE SANTANA SE PREPARA PARA EXPOFEIRA 2026"}]},{"@type":"WebSite","@id":"https:\/\/bahiaeconomica.com.br\/wp\/#website","url":"https:\/\/bahiaeconomica.com.br\/wp\/","name":"Bahia Economica","description":"O maior portal de Economia da Bahia","publisher":{"@id":"https:\/\/bahiaeconomica.com.br\/wp\/#organization"},"potentialAction":[{"@type":"SearchAction","target":{"@type":"EntryPoint","urlTemplate":"https:\/\/bahiaeconomica.com.br\/wp\/?s={search_term_string}"},"query-input":"required name=search_term_string"}],"inLanguage":"pt-BR"},{"@type":"Organization","@id":"https:\/\/bahiaeconomica.com.br\/wp\/#organization","name":"Bahia Econ\u00f4mica","url":"https:\/\/bahiaeconomica.com.br\/wp\/","logo":{"@type":"ImageObject","inLanguage":"pt-BR","@id":"https:\/\/bahiaeconomica.com.br\/wp\/#\/schema\/logo\/image\/","url":"https:\/\/bahiaeconomica.com.br\/wp\/wp-content\/uploads\/2020\/12\/cropped-BE.png","contentUrl":"https:\/\/bahiaeconomica.com.br\/wp\/wp-content\/uploads\/2020\/12\/cropped-BE.png","width":512,"height":512,"caption":"Bahia Econ\u00f4mica"},"image":{"@id":"https:\/\/bahiaeconomica.com.br\/wp\/#\/schema\/logo\/image\/"},"sameAs":["https:\/\/www.facebook.com\/bahiaeconomica"]},{"@type":"Person","@id":"https:\/\/bahiaeconomica.com.br\/wp\/#\/schema\/person\/c86d3a3f8960425a0f9d0e5245991f4e","name":"JP","sameAs":["https:\/\/bahiaeconomica.com.br\/wp\/beta\/"],"url":"https:\/\/bahiaeconomica.com.br\/wp\/author\/jp\/"}]}},"views":5,"_links":{"self":[{"href":"https:\/\/bahiaeconomica.com.br\/wp\/wp-json\/wp\/v2\/posts\/1022064"}],"collection":[{"href":"https:\/\/bahiaeconomica.com.br\/wp\/wp-json\/wp\/v2\/posts"}],"about":[{"href":"https:\/\/bahiaeconomica.com.br\/wp\/wp-json\/wp\/v2\/types\/post"}],"author":[{"embeddable":true,"href":"https:\/\/bahiaeconomica.com.br\/wp\/wp-json\/wp\/v2\/users\/8"}],"replies":[{"embeddable":true,"href":"https:\/\/bahiaeconomica.com.br\/wp\/wp-json\/wp\/v2\/comments?post=1022064"}],"version-history":[{"count":1,"href":"https:\/\/bahiaeconomica.com.br\/wp\/wp-json\/wp\/v2\/posts\/1022064\/revisions"}],"predecessor-version":[{"id":1022066,"href":"https:\/\/bahiaeconomica.com.br\/wp\/wp-json\/wp\/v2\/posts\/1022064\/revisions\/1022066"}],"wp:featuredmedia":[{"embeddable":true,"href":"https:\/\/bahiaeconomica.com.br\/wp\/wp-json\/wp\/v2\/media\/937251"}],"wp:attachment":[{"href":"https:\/\/bahiaeconomica.com.br\/wp\/wp-json\/wp\/v2\/media?parent=1022064"}],"wp:term":[{"taxonomy":"category","embeddable":true,"href":"https:\/\/bahiaeconomica.com.br\/wp\/wp-json\/wp\/v2\/categories?post=1022064"},{"taxonomy":"post_tag","embeddable":true,"href":"https:\/\/bahiaeconomica.com.br\/wp\/wp-json\/wp\/v2\/tags?post=1022064"}],"curies":[{"name":"wp","href":"https:\/\/api.w.org\/{rel}","templated":true}]}}