{"id":1021888,"date":"2026-09-02T17:25:54","date_gmt":"2026-09-02T20:25:54","guid":{"rendered":"https:\/\/bahiaeconomica.com.br\/wp\/?p=1021888"},"modified":"2026-09-02T17:25:54","modified_gmt":"2026-09-02T20:25:54","slug":"vitoria-x-vasco-jogo-pela-copa-do-brasil-tera-operacao-especial-de-transporte","status":"publish","type":"post","link":"https:\/\/bahiaeconomica.com.br\/wp\/2026\/09\/02\/vitoria-x-vasco-jogo-pela-copa-do-brasil-tera-operacao-especial-de-transporte\/","title":{"rendered":"VIT\u00d3RIA X VASCO: JOGO PELA COPA DO BRASIL TER\u00c1 OPERA\u00c7\u00c3O ESPECIAL DE TRANSPORTE"},"content":{"rendered":"<p>A Secretaria de Mobilidade (Semob) preparou uma opera\u00e7\u00e3o especial de transporte para atender os usu\u00e1rios durante o jogo entre Vit\u00f3ria e Vasco da Gama, pela Copa do Brasil, que acontece nesta quarta-feira (2).<\/p>\n<p>A linha especial 1899 \u2013 Est\u00e1dio Barrad\u00e3o x Esta\u00e7\u00e3o Flamboyant vai operar com quatro ve\u00edculos das 18h \u00e0s 22h, na Esta\u00e7\u00e3o Flamboyant, e das 23h \u00e0 1h, na Avenida M\u00e1rio S\u00e9rgio. Tamb\u00e9m ser\u00e3o disponibilizados tr\u00eas ve\u00edculos reguladores para a Esta\u00e7\u00e3o Piraj\u00e1, das 18h \u00e0 1h.<\/p>\n<p>Durante a realiza\u00e7\u00e3o da partida, os itiner\u00e1rios das linhas 1365 \u2013 Jardim Nova Esperan\u00e7a\/Canabrava x Esta\u00e7\u00e3o Pitua\u00e7u, 1357 \u2013 Nova Bras\u00edlia\/Trobogy x Esta\u00e7\u00e3o Pitua\u00e7u e 1353 \u2013 Jardim Nova Esperan\u00e7a x Esta\u00e7\u00e3o Flamboyant ser\u00e3o modificados.<\/p>\n<p>No sentido Centro, a linha 1353 passar\u00e1 pela Avenida Lu\u00eds Viana, com retorno no Viaduto do CAB, Esta\u00e7\u00e3o Pitua\u00e7u, Avenida Lu\u00eds Viana, Rua Aymor\u00e9 Moreira e Rua Mocambo, de onde seguir\u00e1 o itiner\u00e1rio normal.<\/p>\n<p>No sentido bairro, a linha sair\u00e1 da Esta\u00e7\u00e3o Pitua\u00e7u, acessar\u00e1 a Avenida Lu\u00eds Viana, com retorno no Viaduto Orlando Gomes, e seguir\u00e1 pela Avenida Lu\u00eds Viana, Rua Procurador Nelson Castro, Rua Art\u00eamio Castro Valente e Rua Nova Cidade.<\/p>\n<p>J\u00e1 as linhas 1365 e 1367, no sentido Centro, acessar\u00e3o o Terminal de Canabrava, Rua Art\u00eamio Castro Valente, Rua Procurador Nelson Castro, Avenida Lu\u00eds Viana, com retorno no Viaduto do CAB, Esta\u00e7\u00e3o Pitua\u00e7u, Avenida Lu\u00eds Viana, com retorno no Viaduto do Bairro da Paz, Rua Aymor\u00e9 Moreira e Rua Mocambo, de onde seguir\u00e3o o itiner\u00e1rio normal.<\/p>\n<p>No sentido bairro, as linhas sair\u00e3o da Esta\u00e7\u00e3o Pitua\u00e7u e seguir\u00e3o pela Avenida Lu\u00eds Viana, com retorno no Viaduto Orlando Gomes, Rua Procurador Nelson Castro, Rua Art\u00eamio Castro Valente e Rua Nova Cidade.<\/p>\n<p>Fotos:Jefferson Peixoto \/ Secom PMS<\/p>\n","protected":false},"excerpt":{"rendered":"<p>A Secretaria de Mobilidade (Semob) preparou uma opera\u00e7\u00e3o especial de transporte para atender os usu\u00e1rios durante o jogo entre Vit\u00f3ria e Vasco da Gama, pela Copa do Brasil, que acontece nesta quarta-feira (2). A linha especial 1899 \u2013 Est\u00e1dio Barrad\u00e3o x Esta\u00e7\u00e3o Flamboyant vai operar com quatro ve\u00edculos das 18h \u00e0s 22h, na Esta\u00e7\u00e3o Flamboyant, [&hellip;]<\/p>\n","protected":false},"author":15,"featured_media":1021890,"comment_status":"closed","ping_status":"closed","sticky":false,"template":"","format":"standard","meta":[],"categories":[5],"tags":[],"acf":[],"yoast_head":"<!-- This site is optimized with the Yoast SEO plugin v20.8 - https:\/\/yoast.com\/wordpress\/plugins\/seo\/ -->\n<title>VIT\u00d3RIA X VASCO: JOGO PELA COPA DO BRASIL TER\u00c1 OPERA\u00c7\u00c3O ESPECIAL DE TRANSPORTE - Bahia Economica<\/title>\n<meta name=\"description\" content=\"O maior portal de Economia da Bahia MUNIC\u00cdPIOS Bahia Economica\" \/>\n<meta name=\"robots\" content=\"index, follow, max-snippet:-1, max-image-preview:large, max-video-preview:-1\" \/>\n<link rel=\"canonical\" href=\"https:\/\/bahiaeconomica.com.br\/wp\/2026\/09\/02\/vitoria-x-vasco-jogo-pela-copa-do-brasil-tera-operacao-especial-de-transporte\/\" \/>\n<meta property=\"og:locale\" content=\"pt_BR\" \/>\n<meta property=\"og:type\" content=\"article\" \/>\n<meta property=\"og:title\" content=\"VIT\u00d3RIA X VASCO: JOGO PELA COPA DO BRASIL TER\u00c1 OPERA\u00c7\u00c3O ESPECIAL DE TRANSPORTE - Bahia Economica\" \/>\n<meta property=\"og:description\" content=\"O maior portal de Economia da Bahia MUNIC\u00cdPIOS Bahia Economica\" \/>\n<meta property=\"og:url\" content=\"https:\/\/bahiaeconomica.com.br\/wp\/2026\/09\/02\/vitoria-x-vasco-jogo-pela-copa-do-brasil-tera-operacao-especial-de-transporte\/\" \/>\n<meta property=\"og:site_name\" content=\"Bahia Economica\" \/>\n<meta property=\"article:publisher\" content=\"https:\/\/www.facebook.com\/bahiaeconomica\" \/>\n<meta property=\"article:published_time\" content=\"2026-09-02T20:25:54+00:00\" \/>\n<meta property=\"og:image\" content=\"https:\/\/bahiaeconomica.com.br\/wp\/wp-content\/uploads\/2026\/09\/Transporte_onibus-PMS_FotoJefferson-Peixoto_Secom_Pms-9-1-scaled.jpg\" \/>\n\t<meta property=\"og:image:width\" content=\"2560\" \/>\n\t<meta property=\"og:image:height\" content=\"1707\" \/>\n\t<meta property=\"og:image:type\" content=\"image\/jpeg\" \/>\n<meta name=\"author\" content=\"VICTORIA ISABEL\" \/>\n<meta name=\"twitter:card\" content=\"summary_large_image\" \/>\n<meta name=\"twitter:label1\" content=\"Escrito por\" \/>\n\t<meta name=\"twitter:data1\" content=\"VICTORIA ISABEL\" \/>\n\t<meta name=\"twitter:label2\" content=\"Est. tempo de leitura\" \/>\n\t<meta name=\"twitter:data2\" content=\"2 minutos\" \/>\n<script type=\"application\/ld+json\" class=\"yoast-schema-graph\">{\"@context\":\"https:\/\/schema.org\",\"@graph\":[{\"@type\":\"Article\",\"@id\":\"https:\/\/bahiaeconomica.com.br\/wp\/2026\/09\/02\/vitoria-x-vasco-jogo-pela-copa-do-brasil-tera-operacao-especial-de-transporte\/#article\",\"isPartOf\":{\"@id\":\"https:\/\/bahiaeconomica.com.br\/wp\/2026\/09\/02\/vitoria-x-vasco-jogo-pela-copa-do-brasil-tera-operacao-especial-de-transporte\/\"},\"author\":{\"name\":\"VICTORIA ISABEL\",\"@id\":\"https:\/\/bahiaeconomica.com.br\/wp\/#\/schema\/person\/b719ce0fb1c09f3c7a00d9243ced4a6f\"},\"headline\":\"VIT\u00d3RIA X VASCO: JOGO PELA COPA DO BRASIL TER\u00c1 OPERA\u00c7\u00c3O ESPECIAL DE TRANSPORTE\",\"datePublished\":\"2026-09-02T20:25:54+00:00\",\"dateModified\":\"2026-09-02T20:25:54+00:00\",\"mainEntityOfPage\":{\"@id\":\"https:\/\/bahiaeconomica.com.br\/wp\/2026\/09\/02\/vitoria-x-vasco-jogo-pela-copa-do-brasil-tera-operacao-especial-de-transporte\/\"},\"wordCount\":332,\"publisher\":{\"@id\":\"https:\/\/bahiaeconomica.com.br\/wp\/#organization\"},\"articleSection\":[\"MUNIC\u00cdPIOS\"],\"inLanguage\":\"pt-BR\"},{\"@type\":\"WebPage\",\"@id\":\"https:\/\/bahiaeconomica.com.br\/wp\/2026\/09\/02\/vitoria-x-vasco-jogo-pela-copa-do-brasil-tera-operacao-especial-de-transporte\/\",\"url\":\"https:\/\/bahiaeconomica.com.br\/wp\/2026\/09\/02\/vitoria-x-vasco-jogo-pela-copa-do-brasil-tera-operacao-especial-de-transporte\/\",\"name\":\"VIT\u00d3RIA X VASCO: JOGO PELA COPA DO BRASIL TER\u00c1 OPERA\u00c7\u00c3O ESPECIAL DE TRANSPORTE - Bahia Economica\",\"isPartOf\":{\"@id\":\"https:\/\/bahiaeconomica.com.br\/wp\/#website\"},\"datePublished\":\"2026-09-02T20:25:54+00:00\",\"dateModified\":\"2026-09-02T20:25:54+00:00\",\"description\":\"O maior portal de Economia da Bahia MUNIC\u00cdPIOS Bahia Economica\",\"breadcrumb\":{\"@id\":\"https:\/\/bahiaeconomica.com.br\/wp\/2026\/09\/02\/vitoria-x-vasco-jogo-pela-copa-do-brasil-tera-operacao-especial-de-transporte\/#breadcrumb\"},\"inLanguage\":\"pt-BR\",\"potentialAction\":[{\"@type\":\"ReadAction\",\"target\":[\"https:\/\/bahiaeconomica.com.br\/wp\/2026\/09\/02\/vitoria-x-vasco-jogo-pela-copa-do-brasil-tera-operacao-especial-de-transporte\/\"]}]},{\"@type\":\"BreadcrumbList\",\"@id\":\"https:\/\/bahiaeconomica.com.br\/wp\/2026\/09\/02\/vitoria-x-vasco-jogo-pela-copa-do-brasil-tera-operacao-especial-de-transporte\/#breadcrumb\",\"itemListElement\":[{\"@type\":\"ListItem\",\"position\":1,\"name\":\"In\u00edcio\",\"item\":\"https:\/\/bahiaeconomica.com.br\/wp\/\"},{\"@type\":\"ListItem\",\"position\":2,\"name\":\"VIT\u00d3RIA X VASCO: JOGO PELA COPA DO BRASIL TER\u00c1 OPERA\u00c7\u00c3O ESPECIAL DE TRANSPORTE\"}]},{\"@type\":\"WebSite\",\"@id\":\"https:\/\/bahiaeconomica.com.br\/wp\/#website\",\"url\":\"https:\/\/bahiaeconomica.com.br\/wp\/\",\"name\":\"Bahia Economica\",\"description\":\"O maior portal de Economia da Bahia\",\"publisher\":{\"@id\":\"https:\/\/bahiaeconomica.com.br\/wp\/#organization\"},\"potentialAction\":[{\"@type\":\"SearchAction\",\"target\":{\"@type\":\"EntryPoint\",\"urlTemplate\":\"https:\/\/bahiaeconomica.com.br\/wp\/?s={search_term_string}\"},\"query-input\":\"required name=search_term_string\"}],\"inLanguage\":\"pt-BR\"},{\"@type\":\"Organization\",\"@id\":\"https:\/\/bahiaeconomica.com.br\/wp\/#organization\",\"name\":\"Bahia Econ\u00f4mica\",\"url\":\"https:\/\/bahiaeconomica.com.br\/wp\/\",\"logo\":{\"@type\":\"ImageObject\",\"inLanguage\":\"pt-BR\",\"@id\":\"https:\/\/bahiaeconomica.com.br\/wp\/#\/schema\/logo\/image\/\",\"url\":\"https:\/\/bahiaeconomica.com.br\/wp\/wp-content\/uploads\/2020\/12\/cropped-BE.png\",\"contentUrl\":\"https:\/\/bahiaeconomica.com.br\/wp\/wp-content\/uploads\/2020\/12\/cropped-BE.png\",\"width\":512,\"height\":512,\"caption\":\"Bahia Econ\u00f4mica\"},\"image\":{\"@id\":\"https:\/\/bahiaeconomica.com.br\/wp\/#\/schema\/logo\/image\/\"},\"sameAs\":[\"https:\/\/www.facebook.com\/bahiaeconomica\"]},{\"@type\":\"Person\",\"@id\":\"https:\/\/bahiaeconomica.com.br\/wp\/#\/schema\/person\/b719ce0fb1c09f3c7a00d9243ced4a6f\",\"name\":\"VICTORIA ISABEL\",\"sameAs\":[\"http:\/\/www.bahiaeconomica.com.br\"],\"url\":\"https:\/\/bahiaeconomica.com.br\/wp\/author\/victoria-isabel\/\"}]}<\/script>\n<!-- \/ Yoast SEO plugin. -->","yoast_head_json":{"title":"VIT\u00d3RIA X VASCO: JOGO PELA COPA DO BRASIL TER\u00c1 OPERA\u00c7\u00c3O ESPECIAL DE TRANSPORTE - Bahia Economica","description":"O maior portal de Economia da Bahia MUNIC\u00cdPIOS Bahia Economica","robots":{"index":"index","follow":"follow","max-snippet":"max-snippet:-1","max-image-preview":"max-image-preview:large","max-video-preview":"max-video-preview:-1"},"canonical":"https:\/\/bahiaeconomica.com.br\/wp\/2026\/09\/02\/vitoria-x-vasco-jogo-pela-copa-do-brasil-tera-operacao-especial-de-transporte\/","og_locale":"pt_BR","og_type":"article","og_title":"VIT\u00d3RIA X VASCO: JOGO PELA COPA DO BRASIL TER\u00c1 OPERA\u00c7\u00c3O ESPECIAL DE TRANSPORTE - Bahia Economica","og_description":"O maior portal de Economia da Bahia MUNIC\u00cdPIOS Bahia Economica","og_url":"https:\/\/bahiaeconomica.com.br\/wp\/2026\/09\/02\/vitoria-x-vasco-jogo-pela-copa-do-brasil-tera-operacao-especial-de-transporte\/","og_site_name":"Bahia Economica","article_publisher":"https:\/\/www.facebook.com\/bahiaeconomica","article_published_time":"2026-09-02T20:25:54+00:00","og_image":[{"width":2560,"height":1707,"url":"https:\/\/bahiaeconomica.com.br\/wp\/wp-content\/uploads\/2026\/09\/Transporte_onibus-PMS_FotoJefferson-Peixoto_Secom_Pms-9-1-scaled.jpg","type":"image\/jpeg"}],"author":"VICTORIA ISABEL","twitter_card":"summary_large_image","twitter_misc":{"Escrito por":"VICTORIA ISABEL","Est. tempo de leitura":"2 minutos"},"schema":{"@context":"https:\/\/schema.org","@graph":[{"@type":"Article","@id":"https:\/\/bahiaeconomica.com.br\/wp\/2026\/09\/02\/vitoria-x-vasco-jogo-pela-copa-do-brasil-tera-operacao-especial-de-transporte\/#article","isPartOf":{"@id":"https:\/\/bahiaeconomica.com.br\/wp\/2026\/09\/02\/vitoria-x-vasco-jogo-pela-copa-do-brasil-tera-operacao-especial-de-transporte\/"},"author":{"name":"VICTORIA ISABEL","@id":"https:\/\/bahiaeconomica.com.br\/wp\/#\/schema\/person\/b719ce0fb1c09f3c7a00d9243ced4a6f"},"headline":"VIT\u00d3RIA X VASCO: JOGO PELA COPA DO BRASIL TER\u00c1 OPERA\u00c7\u00c3O ESPECIAL DE TRANSPORTE","datePublished":"2026-09-02T20:25:54+00:00","dateModified":"2026-09-02T20:25:54+00:00","mainEntityOfPage":{"@id":"https:\/\/bahiaeconomica.com.br\/wp\/2026\/09\/02\/vitoria-x-vasco-jogo-pela-copa-do-brasil-tera-operacao-especial-de-transporte\/"},"wordCount":332,"publisher":{"@id":"https:\/\/bahiaeconomica.com.br\/wp\/#organization"},"articleSection":["MUNIC\u00cdPIOS"],"inLanguage":"pt-BR"},{"@type":"WebPage","@id":"https:\/\/bahiaeconomica.com.br\/wp\/2026\/09\/02\/vitoria-x-vasco-jogo-pela-copa-do-brasil-tera-operacao-especial-de-transporte\/","url":"https:\/\/bahiaeconomica.com.br\/wp\/2026\/09\/02\/vitoria-x-vasco-jogo-pela-copa-do-brasil-tera-operacao-especial-de-transporte\/","name":"VIT\u00d3RIA X VASCO: JOGO PELA COPA DO BRASIL TER\u00c1 OPERA\u00c7\u00c3O ESPECIAL DE TRANSPORTE - Bahia Economica","isPartOf":{"@id":"https:\/\/bahiaeconomica.com.br\/wp\/#website"},"datePublished":"2026-09-02T20:25:54+00:00","dateModified":"2026-09-02T20:25:54+00:00","description":"O maior portal de Economia da Bahia MUNIC\u00cdPIOS Bahia Economica","breadcrumb":{"@id":"https:\/\/bahiaeconomica.com.br\/wp\/2026\/09\/02\/vitoria-x-vasco-jogo-pela-copa-do-brasil-tera-operacao-especial-de-transporte\/#breadcrumb"},"inLanguage":"pt-BR","potentialAction":[{"@type":"ReadAction","target":["https:\/\/bahiaeconomica.com.br\/wp\/2026\/09\/02\/vitoria-x-vasco-jogo-pela-copa-do-brasil-tera-operacao-especial-de-transporte\/"]}]},{"@type":"BreadcrumbList","@id":"https:\/\/bahiaeconomica.com.br\/wp\/2026\/09\/02\/vitoria-x-vasco-jogo-pela-copa-do-brasil-tera-operacao-especial-de-transporte\/#breadcrumb","itemListElement":[{"@type":"ListItem","position":1,"name":"In\u00edcio","item":"https:\/\/bahiaeconomica.com.br\/wp\/"},{"@type":"ListItem","position":2,"name":"VIT\u00d3RIA X VASCO: JOGO PELA COPA DO BRASIL TER\u00c1 OPERA\u00c7\u00c3O ESPECIAL DE TRANSPORTE"}]},{"@type":"WebSite","@id":"https:\/\/bahiaeconomica.com.br\/wp\/#website","url":"https:\/\/bahiaeconomica.com.br\/wp\/","name":"Bahia Economica","description":"O maior portal de Economia da Bahia","publisher":{"@id":"https:\/\/bahiaeconomica.com.br\/wp\/#organization"},"potentialAction":[{"@type":"SearchAction","target":{"@type":"EntryPoint","urlTemplate":"https:\/\/bahiaeconomica.com.br\/wp\/?s={search_term_string}"},"query-input":"required name=search_term_string"}],"inLanguage":"pt-BR"},{"@type":"Organization","@id":"https:\/\/bahiaeconomica.com.br\/wp\/#organization","name":"Bahia Econ\u00f4mica","url":"https:\/\/bahiaeconomica.com.br\/wp\/","logo":{"@type":"ImageObject","inLanguage":"pt-BR","@id":"https:\/\/bahiaeconomica.com.br\/wp\/#\/schema\/logo\/image\/","url":"https:\/\/bahiaeconomica.com.br\/wp\/wp-content\/uploads\/2020\/12\/cropped-BE.png","contentUrl":"https:\/\/bahiaeconomica.com.br\/wp\/wp-content\/uploads\/2020\/12\/cropped-BE.png","width":512,"height":512,"caption":"Bahia Econ\u00f4mica"},"image":{"@id":"https:\/\/bahiaeconomica.com.br\/wp\/#\/schema\/logo\/image\/"},"sameAs":["https:\/\/www.facebook.com\/bahiaeconomica"]},{"@type":"Person","@id":"https:\/\/bahiaeconomica.com.br\/wp\/#\/schema\/person\/b719ce0fb1c09f3c7a00d9243ced4a6f","name":"VICTORIA ISABEL","sameAs":["http:\/\/www.bahiaeconomica.com.br"],"url":"https:\/\/bahiaeconomica.com.br\/wp\/author\/victoria-isabel\/"}]}},"views":43,"_links":{"self":[{"href":"https:\/\/bahiaeconomica.com.br\/wp\/wp-json\/wp\/v2\/posts\/1021888"}],"collection":[{"href":"https:\/\/bahiaeconomica.com.br\/wp\/wp-json\/wp\/v2\/posts"}],"about":[{"href":"https:\/\/bahiaeconomica.com.br\/wp\/wp-json\/wp\/v2\/types\/post"}],"author":[{"embeddable":true,"href":"https:\/\/bahiaeconomica.com.br\/wp\/wp-json\/wp\/v2\/users\/15"}],"replies":[{"embeddable":true,"href":"https:\/\/bahiaeconomica.com.br\/wp\/wp-json\/wp\/v2\/comments?post=1021888"}],"version-history":[{"count":1,"href":"https:\/\/bahiaeconomica.com.br\/wp\/wp-json\/wp\/v2\/posts\/1021888\/revisions"}],"predecessor-version":[{"id":1021899,"href":"https:\/\/bahiaeconomica.com.br\/wp\/wp-json\/wp\/v2\/posts\/1021888\/revisions\/1021899"}],"wp:featuredmedia":[{"embeddable":true,"href":"https:\/\/bahiaeconomica.com.br\/wp\/wp-json\/wp\/v2\/media\/1021890"}],"wp:attachment":[{"href":"https:\/\/bahiaeconomica.com.br\/wp\/wp-json\/wp\/v2\/media?parent=1021888"}],"wp:term":[{"taxonomy":"category","embeddable":true,"href":"https:\/\/bahiaeconomica.com.br\/wp\/wp-json\/wp\/v2\/categories?post=1021888"},{"taxonomy":"post_tag","embeddable":true,"href":"https:\/\/bahiaeconomica.com.br\/wp\/wp-json\/wp\/v2\/tags?post=1021888"}],"curies":[{"name":"wp","href":"https:\/\/api.w.org\/{rel}","templated":true}]}}