{"id":1021827,"date":"2026-09-02T15:25:45","date_gmt":"2026-09-02T18:25:45","guid":{"rendered":"https:\/\/bahiaeconomica.com.br\/wp\/?p=1021827"},"modified":"2026-09-02T15:45:37","modified_gmt":"2026-09-02T18:45:37","slug":"desembargador-baiano-e-punido-pelo-cnj-apos-conceder-prisao-domiciliar-a-fundador-de-faccao","status":"publish","type":"post","link":"https:\/\/bahiaeconomica.com.br\/wp\/2026\/09\/02\/desembargador-baiano-e-punido-pelo-cnj-apos-conceder-prisao-domiciliar-a-fundador-de-faccao\/","title":{"rendered":"DESEMBARGADOR BAIANO \u00c9 PUNIDO AP\u00d3S CONCEDER PRIS\u00c3O DOMICILIAR A FUNDADOR DE FAC\u00c7\u00c3O"},"content":{"rendered":"<p>Ap\u00f3s conceder pris\u00e3o domiciliar a Ednaldo Freire Ferreira, conhecido como Dad\u00e1, apontado como um dos fundadores da fac\u00e7\u00e3o Bonde do Maluco (BDM), o desembargador Luiz Fernando Lima, do Tribunal de Justi\u00e7a da Bahia (TJBA), foi punido pelo Conselho Nacional de Justi\u00e7a (CNJ).<\/p>\n<p>Nesta ter\u00e7a-feira (1), o Plen\u00e1rio do CNJ puniu o magistrado, por unanimidade, com disponibilidade por dois anos e vencimentos proporcionais ao tempo de servi\u00e7o. Como o desembargador j\u00e1 est\u00e1 aposentado, a pena ficar\u00e1 registrada em seus assentamentos funcionais.<\/p>\n<p><strong>Habeas Corpus<\/strong><\/p>\n<p>A pol\u00eamica diz respeito a uma liminar concedida por Lima, que fez com que o faccionado substitu\u00edsse a pris\u00e3o preventiva pela pris\u00e3o domiciliar. O argumento da defesa era de que Dad\u00e1 precisava deixar a pris\u00e3o para cuidar do filho, diagnosticado com autismo severo.<\/p>\n<p><strong>Relatora<\/strong><\/p>\n<p>Na avalia\u00e7\u00e3o da conselheira Noemia Porto, relatora do Processo Administrativo Disciplinar (PAD), a quest\u00e3o n\u00e3o era determinar se a pris\u00e3o domiciliar poderia ou n\u00e3o ser concedida, mas verificar se os requisitos necess\u00e1rios para a medida haviam sido devidamente analisados antes da decis\u00e3o.<\/p>\n<p>Segundo a relatora, os documentos apresentados comprovavam o diagn\u00f3stico da crian\u00e7a e a necessidade de acompanhamento cont\u00ednuo. No entanto, n\u00e3o demonstravam que Dad\u00e1 era indispens\u00e1vel aos cuidados do filho ou que fosse o \u00fanico respons\u00e1vel por ele.<\/p>\n<p>A conselheira tamb\u00e9m considerou o contexto em que o habeas corpus foi apresentado. A pris\u00e3o preventiva havia sido determinada em outro processo, com fundamentos pr\u00f3prios, e o pedido chegou \u00e0 Justi\u00e7a 25 dias ap\u00f3s o cumprimento da pris\u00e3o, durante um plant\u00e3o judicial.<\/p>\n<p>Para Noemia Porto, era necess\u00e1ria uma an\u00e1lise concreta sobre a urg\u00eancia da solicita\u00e7\u00e3o e sobre as raz\u00f5es que haviam levado \u00e0 pris\u00e3o preventiva antes de sua substitui\u00e7\u00e3o. A relatora acredita que a s\u00e9rie de erros mostra a falta de prud\u00eancia e cautela por parte do magistrado.<\/p>\n<p><strong>Pena<\/strong><br \/>\nNa defini\u00e7\u00e3o da pena, foram considerados a longa carreira de Luiz Fernando Lima, a aus\u00eancia de antecedentes disciplinares e o fato de ele estar nos \u00faltimos anos de exerc\u00edcio da magistratura. Esses fatores afastaram a aplica\u00e7\u00e3o da penalidade m\u00e1xima.<\/p>\n<p>Como o desembargador j\u00e1 havia sido aposentado compulsoriamente em raz\u00e3o da idade, o CNJ reconheceu que a pena de disponibilidade n\u00e3o poderia ser executada materialmente. Ainda assim, a san\u00e7\u00e3o foi aplicada e ser\u00e1 registrada nos assentamentos funcionais do magistrado.<\/p>\n<p>* Informa\u00e7\u00f5es do Portal A Tarde.<\/p>\n<p>Foto: Reprodu\u00e7\u00e3o.<\/p>\n","protected":false},"excerpt":{"rendered":"<p>Ap\u00f3s conceder pris\u00e3o domiciliar a Ednaldo Freire Ferreira, conhecido como Dad\u00e1, apontado como um dos fundadores da fac\u00e7\u00e3o Bonde do Maluco (BDM), o desembargador Luiz Fernando Lima, do Tribunal de Justi\u00e7a da Bahia (TJBA), foi punido pelo Conselho Nacional de Justi\u00e7a (CNJ). Nesta ter\u00e7a-feira (1), o Plen\u00e1rio do CNJ puniu o magistrado, por unanimidade, com [&hellip;]<\/p>\n","protected":false},"author":21,"featured_media":1021828,"comment_status":"closed","ping_status":"closed","sticky":false,"template":"","format":"standard","meta":[],"categories":[3],"tags":[4250,4066,14358],"acf":[],"yoast_head":"<!-- This site is optimized with the Yoast SEO plugin v20.8 - https:\/\/yoast.com\/wordpress\/plugins\/seo\/ -->\n<title>DESEMBARGADOR BAIANO \u00c9 PUNIDO AP\u00d3S CONCEDER PRIS\u00c3O DOMICILIAR A FUNDADOR DE FAC\u00c7\u00c3O - Bahia Economica<\/title>\n<meta name=\"description\" content=\"O maior portal de Economia da Bahia ECONOMIA \/ POL\u00cdTICA Bahia Economica Ap\u00f3s conceder pris\u00e3o domiciliar a Ednaldo Freire Ferreira\" \/>\n<meta name=\"robots\" content=\"index, follow, max-snippet:-1, max-image-preview:large, max-video-preview:-1\" \/>\n<link rel=\"canonical\" href=\"https:\/\/bahiaeconomica.com.br\/wp\/2026\/09\/02\/desembargador-baiano-e-punido-pelo-cnj-apos-conceder-prisao-domiciliar-a-fundador-de-faccao\/\" \/>\n<meta property=\"og:locale\" content=\"pt_BR\" \/>\n<meta property=\"og:type\" content=\"article\" \/>\n<meta property=\"og:title\" content=\"DESEMBARGADOR BAIANO \u00c9 PUNIDO AP\u00d3S CONCEDER PRIS\u00c3O DOMICILIAR A FUNDADOR DE FAC\u00c7\u00c3O - Bahia Economica\" \/>\n<meta property=\"og:description\" content=\"O maior portal de Economia da Bahia ECONOMIA \/ POL\u00cdTICA Bahia Economica Ap\u00f3s conceder pris\u00e3o domiciliar a Ednaldo Freire Ferreira\" \/>\n<meta property=\"og:url\" content=\"https:\/\/bahiaeconomica.com.br\/wp\/2026\/09\/02\/desembargador-baiano-e-punido-pelo-cnj-apos-conceder-prisao-domiciliar-a-fundador-de-faccao\/\" \/>\n<meta property=\"og:site_name\" content=\"Bahia Economica\" \/>\n<meta property=\"article:publisher\" content=\"https:\/\/www.facebook.com\/bahiaeconomica\" \/>\n<meta property=\"article:published_time\" content=\"2026-09-02T18:25:45+00:00\" \/>\n<meta property=\"article:modified_time\" content=\"2026-09-02T18:45:37+00:00\" \/>\n<meta property=\"og:image\" content=\"https:\/\/bahiaeconomica.com.br\/wp\/wp-content\/uploads\/2026\/09\/cnj-pune-desembargador-da-bahia-por-conceder-prisa0140063800202609021421-ScaleDownProportional.webp\" \/>\n\t<meta property=\"og:image:width\" content=\"800\" \/>\n\t<meta property=\"og:image:height\" content=\"611\" \/>\n\t<meta property=\"og:image:type\" content=\"image\/webp\" \/>\n<meta name=\"author\" content=\"HUGO LEITE\" \/>\n<meta name=\"twitter:card\" content=\"summary_large_image\" \/>\n<meta name=\"twitter:label1\" content=\"Escrito por\" \/>\n\t<meta name=\"twitter:data1\" content=\"HUGO LEITE\" \/>\n\t<meta name=\"twitter:label2\" content=\"Est. tempo de leitura\" \/>\n\t<meta name=\"twitter:data2\" content=\"3 minutos\" \/>\n<script type=\"application\/ld+json\" class=\"yoast-schema-graph\">{\"@context\":\"https:\/\/schema.org\",\"@graph\":[{\"@type\":\"Article\",\"@id\":\"https:\/\/bahiaeconomica.com.br\/wp\/2026\/09\/02\/desembargador-baiano-e-punido-pelo-cnj-apos-conceder-prisao-domiciliar-a-fundador-de-faccao\/#article\",\"isPartOf\":{\"@id\":\"https:\/\/bahiaeconomica.com.br\/wp\/2026\/09\/02\/desembargador-baiano-e-punido-pelo-cnj-apos-conceder-prisao-domiciliar-a-fundador-de-faccao\/\"},\"author\":{\"name\":\"HUGO LEITE\",\"@id\":\"https:\/\/bahiaeconomica.com.br\/wp\/#\/schema\/person\/1704090528f3af7c918b3cb25d9d4016\"},\"headline\":\"DESEMBARGADOR BAIANO \u00c9 PUNIDO AP\u00d3S CONCEDER PRIS\u00c3O DOMICILIAR A FUNDADOR DE FAC\u00c7\u00c3O\",\"datePublished\":\"2026-09-02T18:25:45+00:00\",\"dateModified\":\"2026-09-02T18:45:37+00:00\",\"mainEntityOfPage\":{\"@id\":\"https:\/\/bahiaeconomica.com.br\/wp\/2026\/09\/02\/desembargador-baiano-e-punido-pelo-cnj-apos-conceder-prisao-domiciliar-a-fundador-de-faccao\/\"},\"wordCount\":441,\"publisher\":{\"@id\":\"https:\/\/bahiaeconomica.com.br\/wp\/#organization\"},\"keywords\":[\"CNJ\",\"desembargador\",\"FAC\u00c7\u00c3O\"],\"articleSection\":[\"ECONOMIA \/ POL\u00cdTICA\"],\"inLanguage\":\"pt-BR\"},{\"@type\":\"WebPage\",\"@id\":\"https:\/\/bahiaeconomica.com.br\/wp\/2026\/09\/02\/desembargador-baiano-e-punido-pelo-cnj-apos-conceder-prisao-domiciliar-a-fundador-de-faccao\/\",\"url\":\"https:\/\/bahiaeconomica.com.br\/wp\/2026\/09\/02\/desembargador-baiano-e-punido-pelo-cnj-apos-conceder-prisao-domiciliar-a-fundador-de-faccao\/\",\"name\":\"DESEMBARGADOR BAIANO \u00c9 PUNIDO AP\u00d3S CONCEDER PRIS\u00c3O DOMICILIAR A FUNDADOR DE FAC\u00c7\u00c3O - Bahia Economica\",\"isPartOf\":{\"@id\":\"https:\/\/bahiaeconomica.com.br\/wp\/#website\"},\"datePublished\":\"2026-09-02T18:25:45+00:00\",\"dateModified\":\"2026-09-02T18:45:37+00:00\",\"description\":\"O maior portal de Economia da Bahia ECONOMIA \/ POL\u00cdTICA Bahia Economica Ap\u00f3s conceder pris\u00e3o domiciliar a Ednaldo Freire Ferreira\",\"breadcrumb\":{\"@id\":\"https:\/\/bahiaeconomica.com.br\/wp\/2026\/09\/02\/desembargador-baiano-e-punido-pelo-cnj-apos-conceder-prisao-domiciliar-a-fundador-de-faccao\/#breadcrumb\"},\"inLanguage\":\"pt-BR\",\"potentialAction\":[{\"@type\":\"ReadAction\",\"target\":[\"https:\/\/bahiaeconomica.com.br\/wp\/2026\/09\/02\/desembargador-baiano-e-punido-pelo-cnj-apos-conceder-prisao-domiciliar-a-fundador-de-faccao\/\"]}]},{\"@type\":\"BreadcrumbList\",\"@id\":\"https:\/\/bahiaeconomica.com.br\/wp\/2026\/09\/02\/desembargador-baiano-e-punido-pelo-cnj-apos-conceder-prisao-domiciliar-a-fundador-de-faccao\/#breadcrumb\",\"itemListElement\":[{\"@type\":\"ListItem\",\"position\":1,\"name\":\"In\u00edcio\",\"item\":\"https:\/\/bahiaeconomica.com.br\/wp\/\"},{\"@type\":\"ListItem\",\"position\":2,\"name\":\"DESEMBARGADOR BAIANO \u00c9 PUNIDO AP\u00d3S CONCEDER PRIS\u00c3O DOMICILIAR A FUNDADOR DE FAC\u00c7\u00c3O\"}]},{\"@type\":\"WebSite\",\"@id\":\"https:\/\/bahiaeconomica.com.br\/wp\/#website\",\"url\":\"https:\/\/bahiaeconomica.com.br\/wp\/\",\"name\":\"Bahia Economica\",\"description\":\"O maior portal de Economia da Bahia\",\"publisher\":{\"@id\":\"https:\/\/bahiaeconomica.com.br\/wp\/#organization\"},\"potentialAction\":[{\"@type\":\"SearchAction\",\"target\":{\"@type\":\"EntryPoint\",\"urlTemplate\":\"https:\/\/bahiaeconomica.com.br\/wp\/?s={search_term_string}\"},\"query-input\":\"required name=search_term_string\"}],\"inLanguage\":\"pt-BR\"},{\"@type\":\"Organization\",\"@id\":\"https:\/\/bahiaeconomica.com.br\/wp\/#organization\",\"name\":\"Bahia Econ\u00f4mica\",\"url\":\"https:\/\/bahiaeconomica.com.br\/wp\/\",\"logo\":{\"@type\":\"ImageObject\",\"inLanguage\":\"pt-BR\",\"@id\":\"https:\/\/bahiaeconomica.com.br\/wp\/#\/schema\/logo\/image\/\",\"url\":\"https:\/\/bahiaeconomica.com.br\/wp\/wp-content\/uploads\/2020\/12\/cropped-BE.png\",\"contentUrl\":\"https:\/\/bahiaeconomica.com.br\/wp\/wp-content\/uploads\/2020\/12\/cropped-BE.png\",\"width\":512,\"height\":512,\"caption\":\"Bahia Econ\u00f4mica\"},\"image\":{\"@id\":\"https:\/\/bahiaeconomica.com.br\/wp\/#\/schema\/logo\/image\/\"},\"sameAs\":[\"https:\/\/www.facebook.com\/bahiaeconomica\"]},{\"@type\":\"Person\",\"@id\":\"https:\/\/bahiaeconomica.com.br\/wp\/#\/schema\/person\/1704090528f3af7c918b3cb25d9d4016\",\"name\":\"HUGO LEITE\",\"sameAs\":[\"http:\/\/www.bahiaeconomica.com.br\"],\"url\":\"https:\/\/bahiaeconomica.com.br\/wp\/author\/hugo-leite\/\"}]}<\/script>\n<!-- \/ Yoast SEO plugin. -->","yoast_head_json":{"title":"DESEMBARGADOR BAIANO \u00c9 PUNIDO AP\u00d3S CONCEDER PRIS\u00c3O DOMICILIAR A FUNDADOR DE FAC\u00c7\u00c3O - Bahia Economica","description":"O maior portal de Economia da Bahia ECONOMIA \/ POL\u00cdTICA Bahia Economica Ap\u00f3s conceder pris\u00e3o domiciliar a Ednaldo Freire Ferreira","robots":{"index":"index","follow":"follow","max-snippet":"max-snippet:-1","max-image-preview":"max-image-preview:large","max-video-preview":"max-video-preview:-1"},"canonical":"https:\/\/bahiaeconomica.com.br\/wp\/2026\/09\/02\/desembargador-baiano-e-punido-pelo-cnj-apos-conceder-prisao-domiciliar-a-fundador-de-faccao\/","og_locale":"pt_BR","og_type":"article","og_title":"DESEMBARGADOR BAIANO \u00c9 PUNIDO AP\u00d3S CONCEDER PRIS\u00c3O DOMICILIAR A FUNDADOR DE FAC\u00c7\u00c3O - Bahia Economica","og_description":"O maior portal de Economia da Bahia ECONOMIA \/ POL\u00cdTICA Bahia Economica Ap\u00f3s conceder pris\u00e3o domiciliar a Ednaldo Freire Ferreira","og_url":"https:\/\/bahiaeconomica.com.br\/wp\/2026\/09\/02\/desembargador-baiano-e-punido-pelo-cnj-apos-conceder-prisao-domiciliar-a-fundador-de-faccao\/","og_site_name":"Bahia Economica","article_publisher":"https:\/\/www.facebook.com\/bahiaeconomica","article_published_time":"2026-09-02T18:25:45+00:00","article_modified_time":"2026-09-02T18:45:37+00:00","og_image":[{"width":800,"height":611,"url":"https:\/\/bahiaeconomica.com.br\/wp\/wp-content\/uploads\/2026\/09\/cnj-pune-desembargador-da-bahia-por-conceder-prisa0140063800202609021421-ScaleDownProportional.webp","type":"image\/webp"}],"author":"HUGO LEITE","twitter_card":"summary_large_image","twitter_misc":{"Escrito por":"HUGO LEITE","Est. tempo de leitura":"3 minutos"},"schema":{"@context":"https:\/\/schema.org","@graph":[{"@type":"Article","@id":"https:\/\/bahiaeconomica.com.br\/wp\/2026\/09\/02\/desembargador-baiano-e-punido-pelo-cnj-apos-conceder-prisao-domiciliar-a-fundador-de-faccao\/#article","isPartOf":{"@id":"https:\/\/bahiaeconomica.com.br\/wp\/2026\/09\/02\/desembargador-baiano-e-punido-pelo-cnj-apos-conceder-prisao-domiciliar-a-fundador-de-faccao\/"},"author":{"name":"HUGO LEITE","@id":"https:\/\/bahiaeconomica.com.br\/wp\/#\/schema\/person\/1704090528f3af7c918b3cb25d9d4016"},"headline":"DESEMBARGADOR BAIANO \u00c9 PUNIDO AP\u00d3S CONCEDER PRIS\u00c3O DOMICILIAR A FUNDADOR DE FAC\u00c7\u00c3O","datePublished":"2026-09-02T18:25:45+00:00","dateModified":"2026-09-02T18:45:37+00:00","mainEntityOfPage":{"@id":"https:\/\/bahiaeconomica.com.br\/wp\/2026\/09\/02\/desembargador-baiano-e-punido-pelo-cnj-apos-conceder-prisao-domiciliar-a-fundador-de-faccao\/"},"wordCount":441,"publisher":{"@id":"https:\/\/bahiaeconomica.com.br\/wp\/#organization"},"keywords":["CNJ","desembargador","FAC\u00c7\u00c3O"],"articleSection":["ECONOMIA \/ POL\u00cdTICA"],"inLanguage":"pt-BR"},{"@type":"WebPage","@id":"https:\/\/bahiaeconomica.com.br\/wp\/2026\/09\/02\/desembargador-baiano-e-punido-pelo-cnj-apos-conceder-prisao-domiciliar-a-fundador-de-faccao\/","url":"https:\/\/bahiaeconomica.com.br\/wp\/2026\/09\/02\/desembargador-baiano-e-punido-pelo-cnj-apos-conceder-prisao-domiciliar-a-fundador-de-faccao\/","name":"DESEMBARGADOR BAIANO \u00c9 PUNIDO AP\u00d3S CONCEDER PRIS\u00c3O DOMICILIAR A FUNDADOR DE FAC\u00c7\u00c3O - Bahia Economica","isPartOf":{"@id":"https:\/\/bahiaeconomica.com.br\/wp\/#website"},"datePublished":"2026-09-02T18:25:45+00:00","dateModified":"2026-09-02T18:45:37+00:00","description":"O maior portal de Economia da Bahia ECONOMIA \/ POL\u00cdTICA Bahia Economica Ap\u00f3s conceder pris\u00e3o domiciliar a Ednaldo Freire Ferreira","breadcrumb":{"@id":"https:\/\/bahiaeconomica.com.br\/wp\/2026\/09\/02\/desembargador-baiano-e-punido-pelo-cnj-apos-conceder-prisao-domiciliar-a-fundador-de-faccao\/#breadcrumb"},"inLanguage":"pt-BR","potentialAction":[{"@type":"ReadAction","target":["https:\/\/bahiaeconomica.com.br\/wp\/2026\/09\/02\/desembargador-baiano-e-punido-pelo-cnj-apos-conceder-prisao-domiciliar-a-fundador-de-faccao\/"]}]},{"@type":"BreadcrumbList","@id":"https:\/\/bahiaeconomica.com.br\/wp\/2026\/09\/02\/desembargador-baiano-e-punido-pelo-cnj-apos-conceder-prisao-domiciliar-a-fundador-de-faccao\/#breadcrumb","itemListElement":[{"@type":"ListItem","position":1,"name":"In\u00edcio","item":"https:\/\/bahiaeconomica.com.br\/wp\/"},{"@type":"ListItem","position":2,"name":"DESEMBARGADOR BAIANO \u00c9 PUNIDO AP\u00d3S CONCEDER PRIS\u00c3O DOMICILIAR A FUNDADOR DE FAC\u00c7\u00c3O"}]},{"@type":"WebSite","@id":"https:\/\/bahiaeconomica.com.br\/wp\/#website","url":"https:\/\/bahiaeconomica.com.br\/wp\/","name":"Bahia Economica","description":"O maior portal de Economia da Bahia","publisher":{"@id":"https:\/\/bahiaeconomica.com.br\/wp\/#organization"},"potentialAction":[{"@type":"SearchAction","target":{"@type":"EntryPoint","urlTemplate":"https:\/\/bahiaeconomica.com.br\/wp\/?s={search_term_string}"},"query-input":"required name=search_term_string"}],"inLanguage":"pt-BR"},{"@type":"Organization","@id":"https:\/\/bahiaeconomica.com.br\/wp\/#organization","name":"Bahia Econ\u00f4mica","url":"https:\/\/bahiaeconomica.com.br\/wp\/","logo":{"@type":"ImageObject","inLanguage":"pt-BR","@id":"https:\/\/bahiaeconomica.com.br\/wp\/#\/schema\/logo\/image\/","url":"https:\/\/bahiaeconomica.com.br\/wp\/wp-content\/uploads\/2020\/12\/cropped-BE.png","contentUrl":"https:\/\/bahiaeconomica.com.br\/wp\/wp-content\/uploads\/2020\/12\/cropped-BE.png","width":512,"height":512,"caption":"Bahia Econ\u00f4mica"},"image":{"@id":"https:\/\/bahiaeconomica.com.br\/wp\/#\/schema\/logo\/image\/"},"sameAs":["https:\/\/www.facebook.com\/bahiaeconomica"]},{"@type":"Person","@id":"https:\/\/bahiaeconomica.com.br\/wp\/#\/schema\/person\/1704090528f3af7c918b3cb25d9d4016","name":"HUGO LEITE","sameAs":["http:\/\/www.bahiaeconomica.com.br"],"url":"https:\/\/bahiaeconomica.com.br\/wp\/author\/hugo-leite\/"}]}},"views":17,"_links":{"self":[{"href":"https:\/\/bahiaeconomica.com.br\/wp\/wp-json\/wp\/v2\/posts\/1021827"}],"collection":[{"href":"https:\/\/bahiaeconomica.com.br\/wp\/wp-json\/wp\/v2\/posts"}],"about":[{"href":"https:\/\/bahiaeconomica.com.br\/wp\/wp-json\/wp\/v2\/types\/post"}],"author":[{"embeddable":true,"href":"https:\/\/bahiaeconomica.com.br\/wp\/wp-json\/wp\/v2\/users\/21"}],"replies":[{"embeddable":true,"href":"https:\/\/bahiaeconomica.com.br\/wp\/wp-json\/wp\/v2\/comments?post=1021827"}],"version-history":[{"count":2,"href":"https:\/\/bahiaeconomica.com.br\/wp\/wp-json\/wp\/v2\/posts\/1021827\/revisions"}],"predecessor-version":[{"id":1021841,"href":"https:\/\/bahiaeconomica.com.br\/wp\/wp-json\/wp\/v2\/posts\/1021827\/revisions\/1021841"}],"wp:featuredmedia":[{"embeddable":true,"href":"https:\/\/bahiaeconomica.com.br\/wp\/wp-json\/wp\/v2\/media\/1021828"}],"wp:attachment":[{"href":"https:\/\/bahiaeconomica.com.br\/wp\/wp-json\/wp\/v2\/media?parent=1021827"}],"wp:term":[{"taxonomy":"category","embeddable":true,"href":"https:\/\/bahiaeconomica.com.br\/wp\/wp-json\/wp\/v2\/categories?post=1021827"},{"taxonomy":"post_tag","embeddable":true,"href":"https:\/\/bahiaeconomica.com.br\/wp\/wp-json\/wp\/v2\/tags?post=1021827"}],"curies":[{"name":"wp","href":"https:\/\/api.w.org\/{rel}","templated":true}]}}