{"id":1021754,"date":"2026-09-02T13:20:20","date_gmt":"2026-09-02T16:20:20","guid":{"rendered":"https:\/\/bahiaeconomica.com.br\/wp\/?p=1021754"},"modified":"2026-09-02T13:05:28","modified_gmt":"2026-09-02T16:05:28","slug":"lencois-recebe-festival-com-shows-gratuitos-cultura-popular-e-feira-artesanato-da-bahia","status":"publish","type":"post","link":"https:\/\/bahiaeconomica.com.br\/wp\/2026\/09\/02\/lencois-recebe-festival-com-shows-gratuitos-cultura-popular-e-feira-artesanato-da-bahia\/","title":{"rendered":"LEN\u00c7\u00d3IS RECEBE FESTIVAL COM SHOWS GRATUITOS, CULTURA POPULAR E FEIRA ARTESANATO DA BAHIA"},"content":{"rendered":"<p>A cidade de Len\u00e7\u00f3is, portal da Chapada Diamantina (BA), se prepara para receber, entre os dias 4 e 6 de setembro, a 27\u00aa edi\u00e7\u00e3o do Festival de Len\u00e7\u00f3is, um dos mais importantes eventos culturais do interior da Bahia, com entrada gratuita e aberta a todo o p\u00fablico. Em 2026, o festival amplia sua programa\u00e7\u00e3o e consolida Len\u00e7\u00f3is como destino de refer\u00eancia em turismo cultural e ecol\u00f3gico no pa\u00eds.<\/p>\n<p>Mais uma vez, a Feira Artesanato da Bahia far\u00e1 parte da programa\u00e7\u00e3o oficial do evento, que acontece no Mercado Cultural, funcionando diariamente das 14h \u00e0s 22h, com entrada gratuita e p\u00fablico estimado em 500 visitantes por dia. Com 20 expositores previamente selecionados por comiss\u00e3o curatorial, a feira apresenta o melhor da produ\u00e7\u00e3o artesanal baiana, representando as Rotas do Artesanato Sempre Vivas, Ouro e Zabumb\u00e3o.<\/p>\n<p>O p\u00fablico poder\u00e1 conhecer e adquirir pe\u00e7as de diversas t\u00e9cnicas incluindo cer\u00e2micas, bordados, composi\u00e7\u00f5es de imagens em areia, esculturas em madeira e metal, tran\u00e7ados de comunidades quilombolas da regi\u00e3o e montagens com pedras semipreciosas.<\/p>\n<p>Atra\u00e7\u00f5es de express\u00e3o nacional j\u00e1 confirmadas animam a Pra\u00e7a Hor\u00e1cio de Matos durante os tr\u00eas dias de evento. Entre os nomes anunciados est\u00e3o Michel Tel\u00f3, Rachel Reis, Larissa Luz, Cidade Negra, al\u00e9m de artistas que celebram a diversidade cultural baiana e brasileira, como Estela Ceregatti, Catalina Telerman, Purahei Soul, Craca e Sandra X, Faizal Mostrixx, F\u00e9lix Robatto, Cia Base Vertical e Homem Gaiola.<\/p>\n<p>Nesta edi\u00e7\u00e3o, o festival amplia seu recorte e abre espa\u00e7o para manifesta\u00e7\u00f5es populares, debates ambientais e a\u00e7\u00f5es de sustentabilidade, refor\u00e7ando o compromisso da cidade com a preserva\u00e7\u00e3o do patrim\u00f4nio natural e cultural da Chapada Diamantina. O evento re\u00fane, em um mesmo espa\u00e7o, m\u00fasica, cultura popular, ecoturismo e atividades esportivas, oferecendo uma experi\u00eancia completa para moradores e visitantes.<\/p>\n<p>SERVI\u00c7O<\/p>\n<p>O que: 27\u00aa edi\u00e7\u00e3o do Festival de Len\u00e7\u00f3is com Feira Artesanato da Bahia<\/p>\n<p>Quando: 4 a 6 de setembro de 2026<\/p>\n<p>Onde: Pra\u00e7a Hor\u00e1cio de Matos (shows) e Mercado Cultural \u2014 Rua Jos\u00e9 Flor\u00eancio, 37-107, Centro (feira de artesanato)<\/p>\n<p>Hor\u00e1rio da Feira: Das 14h \u00e0s 22h<\/p>\n<p>Entrada: Gratuita<\/p>\n<p>Cr\u00e9dito: IBDE<\/p>\n","protected":false},"excerpt":{"rendered":"<p>A cidade de Len\u00e7\u00f3is, portal da Chapada Diamantina (BA), se prepara para receber, entre os dias 4 e 6 de setembro, a 27\u00aa edi\u00e7\u00e3o do Festival de Len\u00e7\u00f3is, um dos mais importantes eventos culturais do interior da Bahia, com entrada gratuita e aberta a todo o p\u00fablico. Em 2026, o festival amplia sua programa\u00e7\u00e3o e [&hellip;]<\/p>\n","protected":false},"author":8,"featured_media":1021755,"comment_status":"closed","ping_status":"closed","sticky":false,"template":"","format":"standard","meta":[],"categories":[5],"tags":[85,52,2899],"acf":[],"yoast_head":"<!-- This site is optimized with the Yoast SEO plugin v20.8 - https:\/\/yoast.com\/wordpress\/plugins\/seo\/ -->\n<title>LEN\u00c7\u00d3IS RECEBE FESTIVAL COM SHOWS GRATUITOS, CULTURA POPULAR E FEIRA ARTESANATO DA BAHIA - Bahia Economica<\/title>\n<meta name=\"description\" content=\"O maior portal de Economia da Bahia MUNIC\u00cdPIOS Bahia Economica A cidade de Len\u00e7\u00f3is, portal da Chapada Diamantina (BA),\" \/>\n<meta name=\"robots\" content=\"index, follow, max-snippet:-1, max-image-preview:large, max-video-preview:-1\" \/>\n<link rel=\"canonical\" href=\"https:\/\/bahiaeconomica.com.br\/wp\/2026\/09\/02\/lencois-recebe-festival-com-shows-gratuitos-cultura-popular-e-feira-artesanato-da-bahia\/\" \/>\n<meta property=\"og:locale\" content=\"pt_BR\" \/>\n<meta property=\"og:type\" content=\"article\" \/>\n<meta property=\"og:title\" content=\"LEN\u00c7\u00d3IS RECEBE FESTIVAL COM SHOWS GRATUITOS, CULTURA POPULAR E FEIRA ARTESANATO DA BAHIA - Bahia Economica\" \/>\n<meta property=\"og:description\" content=\"O maior portal de Economia da Bahia MUNIC\u00cdPIOS Bahia Economica A cidade de Len\u00e7\u00f3is, portal da Chapada Diamantina (BA),\" \/>\n<meta property=\"og:url\" content=\"https:\/\/bahiaeconomica.com.br\/wp\/2026\/09\/02\/lencois-recebe-festival-com-shows-gratuitos-cultura-popular-e-feira-artesanato-da-bahia\/\" \/>\n<meta property=\"og:site_name\" content=\"Bahia Economica\" \/>\n<meta property=\"article:publisher\" content=\"https:\/\/www.facebook.com\/bahiaeconomica\" \/>\n<meta property=\"article:published_time\" content=\"2026-09-02T16:20:20+00:00\" \/>\n<meta property=\"article:modified_time\" content=\"2026-09-02T16:05:28+00:00\" \/>\n<meta property=\"og:image\" content=\"https:\/\/bahiaeconomica.com.br\/wp\/wp-content\/uploads\/2026\/09\/WhatsApp-Image-2026-09-02-at-12.48.27.jpeg\" \/>\n\t<meta property=\"og:image:width\" content=\"1536\" \/>\n\t<meta property=\"og:image:height\" content=\"1024\" \/>\n\t<meta property=\"og:image:type\" content=\"image\/jpeg\" \/>\n<meta name=\"author\" content=\"JP\" \/>\n<meta name=\"twitter:card\" content=\"summary_large_image\" \/>\n<meta name=\"twitter:label1\" content=\"Escrito por\" \/>\n\t<meta name=\"twitter:data1\" content=\"JP\" \/>\n\t<meta name=\"twitter:label2\" content=\"Est. tempo de leitura\" \/>\n\t<meta name=\"twitter:data2\" content=\"2 minutos\" \/>\n<script type=\"application\/ld+json\" class=\"yoast-schema-graph\">{\"@context\":\"https:\/\/schema.org\",\"@graph\":[{\"@type\":\"Article\",\"@id\":\"https:\/\/bahiaeconomica.com.br\/wp\/2026\/09\/02\/lencois-recebe-festival-com-shows-gratuitos-cultura-popular-e-feira-artesanato-da-bahia\/#article\",\"isPartOf\":{\"@id\":\"https:\/\/bahiaeconomica.com.br\/wp\/2026\/09\/02\/lencois-recebe-festival-com-shows-gratuitos-cultura-popular-e-feira-artesanato-da-bahia\/\"},\"author\":{\"name\":\"JP\",\"@id\":\"https:\/\/bahiaeconomica.com.br\/wp\/#\/schema\/person\/c86d3a3f8960425a0f9d0e5245991f4e\"},\"headline\":\"LEN\u00c7\u00d3IS RECEBE FESTIVAL COM SHOWS GRATUITOS, CULTURA POPULAR E FEIRA ARTESANATO DA BAHIA\",\"datePublished\":\"2026-09-02T16:20:20+00:00\",\"dateModified\":\"2026-09-02T16:05:28+00:00\",\"mainEntityOfPage\":{\"@id\":\"https:\/\/bahiaeconomica.com.br\/wp\/2026\/09\/02\/lencois-recebe-festival-com-shows-gratuitos-cultura-popular-e-feira-artesanato-da-bahia\/\"},\"wordCount\":388,\"publisher\":{\"@id\":\"https:\/\/bahiaeconomica.com.br\/wp\/#organization\"},\"keywords\":[\"Bahia\",\"Brasil\",\"len\u00e7ois\"],\"articleSection\":[\"MUNIC\u00cdPIOS\"],\"inLanguage\":\"pt-BR\"},{\"@type\":\"WebPage\",\"@id\":\"https:\/\/bahiaeconomica.com.br\/wp\/2026\/09\/02\/lencois-recebe-festival-com-shows-gratuitos-cultura-popular-e-feira-artesanato-da-bahia\/\",\"url\":\"https:\/\/bahiaeconomica.com.br\/wp\/2026\/09\/02\/lencois-recebe-festival-com-shows-gratuitos-cultura-popular-e-feira-artesanato-da-bahia\/\",\"name\":\"LEN\u00c7\u00d3IS RECEBE FESTIVAL COM SHOWS GRATUITOS, CULTURA POPULAR E FEIRA ARTESANATO DA BAHIA - Bahia Economica\",\"isPartOf\":{\"@id\":\"https:\/\/bahiaeconomica.com.br\/wp\/#website\"},\"datePublished\":\"2026-09-02T16:20:20+00:00\",\"dateModified\":\"2026-09-02T16:05:28+00:00\",\"description\":\"O maior portal de Economia da Bahia MUNIC\u00cdPIOS Bahia Economica A cidade de Len\u00e7\u00f3is, portal da Chapada Diamantina (BA),\",\"breadcrumb\":{\"@id\":\"https:\/\/bahiaeconomica.com.br\/wp\/2026\/09\/02\/lencois-recebe-festival-com-shows-gratuitos-cultura-popular-e-feira-artesanato-da-bahia\/#breadcrumb\"},\"inLanguage\":\"pt-BR\",\"potentialAction\":[{\"@type\":\"ReadAction\",\"target\":[\"https:\/\/bahiaeconomica.com.br\/wp\/2026\/09\/02\/lencois-recebe-festival-com-shows-gratuitos-cultura-popular-e-feira-artesanato-da-bahia\/\"]}]},{\"@type\":\"BreadcrumbList\",\"@id\":\"https:\/\/bahiaeconomica.com.br\/wp\/2026\/09\/02\/lencois-recebe-festival-com-shows-gratuitos-cultura-popular-e-feira-artesanato-da-bahia\/#breadcrumb\",\"itemListElement\":[{\"@type\":\"ListItem\",\"position\":1,\"name\":\"In\u00edcio\",\"item\":\"https:\/\/bahiaeconomica.com.br\/wp\/\"},{\"@type\":\"ListItem\",\"position\":2,\"name\":\"LEN\u00c7\u00d3IS RECEBE FESTIVAL COM SHOWS GRATUITOS, CULTURA POPULAR E FEIRA ARTESANATO DA BAHIA\"}]},{\"@type\":\"WebSite\",\"@id\":\"https:\/\/bahiaeconomica.com.br\/wp\/#website\",\"url\":\"https:\/\/bahiaeconomica.com.br\/wp\/\",\"name\":\"Bahia Economica\",\"description\":\"O maior portal de Economia da Bahia\",\"publisher\":{\"@id\":\"https:\/\/bahiaeconomica.com.br\/wp\/#organization\"},\"potentialAction\":[{\"@type\":\"SearchAction\",\"target\":{\"@type\":\"EntryPoint\",\"urlTemplate\":\"https:\/\/bahiaeconomica.com.br\/wp\/?s={search_term_string}\"},\"query-input\":\"required name=search_term_string\"}],\"inLanguage\":\"pt-BR\"},{\"@type\":\"Organization\",\"@id\":\"https:\/\/bahiaeconomica.com.br\/wp\/#organization\",\"name\":\"Bahia Econ\u00f4mica\",\"url\":\"https:\/\/bahiaeconomica.com.br\/wp\/\",\"logo\":{\"@type\":\"ImageObject\",\"inLanguage\":\"pt-BR\",\"@id\":\"https:\/\/bahiaeconomica.com.br\/wp\/#\/schema\/logo\/image\/\",\"url\":\"https:\/\/bahiaeconomica.com.br\/wp\/wp-content\/uploads\/2020\/12\/cropped-BE.png\",\"contentUrl\":\"https:\/\/bahiaeconomica.com.br\/wp\/wp-content\/uploads\/2020\/12\/cropped-BE.png\",\"width\":512,\"height\":512,\"caption\":\"Bahia Econ\u00f4mica\"},\"image\":{\"@id\":\"https:\/\/bahiaeconomica.com.br\/wp\/#\/schema\/logo\/image\/\"},\"sameAs\":[\"https:\/\/www.facebook.com\/bahiaeconomica\"]},{\"@type\":\"Person\",\"@id\":\"https:\/\/bahiaeconomica.com.br\/wp\/#\/schema\/person\/c86d3a3f8960425a0f9d0e5245991f4e\",\"name\":\"JP\",\"sameAs\":[\"https:\/\/bahiaeconomica.com.br\/wp\/beta\/\"],\"url\":\"https:\/\/bahiaeconomica.com.br\/wp\/author\/jp\/\"}]}<\/script>\n<!-- \/ Yoast SEO plugin. -->","yoast_head_json":{"title":"LEN\u00c7\u00d3IS RECEBE FESTIVAL COM SHOWS GRATUITOS, CULTURA POPULAR E FEIRA ARTESANATO DA BAHIA - Bahia Economica","description":"O maior portal de Economia da Bahia MUNIC\u00cdPIOS Bahia Economica A cidade de Len\u00e7\u00f3is, portal da Chapada Diamantina (BA),","robots":{"index":"index","follow":"follow","max-snippet":"max-snippet:-1","max-image-preview":"max-image-preview:large","max-video-preview":"max-video-preview:-1"},"canonical":"https:\/\/bahiaeconomica.com.br\/wp\/2026\/09\/02\/lencois-recebe-festival-com-shows-gratuitos-cultura-popular-e-feira-artesanato-da-bahia\/","og_locale":"pt_BR","og_type":"article","og_title":"LEN\u00c7\u00d3IS RECEBE FESTIVAL COM SHOWS GRATUITOS, CULTURA POPULAR E FEIRA ARTESANATO DA BAHIA - Bahia Economica","og_description":"O maior portal de Economia da Bahia MUNIC\u00cdPIOS Bahia Economica A cidade de Len\u00e7\u00f3is, portal da Chapada Diamantina (BA),","og_url":"https:\/\/bahiaeconomica.com.br\/wp\/2026\/09\/02\/lencois-recebe-festival-com-shows-gratuitos-cultura-popular-e-feira-artesanato-da-bahia\/","og_site_name":"Bahia Economica","article_publisher":"https:\/\/www.facebook.com\/bahiaeconomica","article_published_time":"2026-09-02T16:20:20+00:00","article_modified_time":"2026-09-02T16:05:28+00:00","og_image":[{"width":1536,"height":1024,"url":"https:\/\/bahiaeconomica.com.br\/wp\/wp-content\/uploads\/2026\/09\/WhatsApp-Image-2026-09-02-at-12.48.27.jpeg","type":"image\/jpeg"}],"author":"JP","twitter_card":"summary_large_image","twitter_misc":{"Escrito por":"JP","Est. tempo de leitura":"2 minutos"},"schema":{"@context":"https:\/\/schema.org","@graph":[{"@type":"Article","@id":"https:\/\/bahiaeconomica.com.br\/wp\/2026\/09\/02\/lencois-recebe-festival-com-shows-gratuitos-cultura-popular-e-feira-artesanato-da-bahia\/#article","isPartOf":{"@id":"https:\/\/bahiaeconomica.com.br\/wp\/2026\/09\/02\/lencois-recebe-festival-com-shows-gratuitos-cultura-popular-e-feira-artesanato-da-bahia\/"},"author":{"name":"JP","@id":"https:\/\/bahiaeconomica.com.br\/wp\/#\/schema\/person\/c86d3a3f8960425a0f9d0e5245991f4e"},"headline":"LEN\u00c7\u00d3IS RECEBE FESTIVAL COM SHOWS GRATUITOS, CULTURA POPULAR E FEIRA ARTESANATO DA BAHIA","datePublished":"2026-09-02T16:20:20+00:00","dateModified":"2026-09-02T16:05:28+00:00","mainEntityOfPage":{"@id":"https:\/\/bahiaeconomica.com.br\/wp\/2026\/09\/02\/lencois-recebe-festival-com-shows-gratuitos-cultura-popular-e-feira-artesanato-da-bahia\/"},"wordCount":388,"publisher":{"@id":"https:\/\/bahiaeconomica.com.br\/wp\/#organization"},"keywords":["Bahia","Brasil","len\u00e7ois"],"articleSection":["MUNIC\u00cdPIOS"],"inLanguage":"pt-BR"},{"@type":"WebPage","@id":"https:\/\/bahiaeconomica.com.br\/wp\/2026\/09\/02\/lencois-recebe-festival-com-shows-gratuitos-cultura-popular-e-feira-artesanato-da-bahia\/","url":"https:\/\/bahiaeconomica.com.br\/wp\/2026\/09\/02\/lencois-recebe-festival-com-shows-gratuitos-cultura-popular-e-feira-artesanato-da-bahia\/","name":"LEN\u00c7\u00d3IS RECEBE FESTIVAL COM SHOWS GRATUITOS, CULTURA POPULAR E FEIRA ARTESANATO DA BAHIA - Bahia Economica","isPartOf":{"@id":"https:\/\/bahiaeconomica.com.br\/wp\/#website"},"datePublished":"2026-09-02T16:20:20+00:00","dateModified":"2026-09-02T16:05:28+00:00","description":"O maior portal de Economia da Bahia MUNIC\u00cdPIOS Bahia Economica A cidade de Len\u00e7\u00f3is, portal da Chapada Diamantina (BA),","breadcrumb":{"@id":"https:\/\/bahiaeconomica.com.br\/wp\/2026\/09\/02\/lencois-recebe-festival-com-shows-gratuitos-cultura-popular-e-feira-artesanato-da-bahia\/#breadcrumb"},"inLanguage":"pt-BR","potentialAction":[{"@type":"ReadAction","target":["https:\/\/bahiaeconomica.com.br\/wp\/2026\/09\/02\/lencois-recebe-festival-com-shows-gratuitos-cultura-popular-e-feira-artesanato-da-bahia\/"]}]},{"@type":"BreadcrumbList","@id":"https:\/\/bahiaeconomica.com.br\/wp\/2026\/09\/02\/lencois-recebe-festival-com-shows-gratuitos-cultura-popular-e-feira-artesanato-da-bahia\/#breadcrumb","itemListElement":[{"@type":"ListItem","position":1,"name":"In\u00edcio","item":"https:\/\/bahiaeconomica.com.br\/wp\/"},{"@type":"ListItem","position":2,"name":"LEN\u00c7\u00d3IS RECEBE FESTIVAL COM SHOWS GRATUITOS, CULTURA POPULAR E FEIRA ARTESANATO DA BAHIA"}]},{"@type":"WebSite","@id":"https:\/\/bahiaeconomica.com.br\/wp\/#website","url":"https:\/\/bahiaeconomica.com.br\/wp\/","name":"Bahia Economica","description":"O maior portal de Economia da Bahia","publisher":{"@id":"https:\/\/bahiaeconomica.com.br\/wp\/#organization"},"potentialAction":[{"@type":"SearchAction","target":{"@type":"EntryPoint","urlTemplate":"https:\/\/bahiaeconomica.com.br\/wp\/?s={search_term_string}"},"query-input":"required name=search_term_string"}],"inLanguage":"pt-BR"},{"@type":"Organization","@id":"https:\/\/bahiaeconomica.com.br\/wp\/#organization","name":"Bahia Econ\u00f4mica","url":"https:\/\/bahiaeconomica.com.br\/wp\/","logo":{"@type":"ImageObject","inLanguage":"pt-BR","@id":"https:\/\/bahiaeconomica.com.br\/wp\/#\/schema\/logo\/image\/","url":"https:\/\/bahiaeconomica.com.br\/wp\/wp-content\/uploads\/2020\/12\/cropped-BE.png","contentUrl":"https:\/\/bahiaeconomica.com.br\/wp\/wp-content\/uploads\/2020\/12\/cropped-BE.png","width":512,"height":512,"caption":"Bahia Econ\u00f4mica"},"image":{"@id":"https:\/\/bahiaeconomica.com.br\/wp\/#\/schema\/logo\/image\/"},"sameAs":["https:\/\/www.facebook.com\/bahiaeconomica"]},{"@type":"Person","@id":"https:\/\/bahiaeconomica.com.br\/wp\/#\/schema\/person\/c86d3a3f8960425a0f9d0e5245991f4e","name":"JP","sameAs":["https:\/\/bahiaeconomica.com.br\/wp\/beta\/"],"url":"https:\/\/bahiaeconomica.com.br\/wp\/author\/jp\/"}]}},"views":4,"_links":{"self":[{"href":"https:\/\/bahiaeconomica.com.br\/wp\/wp-json\/wp\/v2\/posts\/1021754"}],"collection":[{"href":"https:\/\/bahiaeconomica.com.br\/wp\/wp-json\/wp\/v2\/posts"}],"about":[{"href":"https:\/\/bahiaeconomica.com.br\/wp\/wp-json\/wp\/v2\/types\/post"}],"author":[{"embeddable":true,"href":"https:\/\/bahiaeconomica.com.br\/wp\/wp-json\/wp\/v2\/users\/8"}],"replies":[{"embeddable":true,"href":"https:\/\/bahiaeconomica.com.br\/wp\/wp-json\/wp\/v2\/comments?post=1021754"}],"version-history":[{"count":1,"href":"https:\/\/bahiaeconomica.com.br\/wp\/wp-json\/wp\/v2\/posts\/1021754\/revisions"}],"predecessor-version":[{"id":1021756,"href":"https:\/\/bahiaeconomica.com.br\/wp\/wp-json\/wp\/v2\/posts\/1021754\/revisions\/1021756"}],"wp:featuredmedia":[{"embeddable":true,"href":"https:\/\/bahiaeconomica.com.br\/wp\/wp-json\/wp\/v2\/media\/1021755"}],"wp:attachment":[{"href":"https:\/\/bahiaeconomica.com.br\/wp\/wp-json\/wp\/v2\/media?parent=1021754"}],"wp:term":[{"taxonomy":"category","embeddable":true,"href":"https:\/\/bahiaeconomica.com.br\/wp\/wp-json\/wp\/v2\/categories?post=1021754"},{"taxonomy":"post_tag","embeddable":true,"href":"https:\/\/bahiaeconomica.com.br\/wp\/wp-json\/wp\/v2\/tags?post=1021754"}],"curies":[{"name":"wp","href":"https:\/\/api.w.org\/{rel}","templated":true}]}}