{"id":1021703,"date":"2026-09-02T10:38:25","date_gmt":"2026-09-02T13:38:25","guid":{"rendered":"https:\/\/bahiaeconomica.com.br\/wp\/?p=1021703"},"modified":"2026-09-02T10:38:25","modified_gmt":"2026-09-02T13:38:25","slug":"joao-roma-reforca-propostas-de-zerar-ipva-de-motos-de-ate-170-cilindradas","status":"publish","type":"post","link":"https:\/\/bahiaeconomica.com.br\/wp\/2026\/09\/02\/joao-roma-reforca-propostas-de-zerar-ipva-de-motos-de-ate-170-cilindradas\/","title":{"rendered":"JO\u00c3O ROMA REFOR\u00c7A PROPOSTAS DE ZERAR IPVA DE MOTOS DE AT\u00c9 170 CILINDRADAS"},"content":{"rendered":"<p>Candidato ao Senado pela Bahia, Jo\u00e3o Roma (PL) defendeu a isen\u00e7\u00e3o do IPVA para motocicletas de at\u00e9 170 cilindradas e a cria\u00e7\u00e3o de uma tarifa social que garanta transporte gratuito para pessoas de baixa renda inscritas no Cadastro \u00danico (Cad\u00danico). As propostas foram apresentadas nesta quarta-feira (2), durante entrevista \u00e0 R\u00e1dio Jaragu\u00e1 FM, em Jacobina.<\/p>\n<p>Segundo Roma, as duas medidas fazem parte de uma agenda voltada para reduzir despesas que pesam diretamente no or\u00e7amento das fam\u00edlias e ampliar as condi\u00e7\u00f5es para que os baianos possam trabalhar e buscar novas oportunidades.<\/p>\n<p>\u201cHoje, raramente a pessoa tem uma motocicleta apenas para passeio. Geralmente, a motocicleta \u00e9 usada para ajudar no trabalho, fazer uma entrega, prestar um servi\u00e7o. Nesse caso, o IPVA deixa de pesar apenas sobre o patrim\u00f4nio e acaba pesando sobre a renda do trabalhador. Por isso, proponho tirar esse pagamento das motocicletas\u201d, afirmou.<\/p>\n<p>Roma tamb\u00e9m defendeu a implanta\u00e7\u00e3o de uma tarifa social no transporte p\u00fablico, com gratuidade para pessoas em situa\u00e7\u00e3o de pobreza. A identifica\u00e7\u00e3o dos benefici\u00e1rios, segundo ele, poderia ser feita por meio do Cad\u00danico, instrumento que j\u00e1 re\u00fane informa\u00e7\u00f5es sobre as fam\u00edlias de baixa renda e \u00e9 utilizado para acesso a programas sociais.<\/p>\n<p>Ex-ministro da Cidadania, Roma relacionou as propostas \u00e0 experi\u00eancia que teve \u00e0 frente das pol\u00edticas sociais do governo federal. Durante a entrevista, ele defendeu que os recursos p\u00fablicos cheguem diretamente a quem mais precisa e destacou o impacto que programas de transfer\u00eancia de renda tiveram n\u00e3o apenas para as fam\u00edlias beneficiadas, mas tamb\u00e9m para a economia dos munic\u00edpios.<\/p>\n<p>\u201cA prioridade tem que ser o dinheiro na m\u00e3o do cidad\u00e3o, porque o cidad\u00e3o sabe fazer uma escolha muito melhor de acordo com as suas necessidades\u201d, declarou Roma. O candidato lembrou que a circula\u00e7\u00e3o dos recursos dos programas sociais contribuiu para movimentar supermercados, mercearias, feiras e outros estabelecimentos, especialmente nas cidades do interior.<\/p>\n<p>Para Roma, aliviar despesas de quem utiliza a motocicleta como instrumento de trabalho e garantir mobilidade para a popula\u00e7\u00e3o mais vulner\u00e1vel s\u00e3o medidas que podem ampliar a autonomia das fam\u00edlias. \u201cS\u00e3o medidas que podem ajudar as pessoas a melhorarem de vida aqui no estado da Bahia\u201d, afirmou.<\/p>\n<p>Durante a entrevista, o candidato ao Senado tamb\u00e9m defendeu a redu\u00e7\u00e3o da carga tribut\u00e1ria como instrumento para estimular a gera\u00e7\u00e3o de emprego e renda. Na avalia\u00e7\u00e3o de Roma, impostos elevados dificultam a chegada de novos empreendimentos \u00e0 Bahia e reduzem as oportunidades para que os baianos encontrem trabalho no pr\u00f3prio estado.<\/p>\n","protected":false},"excerpt":{"rendered":"<p>Candidato ao Senado pela Bahia, Jo\u00e3o Roma (PL) defendeu a isen\u00e7\u00e3o do IPVA para motocicletas de at\u00e9 170 cilindradas e a cria\u00e7\u00e3o de uma tarifa social que garanta transporte gratuito para pessoas de baixa renda inscritas no Cadastro \u00danico (Cad\u00danico). As propostas foram apresentadas nesta quarta-feira (2), durante entrevista \u00e0 R\u00e1dio Jaragu\u00e1 FM, em Jacobina. [&hellip;]<\/p>\n","protected":false},"author":8,"featured_media":1021704,"comment_status":"closed","ping_status":"closed","sticky":false,"template":"","format":"standard","meta":[],"categories":[14601],"tags":[45609,940],"acf":[],"yoast_head":"<!-- This site is optimized with the Yoast SEO plugin v20.8 - https:\/\/yoast.com\/wordpress\/plugins\/seo\/ -->\n<title>JO\u00c3O ROMA REFOR\u00c7A PROPOSTAS DE ZERAR IPVA DE MOTOS DE AT\u00c9 170 CILINDRADAS - Bahia Economica<\/title>\n<meta name=\"description\" content=\"O maior portal de Economia da Bahia Pol\u00edtica Bahia Economica Candidato ao Senado pela Bahia, Jo\u00e3o Roma (PL) defendeu a\" \/>\n<meta name=\"robots\" content=\"index, follow, max-snippet:-1, max-image-preview:large, max-video-preview:-1\" \/>\n<link rel=\"canonical\" href=\"https:\/\/bahiaeconomica.com.br\/wp\/2026\/09\/02\/joao-roma-reforca-propostas-de-zerar-ipva-de-motos-de-ate-170-cilindradas\/\" \/>\n<meta property=\"og:locale\" content=\"pt_BR\" \/>\n<meta property=\"og:type\" content=\"article\" \/>\n<meta property=\"og:title\" content=\"JO\u00c3O ROMA REFOR\u00c7A PROPOSTAS DE ZERAR IPVA DE MOTOS DE AT\u00c9 170 CILINDRADAS - Bahia Economica\" \/>\n<meta property=\"og:description\" content=\"O maior portal de Economia da Bahia Pol\u00edtica Bahia Economica Candidato ao Senado pela Bahia, Jo\u00e3o Roma (PL) defendeu a\" \/>\n<meta property=\"og:url\" content=\"https:\/\/bahiaeconomica.com.br\/wp\/2026\/09\/02\/joao-roma-reforca-propostas-de-zerar-ipva-de-motos-de-ate-170-cilindradas\/\" \/>\n<meta property=\"og:site_name\" content=\"Bahia Economica\" \/>\n<meta property=\"article:publisher\" content=\"https:\/\/www.facebook.com\/bahiaeconomica\" \/>\n<meta property=\"article:published_time\" content=\"2026-09-02T13:38:25+00:00\" \/>\n<meta property=\"og:image\" content=\"https:\/\/bahiaeconomica.com.br\/wp\/wp-content\/uploads\/2026\/09\/WhatsApp-Image-2026-09-02-at-10.36.25.jpeg\" \/>\n\t<meta property=\"og:image:width\" content=\"1600\" \/>\n\t<meta property=\"og:image:height\" content=\"1066\" \/>\n\t<meta property=\"og:image:type\" content=\"image\/jpeg\" \/>\n<meta name=\"author\" content=\"JP\" \/>\n<meta name=\"twitter:card\" content=\"summary_large_image\" \/>\n<meta name=\"twitter:label1\" content=\"Escrito por\" \/>\n\t<meta name=\"twitter:data1\" content=\"JP\" \/>\n\t<meta name=\"twitter:label2\" content=\"Est. tempo de leitura\" \/>\n\t<meta name=\"twitter:data2\" content=\"3 minutos\" \/>\n<script type=\"application\/ld+json\" class=\"yoast-schema-graph\">{\"@context\":\"https:\/\/schema.org\",\"@graph\":[{\"@type\":\"Article\",\"@id\":\"https:\/\/bahiaeconomica.com.br\/wp\/2026\/09\/02\/joao-roma-reforca-propostas-de-zerar-ipva-de-motos-de-ate-170-cilindradas\/#article\",\"isPartOf\":{\"@id\":\"https:\/\/bahiaeconomica.com.br\/wp\/2026\/09\/02\/joao-roma-reforca-propostas-de-zerar-ipva-de-motos-de-ate-170-cilindradas\/\"},\"author\":{\"name\":\"JP\",\"@id\":\"https:\/\/bahiaeconomica.com.br\/wp\/#\/schema\/person\/c86d3a3f8960425a0f9d0e5245991f4e\"},\"headline\":\"JO\u00c3O ROMA REFOR\u00c7A PROPOSTAS DE ZERAR IPVA DE MOTOS DE AT\u00c9 170 CILINDRADAS\",\"datePublished\":\"2026-09-02T13:38:25+00:00\",\"dateModified\":\"2026-09-02T13:38:25+00:00\",\"mainEntityOfPage\":{\"@id\":\"https:\/\/bahiaeconomica.com.br\/wp\/2026\/09\/02\/joao-roma-reforca-propostas-de-zerar-ipva-de-motos-de-ate-170-cilindradas\/\"},\"wordCount\":453,\"publisher\":{\"@id\":\"https:\/\/bahiaeconomica.com.br\/wp\/#organization\"},\"keywords\":[\"BAHIA. BRASIL\",\"roma\"],\"articleSection\":[\"Pol\u00edtica\"],\"inLanguage\":\"pt-BR\"},{\"@type\":\"WebPage\",\"@id\":\"https:\/\/bahiaeconomica.com.br\/wp\/2026\/09\/02\/joao-roma-reforca-propostas-de-zerar-ipva-de-motos-de-ate-170-cilindradas\/\",\"url\":\"https:\/\/bahiaeconomica.com.br\/wp\/2026\/09\/02\/joao-roma-reforca-propostas-de-zerar-ipva-de-motos-de-ate-170-cilindradas\/\",\"name\":\"JO\u00c3O ROMA REFOR\u00c7A PROPOSTAS DE ZERAR IPVA DE MOTOS DE AT\u00c9 170 CILINDRADAS - Bahia Economica\",\"isPartOf\":{\"@id\":\"https:\/\/bahiaeconomica.com.br\/wp\/#website\"},\"datePublished\":\"2026-09-02T13:38:25+00:00\",\"dateModified\":\"2026-09-02T13:38:25+00:00\",\"description\":\"O maior portal de Economia da Bahia Pol\u00edtica Bahia Economica Candidato ao Senado pela Bahia, Jo\u00e3o Roma (PL) defendeu a\",\"breadcrumb\":{\"@id\":\"https:\/\/bahiaeconomica.com.br\/wp\/2026\/09\/02\/joao-roma-reforca-propostas-de-zerar-ipva-de-motos-de-ate-170-cilindradas\/#breadcrumb\"},\"inLanguage\":\"pt-BR\",\"potentialAction\":[{\"@type\":\"ReadAction\",\"target\":[\"https:\/\/bahiaeconomica.com.br\/wp\/2026\/09\/02\/joao-roma-reforca-propostas-de-zerar-ipva-de-motos-de-ate-170-cilindradas\/\"]}]},{\"@type\":\"BreadcrumbList\",\"@id\":\"https:\/\/bahiaeconomica.com.br\/wp\/2026\/09\/02\/joao-roma-reforca-propostas-de-zerar-ipva-de-motos-de-ate-170-cilindradas\/#breadcrumb\",\"itemListElement\":[{\"@type\":\"ListItem\",\"position\":1,\"name\":\"In\u00edcio\",\"item\":\"https:\/\/bahiaeconomica.com.br\/wp\/\"},{\"@type\":\"ListItem\",\"position\":2,\"name\":\"JO\u00c3O ROMA REFOR\u00c7A PROPOSTAS DE ZERAR IPVA DE MOTOS DE AT\u00c9 170 CILINDRADAS\"}]},{\"@type\":\"WebSite\",\"@id\":\"https:\/\/bahiaeconomica.com.br\/wp\/#website\",\"url\":\"https:\/\/bahiaeconomica.com.br\/wp\/\",\"name\":\"Bahia Economica\",\"description\":\"O maior portal de Economia da Bahia\",\"publisher\":{\"@id\":\"https:\/\/bahiaeconomica.com.br\/wp\/#organization\"},\"potentialAction\":[{\"@type\":\"SearchAction\",\"target\":{\"@type\":\"EntryPoint\",\"urlTemplate\":\"https:\/\/bahiaeconomica.com.br\/wp\/?s={search_term_string}\"},\"query-input\":\"required name=search_term_string\"}],\"inLanguage\":\"pt-BR\"},{\"@type\":\"Organization\",\"@id\":\"https:\/\/bahiaeconomica.com.br\/wp\/#organization\",\"name\":\"Bahia Econ\u00f4mica\",\"url\":\"https:\/\/bahiaeconomica.com.br\/wp\/\",\"logo\":{\"@type\":\"ImageObject\",\"inLanguage\":\"pt-BR\",\"@id\":\"https:\/\/bahiaeconomica.com.br\/wp\/#\/schema\/logo\/image\/\",\"url\":\"https:\/\/bahiaeconomica.com.br\/wp\/wp-content\/uploads\/2020\/12\/cropped-BE.png\",\"contentUrl\":\"https:\/\/bahiaeconomica.com.br\/wp\/wp-content\/uploads\/2020\/12\/cropped-BE.png\",\"width\":512,\"height\":512,\"caption\":\"Bahia Econ\u00f4mica\"},\"image\":{\"@id\":\"https:\/\/bahiaeconomica.com.br\/wp\/#\/schema\/logo\/image\/\"},\"sameAs\":[\"https:\/\/www.facebook.com\/bahiaeconomica\"]},{\"@type\":\"Person\",\"@id\":\"https:\/\/bahiaeconomica.com.br\/wp\/#\/schema\/person\/c86d3a3f8960425a0f9d0e5245991f4e\",\"name\":\"JP\",\"sameAs\":[\"https:\/\/bahiaeconomica.com.br\/wp\/beta\/\"],\"url\":\"https:\/\/bahiaeconomica.com.br\/wp\/author\/jp\/\"}]}<\/script>\n<!-- \/ Yoast SEO plugin. -->","yoast_head_json":{"title":"JO\u00c3O ROMA REFOR\u00c7A PROPOSTAS DE ZERAR IPVA DE MOTOS DE AT\u00c9 170 CILINDRADAS - Bahia Economica","description":"O maior portal de Economia da Bahia Pol\u00edtica Bahia Economica Candidato ao Senado pela Bahia, Jo\u00e3o Roma (PL) defendeu a","robots":{"index":"index","follow":"follow","max-snippet":"max-snippet:-1","max-image-preview":"max-image-preview:large","max-video-preview":"max-video-preview:-1"},"canonical":"https:\/\/bahiaeconomica.com.br\/wp\/2026\/09\/02\/joao-roma-reforca-propostas-de-zerar-ipva-de-motos-de-ate-170-cilindradas\/","og_locale":"pt_BR","og_type":"article","og_title":"JO\u00c3O ROMA REFOR\u00c7A PROPOSTAS DE ZERAR IPVA DE MOTOS DE AT\u00c9 170 CILINDRADAS - Bahia Economica","og_description":"O maior portal de Economia da Bahia Pol\u00edtica Bahia Economica Candidato ao Senado pela Bahia, Jo\u00e3o Roma (PL) defendeu a","og_url":"https:\/\/bahiaeconomica.com.br\/wp\/2026\/09\/02\/joao-roma-reforca-propostas-de-zerar-ipva-de-motos-de-ate-170-cilindradas\/","og_site_name":"Bahia Economica","article_publisher":"https:\/\/www.facebook.com\/bahiaeconomica","article_published_time":"2026-09-02T13:38:25+00:00","og_image":[{"width":1600,"height":1066,"url":"https:\/\/bahiaeconomica.com.br\/wp\/wp-content\/uploads\/2026\/09\/WhatsApp-Image-2026-09-02-at-10.36.25.jpeg","type":"image\/jpeg"}],"author":"JP","twitter_card":"summary_large_image","twitter_misc":{"Escrito por":"JP","Est. tempo de leitura":"3 minutos"},"schema":{"@context":"https:\/\/schema.org","@graph":[{"@type":"Article","@id":"https:\/\/bahiaeconomica.com.br\/wp\/2026\/09\/02\/joao-roma-reforca-propostas-de-zerar-ipva-de-motos-de-ate-170-cilindradas\/#article","isPartOf":{"@id":"https:\/\/bahiaeconomica.com.br\/wp\/2026\/09\/02\/joao-roma-reforca-propostas-de-zerar-ipva-de-motos-de-ate-170-cilindradas\/"},"author":{"name":"JP","@id":"https:\/\/bahiaeconomica.com.br\/wp\/#\/schema\/person\/c86d3a3f8960425a0f9d0e5245991f4e"},"headline":"JO\u00c3O ROMA REFOR\u00c7A PROPOSTAS DE ZERAR IPVA DE MOTOS DE AT\u00c9 170 CILINDRADAS","datePublished":"2026-09-02T13:38:25+00:00","dateModified":"2026-09-02T13:38:25+00:00","mainEntityOfPage":{"@id":"https:\/\/bahiaeconomica.com.br\/wp\/2026\/09\/02\/joao-roma-reforca-propostas-de-zerar-ipva-de-motos-de-ate-170-cilindradas\/"},"wordCount":453,"publisher":{"@id":"https:\/\/bahiaeconomica.com.br\/wp\/#organization"},"keywords":["BAHIA. BRASIL","roma"],"articleSection":["Pol\u00edtica"],"inLanguage":"pt-BR"},{"@type":"WebPage","@id":"https:\/\/bahiaeconomica.com.br\/wp\/2026\/09\/02\/joao-roma-reforca-propostas-de-zerar-ipva-de-motos-de-ate-170-cilindradas\/","url":"https:\/\/bahiaeconomica.com.br\/wp\/2026\/09\/02\/joao-roma-reforca-propostas-de-zerar-ipva-de-motos-de-ate-170-cilindradas\/","name":"JO\u00c3O ROMA REFOR\u00c7A PROPOSTAS DE ZERAR IPVA DE MOTOS DE AT\u00c9 170 CILINDRADAS - Bahia Economica","isPartOf":{"@id":"https:\/\/bahiaeconomica.com.br\/wp\/#website"},"datePublished":"2026-09-02T13:38:25+00:00","dateModified":"2026-09-02T13:38:25+00:00","description":"O maior portal de Economia da Bahia Pol\u00edtica Bahia Economica Candidato ao Senado pela Bahia, Jo\u00e3o Roma (PL) defendeu a","breadcrumb":{"@id":"https:\/\/bahiaeconomica.com.br\/wp\/2026\/09\/02\/joao-roma-reforca-propostas-de-zerar-ipva-de-motos-de-ate-170-cilindradas\/#breadcrumb"},"inLanguage":"pt-BR","potentialAction":[{"@type":"ReadAction","target":["https:\/\/bahiaeconomica.com.br\/wp\/2026\/09\/02\/joao-roma-reforca-propostas-de-zerar-ipva-de-motos-de-ate-170-cilindradas\/"]}]},{"@type":"BreadcrumbList","@id":"https:\/\/bahiaeconomica.com.br\/wp\/2026\/09\/02\/joao-roma-reforca-propostas-de-zerar-ipva-de-motos-de-ate-170-cilindradas\/#breadcrumb","itemListElement":[{"@type":"ListItem","position":1,"name":"In\u00edcio","item":"https:\/\/bahiaeconomica.com.br\/wp\/"},{"@type":"ListItem","position":2,"name":"JO\u00c3O ROMA REFOR\u00c7A PROPOSTAS DE ZERAR IPVA DE MOTOS DE AT\u00c9 170 CILINDRADAS"}]},{"@type":"WebSite","@id":"https:\/\/bahiaeconomica.com.br\/wp\/#website","url":"https:\/\/bahiaeconomica.com.br\/wp\/","name":"Bahia Economica","description":"O maior portal de Economia da Bahia","publisher":{"@id":"https:\/\/bahiaeconomica.com.br\/wp\/#organization"},"potentialAction":[{"@type":"SearchAction","target":{"@type":"EntryPoint","urlTemplate":"https:\/\/bahiaeconomica.com.br\/wp\/?s={search_term_string}"},"query-input":"required name=search_term_string"}],"inLanguage":"pt-BR"},{"@type":"Organization","@id":"https:\/\/bahiaeconomica.com.br\/wp\/#organization","name":"Bahia Econ\u00f4mica","url":"https:\/\/bahiaeconomica.com.br\/wp\/","logo":{"@type":"ImageObject","inLanguage":"pt-BR","@id":"https:\/\/bahiaeconomica.com.br\/wp\/#\/schema\/logo\/image\/","url":"https:\/\/bahiaeconomica.com.br\/wp\/wp-content\/uploads\/2020\/12\/cropped-BE.png","contentUrl":"https:\/\/bahiaeconomica.com.br\/wp\/wp-content\/uploads\/2020\/12\/cropped-BE.png","width":512,"height":512,"caption":"Bahia Econ\u00f4mica"},"image":{"@id":"https:\/\/bahiaeconomica.com.br\/wp\/#\/schema\/logo\/image\/"},"sameAs":["https:\/\/www.facebook.com\/bahiaeconomica"]},{"@type":"Person","@id":"https:\/\/bahiaeconomica.com.br\/wp\/#\/schema\/person\/c86d3a3f8960425a0f9d0e5245991f4e","name":"JP","sameAs":["https:\/\/bahiaeconomica.com.br\/wp\/beta\/"],"url":"https:\/\/bahiaeconomica.com.br\/wp\/author\/jp\/"}]}},"views":1,"_links":{"self":[{"href":"https:\/\/bahiaeconomica.com.br\/wp\/wp-json\/wp\/v2\/posts\/1021703"}],"collection":[{"href":"https:\/\/bahiaeconomica.com.br\/wp\/wp-json\/wp\/v2\/posts"}],"about":[{"href":"https:\/\/bahiaeconomica.com.br\/wp\/wp-json\/wp\/v2\/types\/post"}],"author":[{"embeddable":true,"href":"https:\/\/bahiaeconomica.com.br\/wp\/wp-json\/wp\/v2\/users\/8"}],"replies":[{"embeddable":true,"href":"https:\/\/bahiaeconomica.com.br\/wp\/wp-json\/wp\/v2\/comments?post=1021703"}],"version-history":[{"count":1,"href":"https:\/\/bahiaeconomica.com.br\/wp\/wp-json\/wp\/v2\/posts\/1021703\/revisions"}],"predecessor-version":[{"id":1021705,"href":"https:\/\/bahiaeconomica.com.br\/wp\/wp-json\/wp\/v2\/posts\/1021703\/revisions\/1021705"}],"wp:featuredmedia":[{"embeddable":true,"href":"https:\/\/bahiaeconomica.com.br\/wp\/wp-json\/wp\/v2\/media\/1021704"}],"wp:attachment":[{"href":"https:\/\/bahiaeconomica.com.br\/wp\/wp-json\/wp\/v2\/media?parent=1021703"}],"wp:term":[{"taxonomy":"category","embeddable":true,"href":"https:\/\/bahiaeconomica.com.br\/wp\/wp-json\/wp\/v2\/categories?post=1021703"},{"taxonomy":"post_tag","embeddable":true,"href":"https:\/\/bahiaeconomica.com.br\/wp\/wp-json\/wp\/v2\/tags?post=1021703"}],"curies":[{"name":"wp","href":"https:\/\/api.w.org\/{rel}","templated":true}]}}