{"id":1021670,"date":"2026-09-02T09:56:56","date_gmt":"2026-09-02T12:56:56","guid":{"rendered":"https:\/\/bahiaeconomica.com.br\/wp\/?p=1021670"},"modified":"2026-09-02T09:57:26","modified_gmt":"2026-09-02T12:57:26","slug":"congresso-marca-nova-fase-da-anestesiologia-na-bahia","status":"publish","type":"post","link":"https:\/\/bahiaeconomica.com.br\/wp\/2026\/09\/02\/congresso-marca-nova-fase-da-anestesiologia-na-bahia\/","title":{"rendered":"CONGRESSO MARCA NOVA FASE DA ANESTESIOLOGIA NA BAHIA"},"content":{"rendered":"<p>Salvador recebe, entre os dias 18 e 20 de setembro, o 1\u00ba Congresso de Anestesiologia da Bahia, encontro que reunir\u00e1 anestesiologistas, residentes, estudantes e especialistas para tr\u00eas dias de atualiza\u00e7\u00e3o cient\u00edfica, atividades pr\u00e1ticas e troca de experi\u00eancias. Promovido pela Sociedade de Anestesiologia do Estado da Bahia (SAEB), o evento ser\u00e1 realizado no Hotel Deville Prime, em Itapu\u00e3. As inscri\u00e7\u00f5es j\u00e1 est\u00e3o abertas.<\/p>\n<p>Com o conceito \u201cA ci\u00eancia que orienta. As conex\u00f5es que fortalecem\u201d, o encontro pretende unir atualiza\u00e7\u00e3o cient\u00edfica, aperfei\u00e7oamento e integra\u00e7\u00e3o profissional, inaugurando uma nova etapa na trajet\u00f3ria da anestesiologia baiana. A iniciativa sucede 35 edi\u00e7\u00f5es da Jornada Baiana de Anestesiologia (JORBA) e amplia uma hist\u00f3ria constru\u00edda ao longo de d\u00e9cadas, incorporando novos espa\u00e7os de discuss\u00e3o, forma\u00e7\u00e3o pr\u00e1tica, produ\u00e7\u00e3o cient\u00edfica e integra\u00e7\u00e3o entre diferentes gera\u00e7\u00f5es de profissionais.<\/p>\n<p>\u201cEste evento nasce de uma trajet\u00f3ria s\u00f3lida e, ao mesmo tempo, com os olhos voltados para o futuro. A anestesiologia evolui rapidamente, com novas tecnologias, t\u00e9cnicas e evid\u00eancias cient\u00edficas, e acompanhar esse movimento \u00e9 fundamental para oferecermos uma assist\u00eancia cada vez mais segura e qualificada aos pacientes\u201d, afirma o presidente da SAEB, Sammer Victor Almeida.<\/p>\n<p>Ci\u00eancia e pr\u00e1tica &#8211; A programa\u00e7\u00e3o inclui palestras, mesas-redondas e sess\u00f5es conduzidas por especialistas da anestesiologia, al\u00e9m de atividades pr\u00e9-congresso voltadas \u00e0 forma\u00e7\u00e3o pr\u00e1tica. Est\u00e3o previstos o Curso de Bloqueios Regionais, o curso de ECO Transesof\u00e1gico para a pr\u00e1tica em UTI e Anestesia, promovido pela SAEB em parceria com a Maximus, al\u00e9m do Encontro Estudantil. As vagas para essas atividades s\u00e3o limitadas.<\/p>\n<p>Os temas refletem uma especialidade cada vez mais ampla e tecnol\u00f3gica. Embora a anestesiologia ainda seja frequentemente associada apenas \u00e0 administra\u00e7\u00e3o da anestesia durante uma cirurgia, o anestesiologista participa de diferentes etapas do cuidado ao paciente, incluindo avalia\u00e7\u00e3o pr\u00e9-operat\u00f3ria, monitoriza\u00e7\u00e3o durante procedimentos, controle da dor, manejo de situa\u00e7\u00f5es cr\u00edticas e acompanhamento da recupera\u00e7\u00e3o.<\/p>\n<p>Para a diretora cient\u00edfica da SAEB, Daniela Oliveira, aproximar as evid\u00eancias cient\u00edficas da realidade enfrentada diariamente pelos profissionais \u00e9 um dos objetivos centrais da programa\u00e7\u00e3o. \u201cN\u00e3o queremos apenas discutir o que h\u00e1 de novo, mas aproximar ci\u00eancia e pr\u00e1tica. Quando promovemos atualiza\u00e7\u00e3o de qualidade e treinamento, esse conhecimento se transforma em decis\u00f5es cl\u00ednicas mais precisas e, consequentemente, em maior seguran\u00e7a para o paciente\u201d, destaca.<\/p>\n<p>Forma\u00e7\u00e3o e integra\u00e7\u00e3o &#8211; A participa\u00e7\u00e3o de residentes e estudantes tamb\u00e9m ter\u00e1 espa\u00e7o de destaque. O Encontro Estudantil, que est\u00e1 na sua terceira edi\u00e7\u00e3o, aproxima quem ainda est\u00e1 na forma\u00e7\u00e3o acad\u00eamica de profissionais experientes, estimulando o interesse pela especialidade, pela produ\u00e7\u00e3o cient\u00edfica e pela educa\u00e7\u00e3o m\u00e9dica continuada.<\/p>\n<p>\u201cO conhecimento precisa circular entre as gera\u00e7\u00f5es. Queremos estimular quem est\u00e1 chegando, fortalecer quem j\u00e1 atua na \u00e1rea e criar oportunidades reais de troca. Um congresso estadual tamb\u00e9m contribui para aproximar profissionais da capital e do interior e valorizar a anestesiologia que \u00e9 produzida na Bahia\u201d, acrescenta Sammer Victor Almeida.<\/p>\n<p>Al\u00e9m da programa\u00e7\u00e3o cient\u00edfica, o congresso contar\u00e1 com momentos destinados \u00e0 conviv\u00eancia e ao networking. Para Daniela Oliveira, encontros presenciais continuam tendo papel relevante mesmo em uma \u00e9poca de amplo acesso \u00e0 informa\u00e7\u00e3o. \u201cA ci\u00eancia avan\u00e7a pelo estudo, mas tamb\u00e9m pela discuss\u00e3o, pela troca de experi\u00eancias e pela constru\u00e7\u00e3o coletiva. Reunir profissionais, residentes e estudantes com diferentes viv\u00eancias amplia o aprendizado e fortalece conex\u00f5es que permanecem depois do congresso\u201d, afirma.<\/p>\n<p>Inscri\u00e7\u00f5es abertas &#8211; O primeiro lote de inscri\u00e7\u00f5es pelo site www.saeb.org.br\/eventos\/congresso segue at\u00e9 31 de agosto. A partir de 1\u00ba de setembro, come\u00e7a o segundo lote, que permanece dispon\u00edvel at\u00e9 a realiza\u00e7\u00e3o do evento. Os interessados tamb\u00e9m podem se inscrever nos cursos pr\u00e9-congresso, que possuem n\u00famero limitado de vagas.<\/p>\n<p>SERVI\u00c7O<\/p>\n<p>1\u00ba Congresso de Anestesiologia da Bahia<\/p>\n<p>Data: 18 a 20 de setembro de 2026<\/p>\n<p>Local: Hotel Deville Prime \u2013 Itapu\u00e3, Salvador\/BA<\/p>\n<p>Realiza\u00e7\u00e3o: Sociedade de Anestesiologia da Bahia (SAEB)<\/p>\n<p>1\u00ba lote de inscri\u00e7\u00f5es: at\u00e9 31 de agosto<\/p>\n<p>2\u00ba lote: de 1\u00ba de setembro at\u00e9 o dia do evento<\/p>\n<p>Inscri\u00e7\u00f5es: www.saeb.org.br\/eventos\/congresso<\/p>\n<p>&nbsp;<\/p>\n<p>Cr\u00e9ditos: Valter Andrade<\/p>\n","protected":false},"excerpt":{"rendered":"<p>Salvador recebe, entre os dias 18 e 20 de setembro, o 1\u00ba Congresso de Anestesiologia da Bahia, encontro que reunir\u00e1 anestesiologistas, residentes, estudantes e especialistas para tr\u00eas dias de atualiza\u00e7\u00e3o cient\u00edfica, atividades pr\u00e1ticas e troca de experi\u00eancias. Promovido pela Sociedade de Anestesiologia do Estado da Bahia (SAEB), o evento ser\u00e1 realizado no Hotel Deville Prime, [&hellip;]<\/p>\n","protected":false},"author":8,"featured_media":1021672,"comment_status":"closed","ping_status":"closed","sticky":false,"template":"","format":"standard","meta":[],"categories":[21],"tags":[85,1191,58],"acf":[],"yoast_head":"<!-- This site is optimized with the Yoast SEO plugin v20.8 - https:\/\/yoast.com\/wordpress\/plugins\/seo\/ -->\n<title>CONGRESSO MARCA NOVA FASE DA ANESTESIOLOGIA NA BAHIA - Bahia Economica<\/title>\n<meta name=\"description\" content=\"O maior portal de Economia da Bahia Sa\u00fade \/ Educa\u00e7\u00e3o Bahia Economica\" \/>\n<meta name=\"robots\" content=\"index, follow, max-snippet:-1, max-image-preview:large, max-video-preview:-1\" \/>\n<link rel=\"canonical\" href=\"https:\/\/bahiaeconomica.com.br\/wp\/2026\/09\/02\/congresso-marca-nova-fase-da-anestesiologia-na-bahia\/\" \/>\n<meta property=\"og:locale\" content=\"pt_BR\" \/>\n<meta property=\"og:type\" content=\"article\" \/>\n<meta property=\"og:title\" content=\"CONGRESSO MARCA NOVA FASE DA ANESTESIOLOGIA NA BAHIA - Bahia Economica\" \/>\n<meta property=\"og:description\" content=\"O maior portal de Economia da Bahia Sa\u00fade \/ Educa\u00e7\u00e3o Bahia Economica\" \/>\n<meta property=\"og:url\" content=\"https:\/\/bahiaeconomica.com.br\/wp\/2026\/09\/02\/congresso-marca-nova-fase-da-anestesiologia-na-bahia\/\" \/>\n<meta property=\"og:site_name\" content=\"Bahia Economica\" \/>\n<meta property=\"article:publisher\" content=\"https:\/\/www.facebook.com\/bahiaeconomica\" \/>\n<meta property=\"article:published_time\" content=\"2026-09-02T12:56:56+00:00\" \/>\n<meta property=\"article:modified_time\" content=\"2026-09-02T12:57:26+00:00\" \/>\n<meta property=\"og:image\" content=\"https:\/\/bahiaeconomica.com.br\/wp\/wp-content\/uploads\/2026\/09\/WhatsApp-Image-2026-09-02-at-09.51.28.jpeg\" \/>\n\t<meta property=\"og:image:width\" content=\"1280\" \/>\n\t<meta property=\"og:image:height\" content=\"853\" \/>\n\t<meta property=\"og:image:type\" content=\"image\/jpeg\" \/>\n<meta name=\"author\" content=\"JP\" \/>\n<meta name=\"twitter:card\" content=\"summary_large_image\" \/>\n<meta name=\"twitter:label1\" content=\"Escrito por\" \/>\n\t<meta name=\"twitter:data1\" content=\"JP\" \/>\n\t<meta name=\"twitter:label2\" content=\"Est. tempo de leitura\" \/>\n\t<meta name=\"twitter:data2\" content=\"4 minutos\" \/>\n<script type=\"application\/ld+json\" class=\"yoast-schema-graph\">{\"@context\":\"https:\/\/schema.org\",\"@graph\":[{\"@type\":\"Article\",\"@id\":\"https:\/\/bahiaeconomica.com.br\/wp\/2026\/09\/02\/congresso-marca-nova-fase-da-anestesiologia-na-bahia\/#article\",\"isPartOf\":{\"@id\":\"https:\/\/bahiaeconomica.com.br\/wp\/2026\/09\/02\/congresso-marca-nova-fase-da-anestesiologia-na-bahia\/\"},\"author\":{\"name\":\"JP\",\"@id\":\"https:\/\/bahiaeconomica.com.br\/wp\/#\/schema\/person\/c86d3a3f8960425a0f9d0e5245991f4e\"},\"headline\":\"CONGRESSO MARCA NOVA FASE DA ANESTESIOLOGIA NA BAHIA\",\"datePublished\":\"2026-09-02T12:56:56+00:00\",\"dateModified\":\"2026-09-02T12:57:26+00:00\",\"mainEntityOfPage\":{\"@id\":\"https:\/\/bahiaeconomica.com.br\/wp\/2026\/09\/02\/congresso-marca-nova-fase-da-anestesiologia-na-bahia\/\"},\"wordCount\":734,\"publisher\":{\"@id\":\"https:\/\/bahiaeconomica.com.br\/wp\/#organization\"},\"keywords\":[\"Bahia\",\"congresso\",\"sa\u00fade\"],\"articleSection\":[\"Sa\u00fade \/ Educa\u00e7\u00e3o\"],\"inLanguage\":\"pt-BR\"},{\"@type\":\"WebPage\",\"@id\":\"https:\/\/bahiaeconomica.com.br\/wp\/2026\/09\/02\/congresso-marca-nova-fase-da-anestesiologia-na-bahia\/\",\"url\":\"https:\/\/bahiaeconomica.com.br\/wp\/2026\/09\/02\/congresso-marca-nova-fase-da-anestesiologia-na-bahia\/\",\"name\":\"CONGRESSO MARCA NOVA FASE DA ANESTESIOLOGIA NA BAHIA - Bahia Economica\",\"isPartOf\":{\"@id\":\"https:\/\/bahiaeconomica.com.br\/wp\/#website\"},\"datePublished\":\"2026-09-02T12:56:56+00:00\",\"dateModified\":\"2026-09-02T12:57:26+00:00\",\"description\":\"O maior portal de Economia da Bahia Sa\u00fade \/ Educa\u00e7\u00e3o Bahia Economica\",\"breadcrumb\":{\"@id\":\"https:\/\/bahiaeconomica.com.br\/wp\/2026\/09\/02\/congresso-marca-nova-fase-da-anestesiologia-na-bahia\/#breadcrumb\"},\"inLanguage\":\"pt-BR\",\"potentialAction\":[{\"@type\":\"ReadAction\",\"target\":[\"https:\/\/bahiaeconomica.com.br\/wp\/2026\/09\/02\/congresso-marca-nova-fase-da-anestesiologia-na-bahia\/\"]}]},{\"@type\":\"BreadcrumbList\",\"@id\":\"https:\/\/bahiaeconomica.com.br\/wp\/2026\/09\/02\/congresso-marca-nova-fase-da-anestesiologia-na-bahia\/#breadcrumb\",\"itemListElement\":[{\"@type\":\"ListItem\",\"position\":1,\"name\":\"In\u00edcio\",\"item\":\"https:\/\/bahiaeconomica.com.br\/wp\/\"},{\"@type\":\"ListItem\",\"position\":2,\"name\":\"CONGRESSO MARCA NOVA FASE DA ANESTESIOLOGIA NA BAHIA\"}]},{\"@type\":\"WebSite\",\"@id\":\"https:\/\/bahiaeconomica.com.br\/wp\/#website\",\"url\":\"https:\/\/bahiaeconomica.com.br\/wp\/\",\"name\":\"Bahia Economica\",\"description\":\"O maior portal de Economia da Bahia\",\"publisher\":{\"@id\":\"https:\/\/bahiaeconomica.com.br\/wp\/#organization\"},\"potentialAction\":[{\"@type\":\"SearchAction\",\"target\":{\"@type\":\"EntryPoint\",\"urlTemplate\":\"https:\/\/bahiaeconomica.com.br\/wp\/?s={search_term_string}\"},\"query-input\":\"required name=search_term_string\"}],\"inLanguage\":\"pt-BR\"},{\"@type\":\"Organization\",\"@id\":\"https:\/\/bahiaeconomica.com.br\/wp\/#organization\",\"name\":\"Bahia Econ\u00f4mica\",\"url\":\"https:\/\/bahiaeconomica.com.br\/wp\/\",\"logo\":{\"@type\":\"ImageObject\",\"inLanguage\":\"pt-BR\",\"@id\":\"https:\/\/bahiaeconomica.com.br\/wp\/#\/schema\/logo\/image\/\",\"url\":\"https:\/\/bahiaeconomica.com.br\/wp\/wp-content\/uploads\/2020\/12\/cropped-BE.png\",\"contentUrl\":\"https:\/\/bahiaeconomica.com.br\/wp\/wp-content\/uploads\/2020\/12\/cropped-BE.png\",\"width\":512,\"height\":512,\"caption\":\"Bahia Econ\u00f4mica\"},\"image\":{\"@id\":\"https:\/\/bahiaeconomica.com.br\/wp\/#\/schema\/logo\/image\/\"},\"sameAs\":[\"https:\/\/www.facebook.com\/bahiaeconomica\"]},{\"@type\":\"Person\",\"@id\":\"https:\/\/bahiaeconomica.com.br\/wp\/#\/schema\/person\/c86d3a3f8960425a0f9d0e5245991f4e\",\"name\":\"JP\",\"sameAs\":[\"https:\/\/bahiaeconomica.com.br\/wp\/beta\/\"],\"url\":\"https:\/\/bahiaeconomica.com.br\/wp\/author\/jp\/\"}]}<\/script>\n<!-- \/ Yoast SEO plugin. -->","yoast_head_json":{"title":"CONGRESSO MARCA NOVA FASE DA ANESTESIOLOGIA NA BAHIA - Bahia Economica","description":"O maior portal de Economia da Bahia Sa\u00fade \/ Educa\u00e7\u00e3o Bahia Economica","robots":{"index":"index","follow":"follow","max-snippet":"max-snippet:-1","max-image-preview":"max-image-preview:large","max-video-preview":"max-video-preview:-1"},"canonical":"https:\/\/bahiaeconomica.com.br\/wp\/2026\/09\/02\/congresso-marca-nova-fase-da-anestesiologia-na-bahia\/","og_locale":"pt_BR","og_type":"article","og_title":"CONGRESSO MARCA NOVA FASE DA ANESTESIOLOGIA NA BAHIA - Bahia Economica","og_description":"O maior portal de Economia da Bahia Sa\u00fade \/ Educa\u00e7\u00e3o Bahia Economica","og_url":"https:\/\/bahiaeconomica.com.br\/wp\/2026\/09\/02\/congresso-marca-nova-fase-da-anestesiologia-na-bahia\/","og_site_name":"Bahia Economica","article_publisher":"https:\/\/www.facebook.com\/bahiaeconomica","article_published_time":"2026-09-02T12:56:56+00:00","article_modified_time":"2026-09-02T12:57:26+00:00","og_image":[{"width":1280,"height":853,"url":"https:\/\/bahiaeconomica.com.br\/wp\/wp-content\/uploads\/2026\/09\/WhatsApp-Image-2026-09-02-at-09.51.28.jpeg","type":"image\/jpeg"}],"author":"JP","twitter_card":"summary_large_image","twitter_misc":{"Escrito por":"JP","Est. tempo de leitura":"4 minutos"},"schema":{"@context":"https:\/\/schema.org","@graph":[{"@type":"Article","@id":"https:\/\/bahiaeconomica.com.br\/wp\/2026\/09\/02\/congresso-marca-nova-fase-da-anestesiologia-na-bahia\/#article","isPartOf":{"@id":"https:\/\/bahiaeconomica.com.br\/wp\/2026\/09\/02\/congresso-marca-nova-fase-da-anestesiologia-na-bahia\/"},"author":{"name":"JP","@id":"https:\/\/bahiaeconomica.com.br\/wp\/#\/schema\/person\/c86d3a3f8960425a0f9d0e5245991f4e"},"headline":"CONGRESSO MARCA NOVA FASE DA ANESTESIOLOGIA NA BAHIA","datePublished":"2026-09-02T12:56:56+00:00","dateModified":"2026-09-02T12:57:26+00:00","mainEntityOfPage":{"@id":"https:\/\/bahiaeconomica.com.br\/wp\/2026\/09\/02\/congresso-marca-nova-fase-da-anestesiologia-na-bahia\/"},"wordCount":734,"publisher":{"@id":"https:\/\/bahiaeconomica.com.br\/wp\/#organization"},"keywords":["Bahia","congresso","sa\u00fade"],"articleSection":["Sa\u00fade \/ Educa\u00e7\u00e3o"],"inLanguage":"pt-BR"},{"@type":"WebPage","@id":"https:\/\/bahiaeconomica.com.br\/wp\/2026\/09\/02\/congresso-marca-nova-fase-da-anestesiologia-na-bahia\/","url":"https:\/\/bahiaeconomica.com.br\/wp\/2026\/09\/02\/congresso-marca-nova-fase-da-anestesiologia-na-bahia\/","name":"CONGRESSO MARCA NOVA FASE DA ANESTESIOLOGIA NA BAHIA - Bahia Economica","isPartOf":{"@id":"https:\/\/bahiaeconomica.com.br\/wp\/#website"},"datePublished":"2026-09-02T12:56:56+00:00","dateModified":"2026-09-02T12:57:26+00:00","description":"O maior portal de Economia da Bahia Sa\u00fade \/ Educa\u00e7\u00e3o Bahia Economica","breadcrumb":{"@id":"https:\/\/bahiaeconomica.com.br\/wp\/2026\/09\/02\/congresso-marca-nova-fase-da-anestesiologia-na-bahia\/#breadcrumb"},"inLanguage":"pt-BR","potentialAction":[{"@type":"ReadAction","target":["https:\/\/bahiaeconomica.com.br\/wp\/2026\/09\/02\/congresso-marca-nova-fase-da-anestesiologia-na-bahia\/"]}]},{"@type":"BreadcrumbList","@id":"https:\/\/bahiaeconomica.com.br\/wp\/2026\/09\/02\/congresso-marca-nova-fase-da-anestesiologia-na-bahia\/#breadcrumb","itemListElement":[{"@type":"ListItem","position":1,"name":"In\u00edcio","item":"https:\/\/bahiaeconomica.com.br\/wp\/"},{"@type":"ListItem","position":2,"name":"CONGRESSO MARCA NOVA FASE DA ANESTESIOLOGIA NA BAHIA"}]},{"@type":"WebSite","@id":"https:\/\/bahiaeconomica.com.br\/wp\/#website","url":"https:\/\/bahiaeconomica.com.br\/wp\/","name":"Bahia Economica","description":"O maior portal de Economia da Bahia","publisher":{"@id":"https:\/\/bahiaeconomica.com.br\/wp\/#organization"},"potentialAction":[{"@type":"SearchAction","target":{"@type":"EntryPoint","urlTemplate":"https:\/\/bahiaeconomica.com.br\/wp\/?s={search_term_string}"},"query-input":"required name=search_term_string"}],"inLanguage":"pt-BR"},{"@type":"Organization","@id":"https:\/\/bahiaeconomica.com.br\/wp\/#organization","name":"Bahia Econ\u00f4mica","url":"https:\/\/bahiaeconomica.com.br\/wp\/","logo":{"@type":"ImageObject","inLanguage":"pt-BR","@id":"https:\/\/bahiaeconomica.com.br\/wp\/#\/schema\/logo\/image\/","url":"https:\/\/bahiaeconomica.com.br\/wp\/wp-content\/uploads\/2020\/12\/cropped-BE.png","contentUrl":"https:\/\/bahiaeconomica.com.br\/wp\/wp-content\/uploads\/2020\/12\/cropped-BE.png","width":512,"height":512,"caption":"Bahia Econ\u00f4mica"},"image":{"@id":"https:\/\/bahiaeconomica.com.br\/wp\/#\/schema\/logo\/image\/"},"sameAs":["https:\/\/www.facebook.com\/bahiaeconomica"]},{"@type":"Person","@id":"https:\/\/bahiaeconomica.com.br\/wp\/#\/schema\/person\/c86d3a3f8960425a0f9d0e5245991f4e","name":"JP","sameAs":["https:\/\/bahiaeconomica.com.br\/wp\/beta\/"],"url":"https:\/\/bahiaeconomica.com.br\/wp\/author\/jp\/"}]}},"views":6,"_links":{"self":[{"href":"https:\/\/bahiaeconomica.com.br\/wp\/wp-json\/wp\/v2\/posts\/1021670"}],"collection":[{"href":"https:\/\/bahiaeconomica.com.br\/wp\/wp-json\/wp\/v2\/posts"}],"about":[{"href":"https:\/\/bahiaeconomica.com.br\/wp\/wp-json\/wp\/v2\/types\/post"}],"author":[{"embeddable":true,"href":"https:\/\/bahiaeconomica.com.br\/wp\/wp-json\/wp\/v2\/users\/8"}],"replies":[{"embeddable":true,"href":"https:\/\/bahiaeconomica.com.br\/wp\/wp-json\/wp\/v2\/comments?post=1021670"}],"version-history":[{"count":2,"href":"https:\/\/bahiaeconomica.com.br\/wp\/wp-json\/wp\/v2\/posts\/1021670\/revisions"}],"predecessor-version":[{"id":1021674,"href":"https:\/\/bahiaeconomica.com.br\/wp\/wp-json\/wp\/v2\/posts\/1021670\/revisions\/1021674"}],"wp:featuredmedia":[{"embeddable":true,"href":"https:\/\/bahiaeconomica.com.br\/wp\/wp-json\/wp\/v2\/media\/1021672"}],"wp:attachment":[{"href":"https:\/\/bahiaeconomica.com.br\/wp\/wp-json\/wp\/v2\/media?parent=1021670"}],"wp:term":[{"taxonomy":"category","embeddable":true,"href":"https:\/\/bahiaeconomica.com.br\/wp\/wp-json\/wp\/v2\/categories?post=1021670"},{"taxonomy":"post_tag","embeddable":true,"href":"https:\/\/bahiaeconomica.com.br\/wp\/wp-json\/wp\/v2\/tags?post=1021670"}],"curies":[{"name":"wp","href":"https:\/\/api.w.org\/{rel}","templated":true}]}}