{"id":1021525,"date":"2026-09-02T06:58:46","date_gmt":"2026-09-02T09:58:46","guid":{"rendered":"https:\/\/bahiaeconomica.com.br\/wp\/?p=1021525"},"modified":"2026-09-02T06:26:57","modified_gmt":"2026-09-02T09:26:57","slug":"governo-federal-passa-a-exigir-biometria-de-passageiros-em-aeroportos-e-portos","status":"publish","type":"post","link":"https:\/\/bahiaeconomica.com.br\/wp\/2026\/09\/02\/governo-federal-passa-a-exigir-biometria-de-passageiros-em-aeroportos-e-portos\/","title":{"rendered":"GOVERNO FEDERAL PASSA A EXIGIR BIOMETRIA DE PASSAGEIROS EM AEROPORTOS E PORTOS"},"content":{"rendered":"<p>O governo federal instituiu, ontem, ter\u00e7a-feira, 1\u00ba, uma pol\u00edtica nacional para ampliar o uso de identifica\u00e7\u00e3o biom\u00e9trica de passageiros e tripulantes em aeroportos, portos e instala\u00e7\u00f5es hidrovi\u00e1rias do pa\u00eds.<\/p>\n<p>A medida foi formalizada por portaria assinada pelo ministro de Portos e Aeroportos, Tom\u00e9 Franca, e publicada no Di\u00e1rio Oficial da Uni\u00e3o (DOU). A proposta \u00e9 utilizar a biometria para aumentar a seguran\u00e7a e facilitar processos de embarque em viagens nacionais e internacionais.<\/p>\n<p>Apesar de a portaria j\u00e1 estar em vigor, a utiliza\u00e7\u00e3o efetiva da tecnologia nos terminais ainda depender\u00e1 de regulamenta\u00e7\u00f5es e adapta\u00e7\u00f5es.<\/p>\n<p>A regulamenta\u00e7\u00e3o tamb\u00e9m prev\u00ea a possibilidade de ampliar posteriormente a identifica\u00e7\u00e3o biom\u00e9trica para outras pessoas que circulam nessas estruturas.(A Tarde)<\/p>\n<p>Foto: Ag\u00eancia Brasil\/ Antonio Cruz<\/p>\n","protected":false},"excerpt":{"rendered":"<p>O governo federal instituiu, ontem, ter\u00e7a-feira, 1\u00ba, uma pol\u00edtica nacional para ampliar o uso de identifica\u00e7\u00e3o biom\u00e9trica de passageiros e tripulantes em aeroportos, portos e instala\u00e7\u00f5es hidrovi\u00e1rias do pa\u00eds. A medida foi formalizada por portaria assinada pelo ministro de Portos e Aeroportos, Tom\u00e9 Franca, e publicada no Di\u00e1rio Oficial da Uni\u00e3o (DOU). A proposta \u00e9 [&hellip;]<\/p>\n","protected":false},"author":8,"featured_media":1021526,"comment_status":"closed","ping_status":"closed","sticky":false,"template":"","format":"standard","meta":[],"categories":[14,3],"tags":[1130,52,213],"acf":[],"yoast_head":"<!-- This site is optimized with the Yoast SEO plugin v20.8 - https:\/\/yoast.com\/wordpress\/plugins\/seo\/ -->\n<title>GOVERNO FEDERAL PASSA A EXIGIR BIOMETRIA DE PASSAGEIROS EM AEROPORTOS E PORTOS - Bahia Economica<\/title>\n<meta name=\"description\" content=\"O maior portal de Economia da Bahia DESTAQUE DO DIA, ECONOMIA \/ POL\u00cdTICA Bahia Economica O governo federal instituiu, ontem, ter\u00e7a-feira, 1\u00ba, uma pol\u00edtica\" \/>\n<meta name=\"robots\" content=\"index, follow, max-snippet:-1, max-image-preview:large, max-video-preview:-1\" \/>\n<link rel=\"canonical\" href=\"https:\/\/bahiaeconomica.com.br\/wp\/2026\/09\/02\/governo-federal-passa-a-exigir-biometria-de-passageiros-em-aeroportos-e-portos\/\" \/>\n<meta property=\"og:locale\" content=\"pt_BR\" \/>\n<meta property=\"og:type\" content=\"article\" \/>\n<meta property=\"og:title\" content=\"GOVERNO FEDERAL PASSA A EXIGIR BIOMETRIA DE PASSAGEIROS EM AEROPORTOS E PORTOS - Bahia Economica\" \/>\n<meta property=\"og:description\" content=\"O maior portal de Economia da Bahia DESTAQUE DO DIA, ECONOMIA \/ POL\u00cdTICA Bahia Economica O governo federal instituiu, ontem, ter\u00e7a-feira, 1\u00ba, uma pol\u00edtica\" \/>\n<meta property=\"og:url\" content=\"https:\/\/bahiaeconomica.com.br\/wp\/2026\/09\/02\/governo-federal-passa-a-exigir-biometria-de-passageiros-em-aeroportos-e-portos\/\" \/>\n<meta property=\"og:site_name\" content=\"Bahia Economica\" \/>\n<meta property=\"article:publisher\" content=\"https:\/\/www.facebook.com\/bahiaeconomica\" \/>\n<meta property=\"article:published_time\" content=\"2026-09-02T09:58:46+00:00\" \/>\n<meta property=\"article:modified_time\" content=\"2026-09-02T09:26:57+00:00\" \/>\n<meta property=\"og:image\" content=\"https:\/\/bahiaeconomica.com.br\/wp\/wp-content\/uploads\/2026\/09\/fim-do-visto-brasileiros-ganham-entrada-facilitada0138849500202605111211-ScaleDownProportional.webp\" \/>\n\t<meta property=\"og:image:width\" content=\"1170\" \/>\n\t<meta property=\"og:image:height\" content=\"700\" \/>\n\t<meta property=\"og:image:type\" content=\"image\/webp\" \/>\n<meta name=\"author\" content=\"JP\" \/>\n<meta name=\"twitter:card\" content=\"summary_large_image\" \/>\n<meta name=\"twitter:label1\" content=\"Escrito por\" \/>\n\t<meta name=\"twitter:data1\" content=\"JP\" \/>\n\t<meta name=\"twitter:label2\" content=\"Est. tempo de leitura\" \/>\n\t<meta name=\"twitter:data2\" content=\"1 minuto\" \/>\n<script type=\"application\/ld+json\" class=\"yoast-schema-graph\">{\"@context\":\"https:\/\/schema.org\",\"@graph\":[{\"@type\":\"Article\",\"@id\":\"https:\/\/bahiaeconomica.com.br\/wp\/2026\/09\/02\/governo-federal-passa-a-exigir-biometria-de-passageiros-em-aeroportos-e-portos\/#article\",\"isPartOf\":{\"@id\":\"https:\/\/bahiaeconomica.com.br\/wp\/2026\/09\/02\/governo-federal-passa-a-exigir-biometria-de-passageiros-em-aeroportos-e-portos\/\"},\"author\":{\"name\":\"JP\",\"@id\":\"https:\/\/bahiaeconomica.com.br\/wp\/#\/schema\/person\/c86d3a3f8960425a0f9d0e5245991f4e\"},\"headline\":\"GOVERNO FEDERAL PASSA A EXIGIR BIOMETRIA DE PASSAGEIROS EM AEROPORTOS E PORTOS\",\"datePublished\":\"2026-09-02T09:58:46+00:00\",\"dateModified\":\"2026-09-02T09:26:57+00:00\",\"mainEntityOfPage\":{\"@id\":\"https:\/\/bahiaeconomica.com.br\/wp\/2026\/09\/02\/governo-federal-passa-a-exigir-biometria-de-passageiros-em-aeroportos-e-portos\/\"},\"wordCount\":147,\"publisher\":{\"@id\":\"https:\/\/bahiaeconomica.com.br\/wp\/#organization\"},\"keywords\":[\"aeroporto\",\"Brasil\",\"Economia\"],\"articleSection\":[\"DESTAQUE DO DIA\",\"ECONOMIA \/ POL\u00cdTICA\"],\"inLanguage\":\"pt-BR\"},{\"@type\":\"WebPage\",\"@id\":\"https:\/\/bahiaeconomica.com.br\/wp\/2026\/09\/02\/governo-federal-passa-a-exigir-biometria-de-passageiros-em-aeroportos-e-portos\/\",\"url\":\"https:\/\/bahiaeconomica.com.br\/wp\/2026\/09\/02\/governo-federal-passa-a-exigir-biometria-de-passageiros-em-aeroportos-e-portos\/\",\"name\":\"GOVERNO FEDERAL PASSA A EXIGIR BIOMETRIA DE PASSAGEIROS EM AEROPORTOS E PORTOS - Bahia Economica\",\"isPartOf\":{\"@id\":\"https:\/\/bahiaeconomica.com.br\/wp\/#website\"},\"datePublished\":\"2026-09-02T09:58:46+00:00\",\"dateModified\":\"2026-09-02T09:26:57+00:00\",\"description\":\"O maior portal de Economia da Bahia DESTAQUE DO DIA, ECONOMIA \/ POL\u00cdTICA Bahia Economica O governo federal instituiu, ontem, ter\u00e7a-feira, 1\u00ba, uma pol\u00edtica\",\"breadcrumb\":{\"@id\":\"https:\/\/bahiaeconomica.com.br\/wp\/2026\/09\/02\/governo-federal-passa-a-exigir-biometria-de-passageiros-em-aeroportos-e-portos\/#breadcrumb\"},\"inLanguage\":\"pt-BR\",\"potentialAction\":[{\"@type\":\"ReadAction\",\"target\":[\"https:\/\/bahiaeconomica.com.br\/wp\/2026\/09\/02\/governo-federal-passa-a-exigir-biometria-de-passageiros-em-aeroportos-e-portos\/\"]}]},{\"@type\":\"BreadcrumbList\",\"@id\":\"https:\/\/bahiaeconomica.com.br\/wp\/2026\/09\/02\/governo-federal-passa-a-exigir-biometria-de-passageiros-em-aeroportos-e-portos\/#breadcrumb\",\"itemListElement\":[{\"@type\":\"ListItem\",\"position\":1,\"name\":\"In\u00edcio\",\"item\":\"https:\/\/bahiaeconomica.com.br\/wp\/\"},{\"@type\":\"ListItem\",\"position\":2,\"name\":\"GOVERNO FEDERAL PASSA A EXIGIR BIOMETRIA DE PASSAGEIROS EM AEROPORTOS E PORTOS\"}]},{\"@type\":\"WebSite\",\"@id\":\"https:\/\/bahiaeconomica.com.br\/wp\/#website\",\"url\":\"https:\/\/bahiaeconomica.com.br\/wp\/\",\"name\":\"Bahia Economica\",\"description\":\"O maior portal de Economia da Bahia\",\"publisher\":{\"@id\":\"https:\/\/bahiaeconomica.com.br\/wp\/#organization\"},\"potentialAction\":[{\"@type\":\"SearchAction\",\"target\":{\"@type\":\"EntryPoint\",\"urlTemplate\":\"https:\/\/bahiaeconomica.com.br\/wp\/?s={search_term_string}\"},\"query-input\":\"required name=search_term_string\"}],\"inLanguage\":\"pt-BR\"},{\"@type\":\"Organization\",\"@id\":\"https:\/\/bahiaeconomica.com.br\/wp\/#organization\",\"name\":\"Bahia Econ\u00f4mica\",\"url\":\"https:\/\/bahiaeconomica.com.br\/wp\/\",\"logo\":{\"@type\":\"ImageObject\",\"inLanguage\":\"pt-BR\",\"@id\":\"https:\/\/bahiaeconomica.com.br\/wp\/#\/schema\/logo\/image\/\",\"url\":\"https:\/\/bahiaeconomica.com.br\/wp\/wp-content\/uploads\/2020\/12\/cropped-BE.png\",\"contentUrl\":\"https:\/\/bahiaeconomica.com.br\/wp\/wp-content\/uploads\/2020\/12\/cropped-BE.png\",\"width\":512,\"height\":512,\"caption\":\"Bahia Econ\u00f4mica\"},\"image\":{\"@id\":\"https:\/\/bahiaeconomica.com.br\/wp\/#\/schema\/logo\/image\/\"},\"sameAs\":[\"https:\/\/www.facebook.com\/bahiaeconomica\"]},{\"@type\":\"Person\",\"@id\":\"https:\/\/bahiaeconomica.com.br\/wp\/#\/schema\/person\/c86d3a3f8960425a0f9d0e5245991f4e\",\"name\":\"JP\",\"sameAs\":[\"https:\/\/bahiaeconomica.com.br\/wp\/beta\/\"],\"url\":\"https:\/\/bahiaeconomica.com.br\/wp\/author\/jp\/\"}]}<\/script>\n<!-- \/ Yoast SEO plugin. -->","yoast_head_json":{"title":"GOVERNO FEDERAL PASSA A EXIGIR BIOMETRIA DE PASSAGEIROS EM AEROPORTOS E PORTOS - Bahia Economica","description":"O maior portal de Economia da Bahia DESTAQUE DO DIA, ECONOMIA \/ POL\u00cdTICA Bahia Economica O governo federal instituiu, ontem, ter\u00e7a-feira, 1\u00ba, uma pol\u00edtica","robots":{"index":"index","follow":"follow","max-snippet":"max-snippet:-1","max-image-preview":"max-image-preview:large","max-video-preview":"max-video-preview:-1"},"canonical":"https:\/\/bahiaeconomica.com.br\/wp\/2026\/09\/02\/governo-federal-passa-a-exigir-biometria-de-passageiros-em-aeroportos-e-portos\/","og_locale":"pt_BR","og_type":"article","og_title":"GOVERNO FEDERAL PASSA A EXIGIR BIOMETRIA DE PASSAGEIROS EM AEROPORTOS E PORTOS - Bahia Economica","og_description":"O maior portal de Economia da Bahia DESTAQUE DO DIA, ECONOMIA \/ POL\u00cdTICA Bahia Economica O governo federal instituiu, ontem, ter\u00e7a-feira, 1\u00ba, uma pol\u00edtica","og_url":"https:\/\/bahiaeconomica.com.br\/wp\/2026\/09\/02\/governo-federal-passa-a-exigir-biometria-de-passageiros-em-aeroportos-e-portos\/","og_site_name":"Bahia Economica","article_publisher":"https:\/\/www.facebook.com\/bahiaeconomica","article_published_time":"2026-09-02T09:58:46+00:00","article_modified_time":"2026-09-02T09:26:57+00:00","og_image":[{"width":1170,"height":700,"url":"https:\/\/bahiaeconomica.com.br\/wp\/wp-content\/uploads\/2026\/09\/fim-do-visto-brasileiros-ganham-entrada-facilitada0138849500202605111211-ScaleDownProportional.webp","type":"image\/webp"}],"author":"JP","twitter_card":"summary_large_image","twitter_misc":{"Escrito por":"JP","Est. tempo de leitura":"1 minuto"},"schema":{"@context":"https:\/\/schema.org","@graph":[{"@type":"Article","@id":"https:\/\/bahiaeconomica.com.br\/wp\/2026\/09\/02\/governo-federal-passa-a-exigir-biometria-de-passageiros-em-aeroportos-e-portos\/#article","isPartOf":{"@id":"https:\/\/bahiaeconomica.com.br\/wp\/2026\/09\/02\/governo-federal-passa-a-exigir-biometria-de-passageiros-em-aeroportos-e-portos\/"},"author":{"name":"JP","@id":"https:\/\/bahiaeconomica.com.br\/wp\/#\/schema\/person\/c86d3a3f8960425a0f9d0e5245991f4e"},"headline":"GOVERNO FEDERAL PASSA A EXIGIR BIOMETRIA DE PASSAGEIROS EM AEROPORTOS E PORTOS","datePublished":"2026-09-02T09:58:46+00:00","dateModified":"2026-09-02T09:26:57+00:00","mainEntityOfPage":{"@id":"https:\/\/bahiaeconomica.com.br\/wp\/2026\/09\/02\/governo-federal-passa-a-exigir-biometria-de-passageiros-em-aeroportos-e-portos\/"},"wordCount":147,"publisher":{"@id":"https:\/\/bahiaeconomica.com.br\/wp\/#organization"},"keywords":["aeroporto","Brasil","Economia"],"articleSection":["DESTAQUE DO DIA","ECONOMIA \/ POL\u00cdTICA"],"inLanguage":"pt-BR"},{"@type":"WebPage","@id":"https:\/\/bahiaeconomica.com.br\/wp\/2026\/09\/02\/governo-federal-passa-a-exigir-biometria-de-passageiros-em-aeroportos-e-portos\/","url":"https:\/\/bahiaeconomica.com.br\/wp\/2026\/09\/02\/governo-federal-passa-a-exigir-biometria-de-passageiros-em-aeroportos-e-portos\/","name":"GOVERNO FEDERAL PASSA A EXIGIR BIOMETRIA DE PASSAGEIROS EM AEROPORTOS E PORTOS - Bahia Economica","isPartOf":{"@id":"https:\/\/bahiaeconomica.com.br\/wp\/#website"},"datePublished":"2026-09-02T09:58:46+00:00","dateModified":"2026-09-02T09:26:57+00:00","description":"O maior portal de Economia da Bahia DESTAQUE DO DIA, ECONOMIA \/ POL\u00cdTICA Bahia Economica O governo federal instituiu, ontem, ter\u00e7a-feira, 1\u00ba, uma pol\u00edtica","breadcrumb":{"@id":"https:\/\/bahiaeconomica.com.br\/wp\/2026\/09\/02\/governo-federal-passa-a-exigir-biometria-de-passageiros-em-aeroportos-e-portos\/#breadcrumb"},"inLanguage":"pt-BR","potentialAction":[{"@type":"ReadAction","target":["https:\/\/bahiaeconomica.com.br\/wp\/2026\/09\/02\/governo-federal-passa-a-exigir-biometria-de-passageiros-em-aeroportos-e-portos\/"]}]},{"@type":"BreadcrumbList","@id":"https:\/\/bahiaeconomica.com.br\/wp\/2026\/09\/02\/governo-federal-passa-a-exigir-biometria-de-passageiros-em-aeroportos-e-portos\/#breadcrumb","itemListElement":[{"@type":"ListItem","position":1,"name":"In\u00edcio","item":"https:\/\/bahiaeconomica.com.br\/wp\/"},{"@type":"ListItem","position":2,"name":"GOVERNO FEDERAL PASSA A EXIGIR BIOMETRIA DE PASSAGEIROS EM AEROPORTOS E PORTOS"}]},{"@type":"WebSite","@id":"https:\/\/bahiaeconomica.com.br\/wp\/#website","url":"https:\/\/bahiaeconomica.com.br\/wp\/","name":"Bahia Economica","description":"O maior portal de Economia da Bahia","publisher":{"@id":"https:\/\/bahiaeconomica.com.br\/wp\/#organization"},"potentialAction":[{"@type":"SearchAction","target":{"@type":"EntryPoint","urlTemplate":"https:\/\/bahiaeconomica.com.br\/wp\/?s={search_term_string}"},"query-input":"required name=search_term_string"}],"inLanguage":"pt-BR"},{"@type":"Organization","@id":"https:\/\/bahiaeconomica.com.br\/wp\/#organization","name":"Bahia Econ\u00f4mica","url":"https:\/\/bahiaeconomica.com.br\/wp\/","logo":{"@type":"ImageObject","inLanguage":"pt-BR","@id":"https:\/\/bahiaeconomica.com.br\/wp\/#\/schema\/logo\/image\/","url":"https:\/\/bahiaeconomica.com.br\/wp\/wp-content\/uploads\/2020\/12\/cropped-BE.png","contentUrl":"https:\/\/bahiaeconomica.com.br\/wp\/wp-content\/uploads\/2020\/12\/cropped-BE.png","width":512,"height":512,"caption":"Bahia Econ\u00f4mica"},"image":{"@id":"https:\/\/bahiaeconomica.com.br\/wp\/#\/schema\/logo\/image\/"},"sameAs":["https:\/\/www.facebook.com\/bahiaeconomica"]},{"@type":"Person","@id":"https:\/\/bahiaeconomica.com.br\/wp\/#\/schema\/person\/c86d3a3f8960425a0f9d0e5245991f4e","name":"JP","sameAs":["https:\/\/bahiaeconomica.com.br\/wp\/beta\/"],"url":"https:\/\/bahiaeconomica.com.br\/wp\/author\/jp\/"}]}},"views":2,"_links":{"self":[{"href":"https:\/\/bahiaeconomica.com.br\/wp\/wp-json\/wp\/v2\/posts\/1021525"}],"collection":[{"href":"https:\/\/bahiaeconomica.com.br\/wp\/wp-json\/wp\/v2\/posts"}],"about":[{"href":"https:\/\/bahiaeconomica.com.br\/wp\/wp-json\/wp\/v2\/types\/post"}],"author":[{"embeddable":true,"href":"https:\/\/bahiaeconomica.com.br\/wp\/wp-json\/wp\/v2\/users\/8"}],"replies":[{"embeddable":true,"href":"https:\/\/bahiaeconomica.com.br\/wp\/wp-json\/wp\/v2\/comments?post=1021525"}],"version-history":[{"count":2,"href":"https:\/\/bahiaeconomica.com.br\/wp\/wp-json\/wp\/v2\/posts\/1021525\/revisions"}],"predecessor-version":[{"id":1021528,"href":"https:\/\/bahiaeconomica.com.br\/wp\/wp-json\/wp\/v2\/posts\/1021525\/revisions\/1021528"}],"wp:featuredmedia":[{"embeddable":true,"href":"https:\/\/bahiaeconomica.com.br\/wp\/wp-json\/wp\/v2\/media\/1021526"}],"wp:attachment":[{"href":"https:\/\/bahiaeconomica.com.br\/wp\/wp-json\/wp\/v2\/media?parent=1021525"}],"wp:term":[{"taxonomy":"category","embeddable":true,"href":"https:\/\/bahiaeconomica.com.br\/wp\/wp-json\/wp\/v2\/categories?post=1021525"},{"taxonomy":"post_tag","embeddable":true,"href":"https:\/\/bahiaeconomica.com.br\/wp\/wp-json\/wp\/v2\/tags?post=1021525"}],"curies":[{"name":"wp","href":"https:\/\/api.w.org\/{rel}","templated":true}]}}