{"id":1021501,"date":"2026-09-01T18:15:47","date_gmt":"2026-09-01T21:15:47","guid":{"rendered":"https:\/\/bahiaeconomica.com.br\/wp\/?p=1021501"},"modified":"2026-09-01T18:15:47","modified_gmt":"2026-09-01T21:15:47","slug":"academias-gratuitas-de-salvador-ultrapassam-840-mil-acessos-e-passam-a-usar-novo-sistema-de-agendamento","status":"publish","type":"post","link":"https:\/\/bahiaeconomica.com.br\/wp\/2026\/09\/01\/academias-gratuitas-de-salvador-ultrapassam-840-mil-acessos-e-passam-a-usar-novo-sistema-de-agendamento\/","title":{"rendered":"ACADEMIAS GRATUITAS DE SALVADOR ULTRAPASSAM 840 MIL ACESSOS E PASSAM A USAR NOVO SISTEMA DE AGENDAMENTO"},"content":{"rendered":"<p>As Academias Salvador, espa\u00e7os gratuitos mantidos pela Prefeitura de Salvador, j\u00e1 contabilizam 840.323 acessos desde a inaugura\u00e7\u00e3o da primeira unidade, em junho de 2024. O balan\u00e7o \u00e9 da Secretaria Municipal de Promo\u00e7\u00e3o Social, Combate \u00e0 Pobreza, Esportes e Lazer (Sempre), respons\u00e1vel pela iniciativa que hoje est\u00e1 presente em 15 pontos da capital baiana.<\/p>\n<p>Al\u00e9m do n\u00famero expressivo de atendimentos, o programa re\u00fane aproximadamente 35 mil usu\u00e1rios considerados fixos, ou seja, pessoas que frequentam as unidades pelo menos duas vezes por semana. Com a amplia\u00e7\u00e3o do servi\u00e7o, a Prefeitura tamb\u00e9m decidiu modificar o sistema utilizado para cadastro e marca\u00e7\u00e3o das atividades.<\/p>\n<p><a href=\"https:\/\/salvadordigital.salvador.ba.gov.br\/servico\/sempre-agendamento-para-academias-salvador118\">A partir de agora, os procedimentos ser\u00e3o realizados exclusivamente pelo Salvador Digital, plataforma de servi\u00e7os on-line do munic\u00edpio. Quem j\u00e1 possui cadastro no sistema n\u00e3o precisar\u00e1 fornecer novamente os dados pessoais. Basta acessar a plataforma para escolher e agendar as aulas dispon\u00edveis.<\/a><\/p>\n<p>A mudan\u00e7a foi adotada, segundo a Sempre, para tornar o acesso mais simples. O novo modelo substitui o aplicativo que era utilizado anteriormente e tamb\u00e9m deve facilitar a vida de usu\u00e1rios que enfrentavam dificuldades relacionadas ao espa\u00e7o de armazenamento dos celulares.<\/p>\n<p>O secret\u00e1rio J\u00fanior Magalh\u00e3es explica que a atualiza\u00e7\u00e3o faz parte de uma reestrutura\u00e7\u00e3o do projeto. &#8220;Fizemos uma reconfigura\u00e7\u00e3o do projeto da Academia Salvador para facilitar a vida do cidad\u00e3o. N\u00e3o vamos precisar mais de aplicativo, agora o servi\u00e7o ser\u00e1 atrav\u00e9s do portal Salvador Digital. Al\u00e9m disso, estamos fazendo uma nova comunica\u00e7\u00e3o visual com a identidade de Salvador. Essa \u00e9 uma pol\u00edtica p\u00fablica importante, porque as academias s\u00e3o mais do que espa\u00e7os de muscula\u00e7\u00e3o; s\u00e3o esta\u00e7\u00f5es de sa\u00fade&#8221;, afirma.<\/p>\n<p>A nova ferramenta tamb\u00e9m dever\u00e1 ampliar os recursos oferecidos aos frequentadores. Entre as novidades est\u00e3o v\u00eddeos produzidos por profissionais com orienta\u00e7\u00f5es sobre a execu\u00e7\u00e3o correta dos exerc\u00edcios, recurso que n\u00e3o estava dispon\u00edvel no antigo aplicativo.<\/p>\n<p>Atualmente, o programa conta com 89 professores de Educa\u00e7\u00e3o F\u00edsica e cerca de 30 estagi\u00e1rios, al\u00e9m das equipes respons\u00e1veis pela recep\u00e7\u00e3o dos usu\u00e1rios. A presen\u00e7a de profissionais \u00e9 considerada pela Prefeitura um dos principais diferenciais do servi\u00e7o, especialmente para orientar os alunos durante a realiza\u00e7\u00e3o das atividades.<\/p>\n<p>Aos 71 anos, o eletrot\u00e9cnico aposentado Raimundo Nonato \u00e9 um dos frequentadores ass\u00edduos da iniciativa. Ele come\u00e7ou a utilizar a primeira unidade, no Dique do Toror\u00f3, apenas dois dias depois da inaugura\u00e7\u00e3o e passou a incorporar a muscula\u00e7\u00e3o \u00e0 rotina.<\/p>\n<p>Antes de conhecer o espa\u00e7o, Raimundo tinha o h\u00e1bito de caminhar, mas recebeu do cardiologista a orienta\u00e7\u00e3o para incluir exerc\u00edcios de muscula\u00e7\u00e3o na rotina. Desde ent\u00e3o, passou a frequentar a academia de segunda a sexta-feira.<\/p>\n<p>&#8220;Eu fazia caminhada, mas meu cardiologista disse que somente a caminhada n\u00e3o resolveria o problema da minha press\u00e3o alta. Comecei a frequentar a academia da Prefeitura, de segunda \u00e0 sexta-feira, j\u00e1 faz dois anos, e a dosagem da minha medica\u00e7\u00e3o reduziu. Ganhei mais sa\u00fade&#8221;, relata.<\/p>\n<p>A Prefeitura tamb\u00e9m planeja ampliar a oferta. De acordo com J\u00fanior Magalh\u00e3es, outras 15 Academias Salvador dever\u00e3o ser constru\u00eddas gradualmente em diferentes regi\u00f5es da cidade.<\/p>\n<p>A programa\u00e7\u00e3o de atividades coletivas tamb\u00e9m dever\u00e1 crescer, com modalidades como boxe, yoga, pilates, zumba e muay thai. A inten\u00e7\u00e3o \u00e9 diversificar as op\u00e7\u00f5es dispon\u00edveis e atrair diferentes p\u00fablicos para os espa\u00e7os.<\/p>\n<p>O professor Leonardo Martins, que atua na unidade localizada na Avenida Bonoc\u00f4, destaca que a pr\u00e1tica orientada de exerc\u00edcios ganha ainda mais import\u00e2ncia diante do envelhecimento da popula\u00e7\u00e3o. Para ele, o acompanhamento profissional ajuda a reduzir riscos e permite que cada pessoa realize os movimentos de acordo com suas necessidades.<\/p>\n<p>&#8220;A popula\u00e7\u00e3o est\u00e1 envelhecendo; e quando envelhecemos, ocorre a sarcopenia, a perda de massa magra com a idade. Por\u00e9m, \u00e9 importante fazer as atividades com um profissional para evitar les\u00f5es e treinar de forma adequada&#8221;, afirma.<\/p>\n<p>As unidades das Academias Salvador est\u00e3o instaladas em Amaralina, Barros Reis, Boca do Rio, Bonfim, Cajazeiras, Calabar, Dique do Toror\u00f3, Imbu\u00ed, Itapu\u00e3, Largo do Tanque, Man\u00e9 Dend\u00ea, Narandiba, S\u00e3o Caetano, S\u00e3o Tom\u00e9 de Paripe e no canteiro central da Avenida Bonoc\u00f4.<\/p>\n<p>Foto: Vitor Santos \/ Sempre<\/p>\n","protected":false},"excerpt":{"rendered":"<p>As Academias Salvador, espa\u00e7os gratuitos mantidos pela Prefeitura de Salvador, j\u00e1 contabilizam 840.323 acessos desde a inaugura\u00e7\u00e3o da primeira unidade, em junho de 2024. O balan\u00e7o \u00e9 da Secretaria Municipal de Promo\u00e7\u00e3o Social, Combate \u00e0 Pobreza, Esportes e Lazer (Sempre), respons\u00e1vel pela iniciativa que hoje est\u00e1 presente em 15 pontos da capital baiana. Al\u00e9m do [&hellip;]<\/p>\n","protected":false},"author":24,"featured_media":1021502,"comment_status":"closed","ping_status":"closed","sticky":false,"template":"","format":"standard","meta":[],"categories":[5],"tags":[2358,1034,1188],"acf":[],"yoast_head":"<!-- This site is optimized with the Yoast SEO plugin v20.8 - https:\/\/yoast.com\/wordpress\/plugins\/seo\/ -->\n<title>ACADEMIAS GRATUITAS DE SALVADOR ULTRAPASSAM 840 MIL ACESSOS E PASSAM A USAR NOVO SISTEMA DE AGENDAMENTO - Bahia Economica As Academias Salvador, espa\u00e7os gratuitos mantidos pela Prefeitura de Salvador, j\u00e1 contabilizam 840.323 acessos desde a inaugura\u00e7\u00e3o da primeira unidade, em junho de 2024.<\/title>\n<meta name=\"description\" content=\"O maior portal de Economia da Bahia MUNIC\u00cdPIOS Bahia Economica As Academias Salvador, espa\u00e7os gratuitos mantidos pela Prefeitura de Salvador, j\u00e1 contabilizam 840.323 acessos desde a inaugura\u00e7\u00e3o da primeira unidade, em junho de 2024.\" \/>\n<meta name=\"robots\" content=\"index, follow, max-snippet:-1, max-image-preview:large, max-video-preview:-1\" \/>\n<link rel=\"canonical\" href=\"https:\/\/bahiaeconomica.com.br\/wp\/2026\/09\/01\/academias-gratuitas-de-salvador-ultrapassam-840-mil-acessos-e-passam-a-usar-novo-sistema-de-agendamento\/\" \/>\n<meta property=\"og:locale\" content=\"pt_BR\" \/>\n<meta property=\"og:type\" content=\"article\" \/>\n<meta property=\"og:title\" content=\"ACADEMIAS GRATUITAS DE SALVADOR ULTRAPASSAM 840 MIL ACESSOS E PASSAM A USAR NOVO SISTEMA DE AGENDAMENTO - Bahia Economica As Academias Salvador, espa\u00e7os gratuitos mantidos pela Prefeitura de Salvador, j\u00e1 contabilizam 840.323 acessos desde a inaugura\u00e7\u00e3o da primeira unidade, em junho de 2024.\" \/>\n<meta property=\"og:description\" content=\"O maior portal de Economia da Bahia MUNIC\u00cdPIOS Bahia Economica As Academias Salvador, espa\u00e7os gratuitos mantidos pela Prefeitura de Salvador, j\u00e1 contabilizam 840.323 acessos desde a inaugura\u00e7\u00e3o da primeira unidade, em junho de 2024.\" \/>\n<meta property=\"og:url\" content=\"https:\/\/bahiaeconomica.com.br\/wp\/2026\/09\/01\/academias-gratuitas-de-salvador-ultrapassam-840-mil-acessos-e-passam-a-usar-novo-sistema-de-agendamento\/\" \/>\n<meta property=\"og:site_name\" content=\"Bahia Economica\" \/>\n<meta property=\"article:publisher\" content=\"https:\/\/www.facebook.com\/bahiaeconomica\" \/>\n<meta property=\"article:published_time\" content=\"2026-09-01T21:15:47+00:00\" \/>\n<meta property=\"og:image\" content=\"https:\/\/bahiaeconomica.com.br\/wp\/wp-content\/uploads\/2026\/09\/WhatsApp-Image-2026-09-01-at-16.51.51-2.jpeg\" \/>\n\t<meta property=\"og:image:width\" content=\"1600\" \/>\n\t<meta property=\"og:image:height\" content=\"1081\" \/>\n\t<meta property=\"og:image:type\" content=\"image\/jpeg\" \/>\n<meta name=\"author\" content=\"VICTOR OLIVEIRA\" \/>\n<meta name=\"twitter:card\" content=\"summary_large_image\" \/>\n<meta name=\"twitter:label1\" content=\"Escrito por\" \/>\n\t<meta name=\"twitter:data1\" content=\"VICTOR OLIVEIRA\" \/>\n\t<meta name=\"twitter:label2\" content=\"Est. tempo de leitura\" \/>\n\t<meta name=\"twitter:data2\" content=\"4 minutos\" \/>\n<script type=\"application\/ld+json\" class=\"yoast-schema-graph\">{\"@context\":\"https:\/\/schema.org\",\"@graph\":[{\"@type\":\"Article\",\"@id\":\"https:\/\/bahiaeconomica.com.br\/wp\/2026\/09\/01\/academias-gratuitas-de-salvador-ultrapassam-840-mil-acessos-e-passam-a-usar-novo-sistema-de-agendamento\/#article\",\"isPartOf\":{\"@id\":\"https:\/\/bahiaeconomica.com.br\/wp\/2026\/09\/01\/academias-gratuitas-de-salvador-ultrapassam-840-mil-acessos-e-passam-a-usar-novo-sistema-de-agendamento\/\"},\"author\":{\"name\":\"VICTOR OLIVEIRA\",\"@id\":\"https:\/\/bahiaeconomica.com.br\/wp\/#\/schema\/person\/a17956d0e1112b626f403fb06b8129a9\"},\"headline\":\"ACADEMIAS GRATUITAS DE SALVADOR ULTRAPASSAM 840 MIL ACESSOS E PASSAM A USAR NOVO SISTEMA DE AGENDAMENTO\",\"datePublished\":\"2026-09-01T21:15:47+00:00\",\"dateModified\":\"2026-09-01T21:15:47+00:00\",\"mainEntityOfPage\":{\"@id\":\"https:\/\/bahiaeconomica.com.br\/wp\/2026\/09\/01\/academias-gratuitas-de-salvador-ultrapassam-840-mil-acessos-e-passam-a-usar-novo-sistema-de-agendamento\/\"},\"wordCount\":747,\"publisher\":{\"@id\":\"https:\/\/bahiaeconomica.com.br\/wp\/#organization\"},\"keywords\":[\"academia\",\"acesso\",\"agendamento\"],\"articleSection\":[\"MUNIC\u00cdPIOS\"],\"inLanguage\":\"pt-BR\"},{\"@type\":\"WebPage\",\"@id\":\"https:\/\/bahiaeconomica.com.br\/wp\/2026\/09\/01\/academias-gratuitas-de-salvador-ultrapassam-840-mil-acessos-e-passam-a-usar-novo-sistema-de-agendamento\/\",\"url\":\"https:\/\/bahiaeconomica.com.br\/wp\/2026\/09\/01\/academias-gratuitas-de-salvador-ultrapassam-840-mil-acessos-e-passam-a-usar-novo-sistema-de-agendamento\/\",\"name\":\"ACADEMIAS GRATUITAS DE SALVADOR ULTRAPASSAM 840 MIL ACESSOS E PASSAM A USAR NOVO SISTEMA DE AGENDAMENTO - Bahia Economica As Academias Salvador, espa\u00e7os gratuitos mantidos pela Prefeitura de Salvador, j\u00e1 contabilizam 840.323 acessos desde a inaugura\u00e7\u00e3o da primeira unidade, em junho de 2024.\",\"isPartOf\":{\"@id\":\"https:\/\/bahiaeconomica.com.br\/wp\/#website\"},\"datePublished\":\"2026-09-01T21:15:47+00:00\",\"dateModified\":\"2026-09-01T21:15:47+00:00\",\"description\":\"O maior portal de Economia da Bahia MUNIC\u00cdPIOS Bahia Economica As Academias Salvador, espa\u00e7os gratuitos mantidos pela Prefeitura de Salvador, j\u00e1 contabilizam 840.323 acessos desde a inaugura\u00e7\u00e3o da primeira unidade, em junho de 2024.\",\"breadcrumb\":{\"@id\":\"https:\/\/bahiaeconomica.com.br\/wp\/2026\/09\/01\/academias-gratuitas-de-salvador-ultrapassam-840-mil-acessos-e-passam-a-usar-novo-sistema-de-agendamento\/#breadcrumb\"},\"inLanguage\":\"pt-BR\",\"potentialAction\":[{\"@type\":\"ReadAction\",\"target\":[\"https:\/\/bahiaeconomica.com.br\/wp\/2026\/09\/01\/academias-gratuitas-de-salvador-ultrapassam-840-mil-acessos-e-passam-a-usar-novo-sistema-de-agendamento\/\"]}]},{\"@type\":\"BreadcrumbList\",\"@id\":\"https:\/\/bahiaeconomica.com.br\/wp\/2026\/09\/01\/academias-gratuitas-de-salvador-ultrapassam-840-mil-acessos-e-passam-a-usar-novo-sistema-de-agendamento\/#breadcrumb\",\"itemListElement\":[{\"@type\":\"ListItem\",\"position\":1,\"name\":\"In\u00edcio\",\"item\":\"https:\/\/bahiaeconomica.com.br\/wp\/\"},{\"@type\":\"ListItem\",\"position\":2,\"name\":\"ACADEMIAS GRATUITAS DE SALVADOR ULTRAPASSAM 840 MIL ACESSOS E PASSAM A USAR NOVO SISTEMA DE AGENDAMENTO\"}]},{\"@type\":\"WebSite\",\"@id\":\"https:\/\/bahiaeconomica.com.br\/wp\/#website\",\"url\":\"https:\/\/bahiaeconomica.com.br\/wp\/\",\"name\":\"Bahia Economica\",\"description\":\"O maior portal de Economia da Bahia\",\"publisher\":{\"@id\":\"https:\/\/bahiaeconomica.com.br\/wp\/#organization\"},\"potentialAction\":[{\"@type\":\"SearchAction\",\"target\":{\"@type\":\"EntryPoint\",\"urlTemplate\":\"https:\/\/bahiaeconomica.com.br\/wp\/?s={search_term_string}\"},\"query-input\":\"required name=search_term_string\"}],\"inLanguage\":\"pt-BR\"},{\"@type\":\"Organization\",\"@id\":\"https:\/\/bahiaeconomica.com.br\/wp\/#organization\",\"name\":\"Bahia Econ\u00f4mica\",\"url\":\"https:\/\/bahiaeconomica.com.br\/wp\/\",\"logo\":{\"@type\":\"ImageObject\",\"inLanguage\":\"pt-BR\",\"@id\":\"https:\/\/bahiaeconomica.com.br\/wp\/#\/schema\/logo\/image\/\",\"url\":\"https:\/\/bahiaeconomica.com.br\/wp\/wp-content\/uploads\/2020\/12\/cropped-BE.png\",\"contentUrl\":\"https:\/\/bahiaeconomica.com.br\/wp\/wp-content\/uploads\/2020\/12\/cropped-BE.png\",\"width\":512,\"height\":512,\"caption\":\"Bahia Econ\u00f4mica\"},\"image\":{\"@id\":\"https:\/\/bahiaeconomica.com.br\/wp\/#\/schema\/logo\/image\/\"},\"sameAs\":[\"https:\/\/www.facebook.com\/bahiaeconomica\"]},{\"@type\":\"Person\",\"@id\":\"https:\/\/bahiaeconomica.com.br\/wp\/#\/schema\/person\/a17956d0e1112b626f403fb06b8129a9\",\"name\":\"VICTOR OLIVEIRA\",\"sameAs\":[\"http:\/\/www.bahiaeconomica.com.br\"],\"url\":\"https:\/\/bahiaeconomica.com.br\/wp\/author\/victor-oliveira\/\"}]}<\/script>\n<!-- \/ Yoast SEO plugin. -->","yoast_head_json":{"title":"ACADEMIAS GRATUITAS DE SALVADOR ULTRAPASSAM 840 MIL ACESSOS E PASSAM A USAR NOVO SISTEMA DE AGENDAMENTO - Bahia Economica As Academias Salvador, espa\u00e7os gratuitos mantidos pela Prefeitura de Salvador, j\u00e1 contabilizam 840.323 acessos desde a inaugura\u00e7\u00e3o da primeira unidade, em junho de 2024.","description":"O maior portal de Economia da Bahia MUNIC\u00cdPIOS Bahia Economica As Academias Salvador, espa\u00e7os gratuitos mantidos pela Prefeitura de Salvador, j\u00e1 contabilizam 840.323 acessos desde a inaugura\u00e7\u00e3o da primeira unidade, em junho de 2024.","robots":{"index":"index","follow":"follow","max-snippet":"max-snippet:-1","max-image-preview":"max-image-preview:large","max-video-preview":"max-video-preview:-1"},"canonical":"https:\/\/bahiaeconomica.com.br\/wp\/2026\/09\/01\/academias-gratuitas-de-salvador-ultrapassam-840-mil-acessos-e-passam-a-usar-novo-sistema-de-agendamento\/","og_locale":"pt_BR","og_type":"article","og_title":"ACADEMIAS GRATUITAS DE SALVADOR ULTRAPASSAM 840 MIL ACESSOS E PASSAM A USAR NOVO SISTEMA DE AGENDAMENTO - Bahia Economica As Academias Salvador, espa\u00e7os gratuitos mantidos pela Prefeitura de Salvador, j\u00e1 contabilizam 840.323 acessos desde a inaugura\u00e7\u00e3o da primeira unidade, em junho de 2024.","og_description":"O maior portal de Economia da Bahia MUNIC\u00cdPIOS Bahia Economica As Academias Salvador, espa\u00e7os gratuitos mantidos pela Prefeitura de Salvador, j\u00e1 contabilizam 840.323 acessos desde a inaugura\u00e7\u00e3o da primeira unidade, em junho de 2024.","og_url":"https:\/\/bahiaeconomica.com.br\/wp\/2026\/09\/01\/academias-gratuitas-de-salvador-ultrapassam-840-mil-acessos-e-passam-a-usar-novo-sistema-de-agendamento\/","og_site_name":"Bahia Economica","article_publisher":"https:\/\/www.facebook.com\/bahiaeconomica","article_published_time":"2026-09-01T21:15:47+00:00","og_image":[{"width":1600,"height":1081,"url":"https:\/\/bahiaeconomica.com.br\/wp\/wp-content\/uploads\/2026\/09\/WhatsApp-Image-2026-09-01-at-16.51.51-2.jpeg","type":"image\/jpeg"}],"author":"VICTOR OLIVEIRA","twitter_card":"summary_large_image","twitter_misc":{"Escrito por":"VICTOR OLIVEIRA","Est. tempo de leitura":"4 minutos"},"schema":{"@context":"https:\/\/schema.org","@graph":[{"@type":"Article","@id":"https:\/\/bahiaeconomica.com.br\/wp\/2026\/09\/01\/academias-gratuitas-de-salvador-ultrapassam-840-mil-acessos-e-passam-a-usar-novo-sistema-de-agendamento\/#article","isPartOf":{"@id":"https:\/\/bahiaeconomica.com.br\/wp\/2026\/09\/01\/academias-gratuitas-de-salvador-ultrapassam-840-mil-acessos-e-passam-a-usar-novo-sistema-de-agendamento\/"},"author":{"name":"VICTOR OLIVEIRA","@id":"https:\/\/bahiaeconomica.com.br\/wp\/#\/schema\/person\/a17956d0e1112b626f403fb06b8129a9"},"headline":"ACADEMIAS GRATUITAS DE SALVADOR ULTRAPASSAM 840 MIL ACESSOS E PASSAM A USAR NOVO SISTEMA DE AGENDAMENTO","datePublished":"2026-09-01T21:15:47+00:00","dateModified":"2026-09-01T21:15:47+00:00","mainEntityOfPage":{"@id":"https:\/\/bahiaeconomica.com.br\/wp\/2026\/09\/01\/academias-gratuitas-de-salvador-ultrapassam-840-mil-acessos-e-passam-a-usar-novo-sistema-de-agendamento\/"},"wordCount":747,"publisher":{"@id":"https:\/\/bahiaeconomica.com.br\/wp\/#organization"},"keywords":["academia","acesso","agendamento"],"articleSection":["MUNIC\u00cdPIOS"],"inLanguage":"pt-BR"},{"@type":"WebPage","@id":"https:\/\/bahiaeconomica.com.br\/wp\/2026\/09\/01\/academias-gratuitas-de-salvador-ultrapassam-840-mil-acessos-e-passam-a-usar-novo-sistema-de-agendamento\/","url":"https:\/\/bahiaeconomica.com.br\/wp\/2026\/09\/01\/academias-gratuitas-de-salvador-ultrapassam-840-mil-acessos-e-passam-a-usar-novo-sistema-de-agendamento\/","name":"ACADEMIAS GRATUITAS DE SALVADOR ULTRAPASSAM 840 MIL ACESSOS E PASSAM A USAR NOVO SISTEMA DE AGENDAMENTO - Bahia Economica As Academias Salvador, espa\u00e7os gratuitos mantidos pela Prefeitura de Salvador, j\u00e1 contabilizam 840.323 acessos desde a inaugura\u00e7\u00e3o da primeira unidade, em junho de 2024.","isPartOf":{"@id":"https:\/\/bahiaeconomica.com.br\/wp\/#website"},"datePublished":"2026-09-01T21:15:47+00:00","dateModified":"2026-09-01T21:15:47+00:00","description":"O maior portal de Economia da Bahia MUNIC\u00cdPIOS Bahia Economica As Academias Salvador, espa\u00e7os gratuitos mantidos pela Prefeitura de Salvador, j\u00e1 contabilizam 840.323 acessos desde a inaugura\u00e7\u00e3o da primeira unidade, em junho de 2024.","breadcrumb":{"@id":"https:\/\/bahiaeconomica.com.br\/wp\/2026\/09\/01\/academias-gratuitas-de-salvador-ultrapassam-840-mil-acessos-e-passam-a-usar-novo-sistema-de-agendamento\/#breadcrumb"},"inLanguage":"pt-BR","potentialAction":[{"@type":"ReadAction","target":["https:\/\/bahiaeconomica.com.br\/wp\/2026\/09\/01\/academias-gratuitas-de-salvador-ultrapassam-840-mil-acessos-e-passam-a-usar-novo-sistema-de-agendamento\/"]}]},{"@type":"BreadcrumbList","@id":"https:\/\/bahiaeconomica.com.br\/wp\/2026\/09\/01\/academias-gratuitas-de-salvador-ultrapassam-840-mil-acessos-e-passam-a-usar-novo-sistema-de-agendamento\/#breadcrumb","itemListElement":[{"@type":"ListItem","position":1,"name":"In\u00edcio","item":"https:\/\/bahiaeconomica.com.br\/wp\/"},{"@type":"ListItem","position":2,"name":"ACADEMIAS GRATUITAS DE SALVADOR ULTRAPASSAM 840 MIL ACESSOS E PASSAM A USAR NOVO SISTEMA DE AGENDAMENTO"}]},{"@type":"WebSite","@id":"https:\/\/bahiaeconomica.com.br\/wp\/#website","url":"https:\/\/bahiaeconomica.com.br\/wp\/","name":"Bahia Economica","description":"O maior portal de Economia da Bahia","publisher":{"@id":"https:\/\/bahiaeconomica.com.br\/wp\/#organization"},"potentialAction":[{"@type":"SearchAction","target":{"@type":"EntryPoint","urlTemplate":"https:\/\/bahiaeconomica.com.br\/wp\/?s={search_term_string}"},"query-input":"required name=search_term_string"}],"inLanguage":"pt-BR"},{"@type":"Organization","@id":"https:\/\/bahiaeconomica.com.br\/wp\/#organization","name":"Bahia Econ\u00f4mica","url":"https:\/\/bahiaeconomica.com.br\/wp\/","logo":{"@type":"ImageObject","inLanguage":"pt-BR","@id":"https:\/\/bahiaeconomica.com.br\/wp\/#\/schema\/logo\/image\/","url":"https:\/\/bahiaeconomica.com.br\/wp\/wp-content\/uploads\/2020\/12\/cropped-BE.png","contentUrl":"https:\/\/bahiaeconomica.com.br\/wp\/wp-content\/uploads\/2020\/12\/cropped-BE.png","width":512,"height":512,"caption":"Bahia Econ\u00f4mica"},"image":{"@id":"https:\/\/bahiaeconomica.com.br\/wp\/#\/schema\/logo\/image\/"},"sameAs":["https:\/\/www.facebook.com\/bahiaeconomica"]},{"@type":"Person","@id":"https:\/\/bahiaeconomica.com.br\/wp\/#\/schema\/person\/a17956d0e1112b626f403fb06b8129a9","name":"VICTOR OLIVEIRA","sameAs":["http:\/\/www.bahiaeconomica.com.br"],"url":"https:\/\/bahiaeconomica.com.br\/wp\/author\/victor-oliveira\/"}]}},"views":9,"_links":{"self":[{"href":"https:\/\/bahiaeconomica.com.br\/wp\/wp-json\/wp\/v2\/posts\/1021501"}],"collection":[{"href":"https:\/\/bahiaeconomica.com.br\/wp\/wp-json\/wp\/v2\/posts"}],"about":[{"href":"https:\/\/bahiaeconomica.com.br\/wp\/wp-json\/wp\/v2\/types\/post"}],"author":[{"embeddable":true,"href":"https:\/\/bahiaeconomica.com.br\/wp\/wp-json\/wp\/v2\/users\/24"}],"replies":[{"embeddable":true,"href":"https:\/\/bahiaeconomica.com.br\/wp\/wp-json\/wp\/v2\/comments?post=1021501"}],"version-history":[{"count":1,"href":"https:\/\/bahiaeconomica.com.br\/wp\/wp-json\/wp\/v2\/posts\/1021501\/revisions"}],"predecessor-version":[{"id":1021503,"href":"https:\/\/bahiaeconomica.com.br\/wp\/wp-json\/wp\/v2\/posts\/1021501\/revisions\/1021503"}],"wp:featuredmedia":[{"embeddable":true,"href":"https:\/\/bahiaeconomica.com.br\/wp\/wp-json\/wp\/v2\/media\/1021502"}],"wp:attachment":[{"href":"https:\/\/bahiaeconomica.com.br\/wp\/wp-json\/wp\/v2\/media?parent=1021501"}],"wp:term":[{"taxonomy":"category","embeddable":true,"href":"https:\/\/bahiaeconomica.com.br\/wp\/wp-json\/wp\/v2\/categories?post=1021501"},{"taxonomy":"post_tag","embeddable":true,"href":"https:\/\/bahiaeconomica.com.br\/wp\/wp-json\/wp\/v2\/tags?post=1021501"}],"curies":[{"name":"wp","href":"https:\/\/api.w.org\/{rel}","templated":true}]}}