{"id":1021435,"date":"2026-09-01T16:58:13","date_gmt":"2026-09-01T19:58:13","guid":{"rendered":"https:\/\/bahiaeconomica.com.br\/wp\/?p=1021435"},"modified":"2026-09-01T17:00:22","modified_gmt":"2026-09-01T20:00:22","slug":"vorcaro-preparou-recepcao-vip-para-visita-de-alexandre-de-moraes","status":"publish","type":"post","link":"https:\/\/bahiaeconomica.com.br\/wp\/2026\/09\/01\/vorcaro-preparou-recepcao-vip-para-visita-de-alexandre-de-moraes\/","title":{"rendered":"VORCARO PREPAROU RECEP\u00c7\u00c3O &#8220;VIP&#8221; PARA VISITA DE ALEXANDRE DE MORAES"},"content":{"rendered":"<p>Daniel Vorcaro, ex-dono do Banco Master, solicitou que seus funcion\u00e1rios prepararem uma \u201cexperi\u00eancia completa\u201d para convidados \u201cultra VIP\u201d durante uma visita do ministro Alexandre de Moraes, do Supremo Tribunal Federal (STF), a Campos do Jord\u00e3o (SP), em dezembro de 2023, segundo mensagens encontradas pela Pol\u00edcia Federal no celular do empres\u00e1rio e divulgadas nesta ter\u00e7a-feira (1).<\/p>\n<p>As tratativas come\u00e7aram em 27 de dezembro de 2023. Naquele dia, o ex-ministro das Comunica\u00e7\u00f5es F\u00e1bio Faria escreveu a Vorcaro que \u201cAlex quer ir almo\u00e7ar l\u00e1 no dia 30\u201d. O banqueiro concordou, e o ex-ministro informou depois que havia confirmado o compromisso.<\/p>\n<p>As provas indicam que o grupo teria nove convidados e quatro seguran\u00e7as. Segundo a investiga\u00e7\u00e3o, a visita ocorreu em 30 de dezembro de 2023 e a equipe de Vorcaro foi orientada a organizar uma estrutura especial para receber os visitantes, com cantor e cavalos.<\/p>\n<p>F\u00e1bio disse que seriam \u201cnove pessoas e quatro seguran\u00e7as\u201d e pediu que fosse preparada uma estrutura tamb\u00e9m para os integrantes da seguran\u00e7a. Na sequ\u00eancia, solicitou o endere\u00e7o exato para encaminh\u00e1-lo \u00e0 escolta e afirmou que a equipe iria ao local um dia antes.<\/p>\n<p>Depois da conversa, Vorcaro acionou uma funcion\u00e1ria e deu orienta\u00e7\u00f5es para a recep\u00e7\u00e3o.\u201cTem que ser experi\u00eancia completa. Convidados ultra VIP\u201d, escreveu.<\/p>\n<p>Nas conversas que antecederam o encontro, o principal convidado \u00e9 mencionado como \u201cAlex\u201d. A PF atribui a refer\u00eancia a Alexandre de Moraes ao analisar as intera\u00e7\u00f5es entre Vorcaro e o ministro. O material consta de um documento sigiloso enviado pela corpora\u00e7\u00e3o ao ministro Andr\u00e9 Mendon\u00e7a, relator no STF das investiga\u00e7\u00f5es sobre o Banco Master. A an\u00e1lise foi feita a partir do celular de Vorcaro, apreendido durante a Opera\u00e7\u00e3o Compliance Zero.<\/p>\n<p>&nbsp;<\/p>\n<p><em>Com informa\u00e7\u00f5es do G1*<\/em><\/p>\n<p>&nbsp;<\/p>\n","protected":false},"excerpt":{"rendered":"<p>Daniel Vorcaro, ex-dono do Banco Master, solicitou que seus funcion\u00e1rios prepararem uma \u201cexperi\u00eancia completa\u201d para convidados \u201cultra VIP\u201d durante uma visita do ministro Alexandre de Moraes, do Supremo Tribunal Federal (STF), a Campos do Jord\u00e3o (SP), em dezembro de 2023, segundo mensagens encontradas pela Pol\u00edcia Federal no celular do empres\u00e1rio e divulgadas nesta ter\u00e7a-feira (1). [&hellip;]<\/p>\n","protected":false},"author":22,"featured_media":963222,"comment_status":"closed","ping_status":"closed","sticky":false,"template":"","format":"standard","meta":[],"categories":[14,3],"tags":[],"acf":[],"yoast_head":"<!-- This site is optimized with the Yoast SEO plugin v20.8 - https:\/\/yoast.com\/wordpress\/plugins\/seo\/ -->\n<title>VORCARO PREPAROU RECEP\u00c7\u00c3O &quot;VIP&quot; PARA VISITA DE ALEXANDRE DE MORAES - Bahia Economica<\/title>\n<meta name=\"description\" content=\"O maior portal de Economia da Bahia DESTAQUE DO DIA, ECONOMIA \/ POL\u00cdTICA Bahia Economica\" \/>\n<meta name=\"robots\" content=\"index, follow, max-snippet:-1, max-image-preview:large, max-video-preview:-1\" \/>\n<link rel=\"canonical\" href=\"https:\/\/bahiaeconomica.com.br\/wp\/2026\/09\/01\/vorcaro-preparou-recepcao-vip-para-visita-de-alexandre-de-moraes\/\" \/>\n<meta property=\"og:locale\" content=\"pt_BR\" \/>\n<meta property=\"og:type\" content=\"article\" \/>\n<meta property=\"og:title\" content=\"VORCARO PREPAROU RECEP\u00c7\u00c3O &quot;VIP&quot; PARA VISITA DE ALEXANDRE DE MORAES - Bahia Economica\" \/>\n<meta property=\"og:description\" content=\"O maior portal de Economia da Bahia DESTAQUE DO DIA, ECONOMIA \/ POL\u00cdTICA Bahia Economica\" \/>\n<meta property=\"og:url\" content=\"https:\/\/bahiaeconomica.com.br\/wp\/2026\/09\/01\/vorcaro-preparou-recepcao-vip-para-visita-de-alexandre-de-moraes\/\" \/>\n<meta property=\"og:site_name\" content=\"Bahia Economica\" \/>\n<meta property=\"article:publisher\" content=\"https:\/\/www.facebook.com\/bahiaeconomica\" \/>\n<meta property=\"article:published_time\" content=\"2026-09-01T19:58:13+00:00\" \/>\n<meta property=\"article:modified_time\" content=\"2026-09-01T20:00:22+00:00\" \/>\n<meta property=\"og:image\" content=\"https:\/\/bahiaeconomica.com.br\/wp\/wp-content\/uploads\/2025\/12\/alexandre-de-moraes-durante-o-quinto-dia-do-julgamento-da-trama-golpista-no-stf-1757615538672_v2_900x506.jpg.webp\" \/>\n\t<meta property=\"og:image:width\" content=\"900\" \/>\n\t<meta property=\"og:image:height\" content=\"506\" \/>\n\t<meta property=\"og:image:type\" content=\"image\/webp\" \/>\n<meta name=\"author\" content=\"Matheus Souza\" \/>\n<meta name=\"twitter:card\" content=\"summary_large_image\" \/>\n<meta name=\"twitter:label1\" content=\"Escrito por\" \/>\n\t<meta name=\"twitter:data1\" content=\"Matheus Souza\" \/>\n\t<meta name=\"twitter:label2\" content=\"Est. tempo de leitura\" \/>\n\t<meta name=\"twitter:data2\" content=\"2 minutos\" \/>\n<script type=\"application\/ld+json\" class=\"yoast-schema-graph\">{\"@context\":\"https:\/\/schema.org\",\"@graph\":[{\"@type\":\"Article\",\"@id\":\"https:\/\/bahiaeconomica.com.br\/wp\/2026\/09\/01\/vorcaro-preparou-recepcao-vip-para-visita-de-alexandre-de-moraes\/#article\",\"isPartOf\":{\"@id\":\"https:\/\/bahiaeconomica.com.br\/wp\/2026\/09\/01\/vorcaro-preparou-recepcao-vip-para-visita-de-alexandre-de-moraes\/\"},\"author\":{\"name\":\"Matheus Souza\",\"@id\":\"https:\/\/bahiaeconomica.com.br\/wp\/#\/schema\/person\/3304d50cfd32353c7d08c39066638997\"},\"headline\":\"VORCARO PREPAROU RECEP\u00c7\u00c3O &#8220;VIP&#8221; PARA VISITA DE ALEXANDRE DE MORAES\",\"datePublished\":\"2026-09-01T19:58:13+00:00\",\"dateModified\":\"2026-09-01T20:00:22+00:00\",\"mainEntityOfPage\":{\"@id\":\"https:\/\/bahiaeconomica.com.br\/wp\/2026\/09\/01\/vorcaro-preparou-recepcao-vip-para-visita-de-alexandre-de-moraes\/\"},\"wordCount\":315,\"publisher\":{\"@id\":\"https:\/\/bahiaeconomica.com.br\/wp\/#organization\"},\"articleSection\":[\"DESTAQUE DO DIA\",\"ECONOMIA \/ POL\u00cdTICA\"],\"inLanguage\":\"pt-BR\"},{\"@type\":\"WebPage\",\"@id\":\"https:\/\/bahiaeconomica.com.br\/wp\/2026\/09\/01\/vorcaro-preparou-recepcao-vip-para-visita-de-alexandre-de-moraes\/\",\"url\":\"https:\/\/bahiaeconomica.com.br\/wp\/2026\/09\/01\/vorcaro-preparou-recepcao-vip-para-visita-de-alexandre-de-moraes\/\",\"name\":\"VORCARO PREPAROU RECEP\u00c7\u00c3O \\\"VIP\\\" PARA VISITA DE ALEXANDRE DE MORAES - Bahia Economica\",\"isPartOf\":{\"@id\":\"https:\/\/bahiaeconomica.com.br\/wp\/#website\"},\"datePublished\":\"2026-09-01T19:58:13+00:00\",\"dateModified\":\"2026-09-01T20:00:22+00:00\",\"description\":\"O maior portal de Economia da Bahia DESTAQUE DO DIA, ECONOMIA \/ POL\u00cdTICA Bahia Economica\",\"breadcrumb\":{\"@id\":\"https:\/\/bahiaeconomica.com.br\/wp\/2026\/09\/01\/vorcaro-preparou-recepcao-vip-para-visita-de-alexandre-de-moraes\/#breadcrumb\"},\"inLanguage\":\"pt-BR\",\"potentialAction\":[{\"@type\":\"ReadAction\",\"target\":[\"https:\/\/bahiaeconomica.com.br\/wp\/2026\/09\/01\/vorcaro-preparou-recepcao-vip-para-visita-de-alexandre-de-moraes\/\"]}]},{\"@type\":\"BreadcrumbList\",\"@id\":\"https:\/\/bahiaeconomica.com.br\/wp\/2026\/09\/01\/vorcaro-preparou-recepcao-vip-para-visita-de-alexandre-de-moraes\/#breadcrumb\",\"itemListElement\":[{\"@type\":\"ListItem\",\"position\":1,\"name\":\"In\u00edcio\",\"item\":\"https:\/\/bahiaeconomica.com.br\/wp\/\"},{\"@type\":\"ListItem\",\"position\":2,\"name\":\"VORCARO PREPAROU RECEP\u00c7\u00c3O &#8220;VIP&#8221; PARA VISITA DE ALEXANDRE DE MORAES\"}]},{\"@type\":\"WebSite\",\"@id\":\"https:\/\/bahiaeconomica.com.br\/wp\/#website\",\"url\":\"https:\/\/bahiaeconomica.com.br\/wp\/\",\"name\":\"Bahia Economica\",\"description\":\"O maior portal de Economia da Bahia\",\"publisher\":{\"@id\":\"https:\/\/bahiaeconomica.com.br\/wp\/#organization\"},\"potentialAction\":[{\"@type\":\"SearchAction\",\"target\":{\"@type\":\"EntryPoint\",\"urlTemplate\":\"https:\/\/bahiaeconomica.com.br\/wp\/?s={search_term_string}\"},\"query-input\":\"required name=search_term_string\"}],\"inLanguage\":\"pt-BR\"},{\"@type\":\"Organization\",\"@id\":\"https:\/\/bahiaeconomica.com.br\/wp\/#organization\",\"name\":\"Bahia Econ\u00f4mica\",\"url\":\"https:\/\/bahiaeconomica.com.br\/wp\/\",\"logo\":{\"@type\":\"ImageObject\",\"inLanguage\":\"pt-BR\",\"@id\":\"https:\/\/bahiaeconomica.com.br\/wp\/#\/schema\/logo\/image\/\",\"url\":\"https:\/\/bahiaeconomica.com.br\/wp\/wp-content\/uploads\/2020\/12\/cropped-BE.png\",\"contentUrl\":\"https:\/\/bahiaeconomica.com.br\/wp\/wp-content\/uploads\/2020\/12\/cropped-BE.png\",\"width\":512,\"height\":512,\"caption\":\"Bahia Econ\u00f4mica\"},\"image\":{\"@id\":\"https:\/\/bahiaeconomica.com.br\/wp\/#\/schema\/logo\/image\/\"},\"sameAs\":[\"https:\/\/www.facebook.com\/bahiaeconomica\"]},{\"@type\":\"Person\",\"@id\":\"https:\/\/bahiaeconomica.com.br\/wp\/#\/schema\/person\/3304d50cfd32353c7d08c39066638997\",\"name\":\"Matheus Souza\",\"sameAs\":[\"http:\/\/www.bahiaeconomica.com.br\"],\"url\":\"https:\/\/bahiaeconomica.com.br\/wp\/author\/matheus-souza\/\"}]}<\/script>\n<!-- \/ Yoast SEO plugin. -->","yoast_head_json":{"title":"VORCARO PREPAROU RECEP\u00c7\u00c3O \"VIP\" PARA VISITA DE ALEXANDRE DE MORAES - Bahia Economica","description":"O maior portal de Economia da Bahia DESTAQUE DO DIA, ECONOMIA \/ POL\u00cdTICA Bahia Economica","robots":{"index":"index","follow":"follow","max-snippet":"max-snippet:-1","max-image-preview":"max-image-preview:large","max-video-preview":"max-video-preview:-1"},"canonical":"https:\/\/bahiaeconomica.com.br\/wp\/2026\/09\/01\/vorcaro-preparou-recepcao-vip-para-visita-de-alexandre-de-moraes\/","og_locale":"pt_BR","og_type":"article","og_title":"VORCARO PREPAROU RECEP\u00c7\u00c3O \"VIP\" PARA VISITA DE ALEXANDRE DE MORAES - Bahia Economica","og_description":"O maior portal de Economia da Bahia DESTAQUE DO DIA, ECONOMIA \/ POL\u00cdTICA Bahia Economica","og_url":"https:\/\/bahiaeconomica.com.br\/wp\/2026\/09\/01\/vorcaro-preparou-recepcao-vip-para-visita-de-alexandre-de-moraes\/","og_site_name":"Bahia Economica","article_publisher":"https:\/\/www.facebook.com\/bahiaeconomica","article_published_time":"2026-09-01T19:58:13+00:00","article_modified_time":"2026-09-01T20:00:22+00:00","og_image":[{"width":900,"height":506,"url":"https:\/\/bahiaeconomica.com.br\/wp\/wp-content\/uploads\/2025\/12\/alexandre-de-moraes-durante-o-quinto-dia-do-julgamento-da-trama-golpista-no-stf-1757615538672_v2_900x506.jpg.webp","type":"image\/webp"}],"author":"Matheus Souza","twitter_card":"summary_large_image","twitter_misc":{"Escrito por":"Matheus Souza","Est. tempo de leitura":"2 minutos"},"schema":{"@context":"https:\/\/schema.org","@graph":[{"@type":"Article","@id":"https:\/\/bahiaeconomica.com.br\/wp\/2026\/09\/01\/vorcaro-preparou-recepcao-vip-para-visita-de-alexandre-de-moraes\/#article","isPartOf":{"@id":"https:\/\/bahiaeconomica.com.br\/wp\/2026\/09\/01\/vorcaro-preparou-recepcao-vip-para-visita-de-alexandre-de-moraes\/"},"author":{"name":"Matheus Souza","@id":"https:\/\/bahiaeconomica.com.br\/wp\/#\/schema\/person\/3304d50cfd32353c7d08c39066638997"},"headline":"VORCARO PREPAROU RECEP\u00c7\u00c3O &#8220;VIP&#8221; PARA VISITA DE ALEXANDRE DE MORAES","datePublished":"2026-09-01T19:58:13+00:00","dateModified":"2026-09-01T20:00:22+00:00","mainEntityOfPage":{"@id":"https:\/\/bahiaeconomica.com.br\/wp\/2026\/09\/01\/vorcaro-preparou-recepcao-vip-para-visita-de-alexandre-de-moraes\/"},"wordCount":315,"publisher":{"@id":"https:\/\/bahiaeconomica.com.br\/wp\/#organization"},"articleSection":["DESTAQUE DO DIA","ECONOMIA \/ POL\u00cdTICA"],"inLanguage":"pt-BR"},{"@type":"WebPage","@id":"https:\/\/bahiaeconomica.com.br\/wp\/2026\/09\/01\/vorcaro-preparou-recepcao-vip-para-visita-de-alexandre-de-moraes\/","url":"https:\/\/bahiaeconomica.com.br\/wp\/2026\/09\/01\/vorcaro-preparou-recepcao-vip-para-visita-de-alexandre-de-moraes\/","name":"VORCARO PREPAROU RECEP\u00c7\u00c3O \"VIP\" PARA VISITA DE ALEXANDRE DE MORAES - Bahia Economica","isPartOf":{"@id":"https:\/\/bahiaeconomica.com.br\/wp\/#website"},"datePublished":"2026-09-01T19:58:13+00:00","dateModified":"2026-09-01T20:00:22+00:00","description":"O maior portal de Economia da Bahia DESTAQUE DO DIA, ECONOMIA \/ POL\u00cdTICA Bahia Economica","breadcrumb":{"@id":"https:\/\/bahiaeconomica.com.br\/wp\/2026\/09\/01\/vorcaro-preparou-recepcao-vip-para-visita-de-alexandre-de-moraes\/#breadcrumb"},"inLanguage":"pt-BR","potentialAction":[{"@type":"ReadAction","target":["https:\/\/bahiaeconomica.com.br\/wp\/2026\/09\/01\/vorcaro-preparou-recepcao-vip-para-visita-de-alexandre-de-moraes\/"]}]},{"@type":"BreadcrumbList","@id":"https:\/\/bahiaeconomica.com.br\/wp\/2026\/09\/01\/vorcaro-preparou-recepcao-vip-para-visita-de-alexandre-de-moraes\/#breadcrumb","itemListElement":[{"@type":"ListItem","position":1,"name":"In\u00edcio","item":"https:\/\/bahiaeconomica.com.br\/wp\/"},{"@type":"ListItem","position":2,"name":"VORCARO PREPAROU RECEP\u00c7\u00c3O &#8220;VIP&#8221; PARA VISITA DE ALEXANDRE DE MORAES"}]},{"@type":"WebSite","@id":"https:\/\/bahiaeconomica.com.br\/wp\/#website","url":"https:\/\/bahiaeconomica.com.br\/wp\/","name":"Bahia Economica","description":"O maior portal de Economia da Bahia","publisher":{"@id":"https:\/\/bahiaeconomica.com.br\/wp\/#organization"},"potentialAction":[{"@type":"SearchAction","target":{"@type":"EntryPoint","urlTemplate":"https:\/\/bahiaeconomica.com.br\/wp\/?s={search_term_string}"},"query-input":"required name=search_term_string"}],"inLanguage":"pt-BR"},{"@type":"Organization","@id":"https:\/\/bahiaeconomica.com.br\/wp\/#organization","name":"Bahia Econ\u00f4mica","url":"https:\/\/bahiaeconomica.com.br\/wp\/","logo":{"@type":"ImageObject","inLanguage":"pt-BR","@id":"https:\/\/bahiaeconomica.com.br\/wp\/#\/schema\/logo\/image\/","url":"https:\/\/bahiaeconomica.com.br\/wp\/wp-content\/uploads\/2020\/12\/cropped-BE.png","contentUrl":"https:\/\/bahiaeconomica.com.br\/wp\/wp-content\/uploads\/2020\/12\/cropped-BE.png","width":512,"height":512,"caption":"Bahia Econ\u00f4mica"},"image":{"@id":"https:\/\/bahiaeconomica.com.br\/wp\/#\/schema\/logo\/image\/"},"sameAs":["https:\/\/www.facebook.com\/bahiaeconomica"]},{"@type":"Person","@id":"https:\/\/bahiaeconomica.com.br\/wp\/#\/schema\/person\/3304d50cfd32353c7d08c39066638997","name":"Matheus Souza","sameAs":["http:\/\/www.bahiaeconomica.com.br"],"url":"https:\/\/bahiaeconomica.com.br\/wp\/author\/matheus-souza\/"}]}},"views":13,"_links":{"self":[{"href":"https:\/\/bahiaeconomica.com.br\/wp\/wp-json\/wp\/v2\/posts\/1021435"}],"collection":[{"href":"https:\/\/bahiaeconomica.com.br\/wp\/wp-json\/wp\/v2\/posts"}],"about":[{"href":"https:\/\/bahiaeconomica.com.br\/wp\/wp-json\/wp\/v2\/types\/post"}],"author":[{"embeddable":true,"href":"https:\/\/bahiaeconomica.com.br\/wp\/wp-json\/wp\/v2\/users\/22"}],"replies":[{"embeddable":true,"href":"https:\/\/bahiaeconomica.com.br\/wp\/wp-json\/wp\/v2\/comments?post=1021435"}],"version-history":[{"count":1,"href":"https:\/\/bahiaeconomica.com.br\/wp\/wp-json\/wp\/v2\/posts\/1021435\/revisions"}],"predecessor-version":[{"id":1021439,"href":"https:\/\/bahiaeconomica.com.br\/wp\/wp-json\/wp\/v2\/posts\/1021435\/revisions\/1021439"}],"wp:featuredmedia":[{"embeddable":true,"href":"https:\/\/bahiaeconomica.com.br\/wp\/wp-json\/wp\/v2\/media\/963222"}],"wp:attachment":[{"href":"https:\/\/bahiaeconomica.com.br\/wp\/wp-json\/wp\/v2\/media?parent=1021435"}],"wp:term":[{"taxonomy":"category","embeddable":true,"href":"https:\/\/bahiaeconomica.com.br\/wp\/wp-json\/wp\/v2\/categories?post=1021435"},{"taxonomy":"post_tag","embeddable":true,"href":"https:\/\/bahiaeconomica.com.br\/wp\/wp-json\/wp\/v2\/tags?post=1021435"}],"curies":[{"name":"wp","href":"https:\/\/api.w.org\/{rel}","templated":true}]}}