{"id":1021416,"date":"2026-09-01T16:59:15","date_gmt":"2026-09-01T19:59:15","guid":{"rendered":"https:\/\/bahiaeconomica.com.br\/wp\/?p=1021416"},"modified":"2026-09-01T17:10:09","modified_gmt":"2026-09-01T20:10:09","slug":"bahia-articula-acoes-para-enfrentar-possiveis-impactos-do-el-nino-no-ciclo-2026-2027","status":"publish","type":"post","link":"https:\/\/bahiaeconomica.com.br\/wp\/2026\/09\/01\/bahia-articula-acoes-para-enfrentar-possiveis-impactos-do-el-nino-no-ciclo-2026-2027\/","title":{"rendered":"BAHIA ARTICULA A\u00c7\u00d5ES PARA ENFRENTAR POSS\u00cdVEIS IMPACTOS DO EL NI\u00d1O NO CICLO 2026\/2027"},"content":{"rendered":"<p>O Estado da Bahia, a Uni\u00e3o dos Munic\u00edpios da Bahia (UPB) e a Secretaria de Rela\u00e7\u00f5es Institucionais da Presid\u00eancia da Rep\u00fablica (SRI\/PR) reuniram representantes das esferas federal e municipal, nesta ter\u00e7a-feira (1\u00ba), no audit\u00f3rio da UPB, em Salvador. O encontro, que contou com a presen\u00e7a do governador Jer\u00f4nimo Rodrigues, discutiu medidas de prepara\u00e7\u00e3o para os poss\u00edveis impactos do El Ni\u00f1o no ciclo 2026\/2027, fen\u00f4meno que altera os padr\u00f5es de chuva e temperatura e pode intensificar per\u00edodos de seca e estiagem no Nordeste. A iniciativa busca antecipar medidas e organizar a atua\u00e7\u00e3o dos \u00f3rg\u00e3os p\u00fablicos diante de poss\u00edveis cen\u00e1rios de escassez h\u00eddrica e inc\u00eandios.<\/p>\n<p>Para orientar esse trabalho, o Estado criou um comit\u00ea respons\u00e1vel pela constru\u00e7\u00e3o do Plano Estadual de A\u00e7\u00f5es de Enfrentamento aos Impactos do El Ni\u00f1o 2026\/2027. O documento re\u00fane medidas emergenciais e continuadas nas \u00e1reas de seguran\u00e7a h\u00eddrica, agricultura familiar, alimenta\u00e7\u00e3o, sa\u00fade, defesa civil e preven\u00e7\u00e3o e combate a inc\u00eandios.<\/p>\n<p>Entre as iniciativas previstas est\u00e1 o enfrentamento \u00e0 escassez h\u00eddrica, que pode ser acionado pela Secretaria de Infraestrutura H\u00eddrica e Saneamento (SIHS), conforme a necessidade. Tamb\u00e9m est\u00e3o previstas medidas para a agricultura familiar, por meio de iniciativas como o Garantia-Safra e o Projeto Sert\u00e3o Vivo, al\u00e9m do refor\u00e7o \u00e0s estrat\u00e9gias de preven\u00e7\u00e3o e combate aos inc\u00eandios.<\/p>\n<p>Os munic\u00edpios tamb\u00e9m participam da prepara\u00e7\u00e3o, com a defini\u00e7\u00e3o de protocolos e procedimentos para situa\u00e7\u00f5es de emerg\u00eancia. A proposta \u00e9 estabelecer previamente as responsabilidades de cada esfera de governo e os mecanismos de atua\u00e7\u00e3o conjunta.<\/p>\n<p>Segundo o superintendente de Prote\u00e7\u00e3o e Defesa Civil, Osny Bonfim, a prepara\u00e7\u00e3o antecipada permite que os munic\u00edpios estejam organizados para responder aos diferentes cen\u00e1rios. &#8220;Quando trabalhamos previamente na defini\u00e7\u00e3o dos protocolos, conseguimos identificar as necessidades de cada munic\u00edpio e estabelecer como ser\u00e1 a atua\u00e7\u00e3o conjunta em uma situa\u00e7\u00e3o de emerg\u00eancia. Isso permite uma resposta mais r\u00e1pida e organizada&#8221;.<\/p>\n<p>&nbsp;<\/p>\n<p>Foto: Jeane Abreu\/GOVBA<\/p>\n","protected":false},"excerpt":{"rendered":"<p>O Estado da Bahia, a Uni\u00e3o dos Munic\u00edpios da Bahia (UPB) e a Secretaria de Rela\u00e7\u00f5es Institucionais da Presid\u00eancia da Rep\u00fablica (SRI\/PR) reuniram representantes das esferas federal e municipal, nesta ter\u00e7a-feira (1\u00ba), no audit\u00f3rio da UPB, em Salvador. O encontro, que contou com a presen\u00e7a do governador Jer\u00f4nimo Rodrigues, discutiu medidas de prepara\u00e7\u00e3o para os [&hellip;]<\/p>\n","protected":false},"author":15,"featured_media":1021421,"comment_status":"closed","ping_status":"closed","sticky":false,"template":"","format":"standard","meta":[],"categories":[14,3],"tags":[],"acf":[],"yoast_head":"<!-- This site is optimized with the Yoast SEO plugin v20.8 - https:\/\/yoast.com\/wordpress\/plugins\/seo\/ -->\n<title>BAHIA ARTICULA A\u00c7\u00d5ES PARA ENFRENTAR POSS\u00cdVEIS IMPACTOS DO EL NI\u00d1O NO CICLO 2026\/2027 - Bahia Economica<\/title>\n<meta name=\"description\" content=\"O maior portal de Economia da Bahia DESTAQUE DO DIA, ECONOMIA \/ POL\u00cdTICA Bahia Economica\" \/>\n<meta name=\"robots\" content=\"index, follow, max-snippet:-1, max-image-preview:large, max-video-preview:-1\" \/>\n<link rel=\"canonical\" href=\"https:\/\/bahiaeconomica.com.br\/wp\/2026\/09\/01\/bahia-articula-acoes-para-enfrentar-possiveis-impactos-do-el-nino-no-ciclo-2026-2027\/\" \/>\n<meta property=\"og:locale\" content=\"pt_BR\" \/>\n<meta property=\"og:type\" content=\"article\" \/>\n<meta property=\"og:title\" content=\"BAHIA ARTICULA A\u00c7\u00d5ES PARA ENFRENTAR POSS\u00cdVEIS IMPACTOS DO EL NI\u00d1O NO CICLO 2026\/2027 - Bahia Economica\" \/>\n<meta property=\"og:description\" content=\"O maior portal de Economia da Bahia DESTAQUE DO DIA, ECONOMIA \/ POL\u00cdTICA Bahia Economica\" \/>\n<meta property=\"og:url\" content=\"https:\/\/bahiaeconomica.com.br\/wp\/2026\/09\/01\/bahia-articula-acoes-para-enfrentar-possiveis-impactos-do-el-nino-no-ciclo-2026-2027\/\" \/>\n<meta property=\"og:site_name\" content=\"Bahia Economica\" \/>\n<meta property=\"article:publisher\" content=\"https:\/\/www.facebook.com\/bahiaeconomica\" \/>\n<meta property=\"article:published_time\" content=\"2026-09-01T19:59:15+00:00\" \/>\n<meta property=\"article:modified_time\" content=\"2026-09-01T20:10:09+00:00\" \/>\n<meta property=\"og:image\" content=\"https:\/\/bahiaeconomica.com.br\/wp\/wp-content\/uploads\/2026\/09\/WhatsApp-Image-2026-09-01-at-14.20.42.jpeg\" \/>\n\t<meta property=\"og:image:width\" content=\"1600\" \/>\n\t<meta property=\"og:image:height\" content=\"1066\" \/>\n\t<meta property=\"og:image:type\" content=\"image\/jpeg\" \/>\n<meta name=\"author\" content=\"VICTORIA ISABEL\" \/>\n<meta name=\"twitter:card\" content=\"summary_large_image\" \/>\n<meta name=\"twitter:label1\" content=\"Escrito por\" \/>\n\t<meta name=\"twitter:data1\" content=\"VICTORIA ISABEL\" \/>\n\t<meta name=\"twitter:label2\" content=\"Est. tempo de leitura\" \/>\n\t<meta name=\"twitter:data2\" content=\"2 minutos\" \/>\n<script type=\"application\/ld+json\" class=\"yoast-schema-graph\">{\"@context\":\"https:\/\/schema.org\",\"@graph\":[{\"@type\":\"Article\",\"@id\":\"https:\/\/bahiaeconomica.com.br\/wp\/2026\/09\/01\/bahia-articula-acoes-para-enfrentar-possiveis-impactos-do-el-nino-no-ciclo-2026-2027\/#article\",\"isPartOf\":{\"@id\":\"https:\/\/bahiaeconomica.com.br\/wp\/2026\/09\/01\/bahia-articula-acoes-para-enfrentar-possiveis-impactos-do-el-nino-no-ciclo-2026-2027\/\"},\"author\":{\"name\":\"VICTORIA ISABEL\",\"@id\":\"https:\/\/bahiaeconomica.com.br\/wp\/#\/schema\/person\/b719ce0fb1c09f3c7a00d9243ced4a6f\"},\"headline\":\"BAHIA ARTICULA A\u00c7\u00d5ES PARA ENFRENTAR POSS\u00cdVEIS IMPACTOS DO EL NI\u00d1O NO CICLO 2026\/2027\",\"datePublished\":\"2026-09-01T19:59:15+00:00\",\"dateModified\":\"2026-09-01T20:10:09+00:00\",\"mainEntityOfPage\":{\"@id\":\"https:\/\/bahiaeconomica.com.br\/wp\/2026\/09\/01\/bahia-articula-acoes-para-enfrentar-possiveis-impactos-do-el-nino-no-ciclo-2026-2027\/\"},\"wordCount\":377,\"publisher\":{\"@id\":\"https:\/\/bahiaeconomica.com.br\/wp\/#organization\"},\"articleSection\":[\"DESTAQUE DO DIA\",\"ECONOMIA \/ POL\u00cdTICA\"],\"inLanguage\":\"pt-BR\"},{\"@type\":\"WebPage\",\"@id\":\"https:\/\/bahiaeconomica.com.br\/wp\/2026\/09\/01\/bahia-articula-acoes-para-enfrentar-possiveis-impactos-do-el-nino-no-ciclo-2026-2027\/\",\"url\":\"https:\/\/bahiaeconomica.com.br\/wp\/2026\/09\/01\/bahia-articula-acoes-para-enfrentar-possiveis-impactos-do-el-nino-no-ciclo-2026-2027\/\",\"name\":\"BAHIA ARTICULA A\u00c7\u00d5ES PARA ENFRENTAR POSS\u00cdVEIS IMPACTOS DO EL NI\u00d1O NO CICLO 2026\/2027 - Bahia Economica\",\"isPartOf\":{\"@id\":\"https:\/\/bahiaeconomica.com.br\/wp\/#website\"},\"datePublished\":\"2026-09-01T19:59:15+00:00\",\"dateModified\":\"2026-09-01T20:10:09+00:00\",\"description\":\"O maior portal de Economia da Bahia DESTAQUE DO DIA, ECONOMIA \/ POL\u00cdTICA Bahia Economica\",\"breadcrumb\":{\"@id\":\"https:\/\/bahiaeconomica.com.br\/wp\/2026\/09\/01\/bahia-articula-acoes-para-enfrentar-possiveis-impactos-do-el-nino-no-ciclo-2026-2027\/#breadcrumb\"},\"inLanguage\":\"pt-BR\",\"potentialAction\":[{\"@type\":\"ReadAction\",\"target\":[\"https:\/\/bahiaeconomica.com.br\/wp\/2026\/09\/01\/bahia-articula-acoes-para-enfrentar-possiveis-impactos-do-el-nino-no-ciclo-2026-2027\/\"]}]},{\"@type\":\"BreadcrumbList\",\"@id\":\"https:\/\/bahiaeconomica.com.br\/wp\/2026\/09\/01\/bahia-articula-acoes-para-enfrentar-possiveis-impactos-do-el-nino-no-ciclo-2026-2027\/#breadcrumb\",\"itemListElement\":[{\"@type\":\"ListItem\",\"position\":1,\"name\":\"In\u00edcio\",\"item\":\"https:\/\/bahiaeconomica.com.br\/wp\/\"},{\"@type\":\"ListItem\",\"position\":2,\"name\":\"BAHIA ARTICULA A\u00c7\u00d5ES PARA ENFRENTAR POSS\u00cdVEIS IMPACTOS DO EL NI\u00d1O NO CICLO 2026\/2027\"}]},{\"@type\":\"WebSite\",\"@id\":\"https:\/\/bahiaeconomica.com.br\/wp\/#website\",\"url\":\"https:\/\/bahiaeconomica.com.br\/wp\/\",\"name\":\"Bahia Economica\",\"description\":\"O maior portal de Economia da Bahia\",\"publisher\":{\"@id\":\"https:\/\/bahiaeconomica.com.br\/wp\/#organization\"},\"potentialAction\":[{\"@type\":\"SearchAction\",\"target\":{\"@type\":\"EntryPoint\",\"urlTemplate\":\"https:\/\/bahiaeconomica.com.br\/wp\/?s={search_term_string}\"},\"query-input\":\"required name=search_term_string\"}],\"inLanguage\":\"pt-BR\"},{\"@type\":\"Organization\",\"@id\":\"https:\/\/bahiaeconomica.com.br\/wp\/#organization\",\"name\":\"Bahia Econ\u00f4mica\",\"url\":\"https:\/\/bahiaeconomica.com.br\/wp\/\",\"logo\":{\"@type\":\"ImageObject\",\"inLanguage\":\"pt-BR\",\"@id\":\"https:\/\/bahiaeconomica.com.br\/wp\/#\/schema\/logo\/image\/\",\"url\":\"https:\/\/bahiaeconomica.com.br\/wp\/wp-content\/uploads\/2020\/12\/cropped-BE.png\",\"contentUrl\":\"https:\/\/bahiaeconomica.com.br\/wp\/wp-content\/uploads\/2020\/12\/cropped-BE.png\",\"width\":512,\"height\":512,\"caption\":\"Bahia Econ\u00f4mica\"},\"image\":{\"@id\":\"https:\/\/bahiaeconomica.com.br\/wp\/#\/schema\/logo\/image\/\"},\"sameAs\":[\"https:\/\/www.facebook.com\/bahiaeconomica\"]},{\"@type\":\"Person\",\"@id\":\"https:\/\/bahiaeconomica.com.br\/wp\/#\/schema\/person\/b719ce0fb1c09f3c7a00d9243ced4a6f\",\"name\":\"VICTORIA ISABEL\",\"sameAs\":[\"http:\/\/www.bahiaeconomica.com.br\"],\"url\":\"https:\/\/bahiaeconomica.com.br\/wp\/author\/victoria-isabel\/\"}]}<\/script>\n<!-- \/ Yoast SEO plugin. -->","yoast_head_json":{"title":"BAHIA ARTICULA A\u00c7\u00d5ES PARA ENFRENTAR POSS\u00cdVEIS IMPACTOS DO EL NI\u00d1O NO CICLO 2026\/2027 - Bahia Economica","description":"O maior portal de Economia da Bahia DESTAQUE DO DIA, ECONOMIA \/ POL\u00cdTICA Bahia Economica","robots":{"index":"index","follow":"follow","max-snippet":"max-snippet:-1","max-image-preview":"max-image-preview:large","max-video-preview":"max-video-preview:-1"},"canonical":"https:\/\/bahiaeconomica.com.br\/wp\/2026\/09\/01\/bahia-articula-acoes-para-enfrentar-possiveis-impactos-do-el-nino-no-ciclo-2026-2027\/","og_locale":"pt_BR","og_type":"article","og_title":"BAHIA ARTICULA A\u00c7\u00d5ES PARA ENFRENTAR POSS\u00cdVEIS IMPACTOS DO EL NI\u00d1O NO CICLO 2026\/2027 - Bahia Economica","og_description":"O maior portal de Economia da Bahia DESTAQUE DO DIA, ECONOMIA \/ POL\u00cdTICA Bahia Economica","og_url":"https:\/\/bahiaeconomica.com.br\/wp\/2026\/09\/01\/bahia-articula-acoes-para-enfrentar-possiveis-impactos-do-el-nino-no-ciclo-2026-2027\/","og_site_name":"Bahia Economica","article_publisher":"https:\/\/www.facebook.com\/bahiaeconomica","article_published_time":"2026-09-01T19:59:15+00:00","article_modified_time":"2026-09-01T20:10:09+00:00","og_image":[{"width":1600,"height":1066,"url":"https:\/\/bahiaeconomica.com.br\/wp\/wp-content\/uploads\/2026\/09\/WhatsApp-Image-2026-09-01-at-14.20.42.jpeg","type":"image\/jpeg"}],"author":"VICTORIA ISABEL","twitter_card":"summary_large_image","twitter_misc":{"Escrito por":"VICTORIA ISABEL","Est. tempo de leitura":"2 minutos"},"schema":{"@context":"https:\/\/schema.org","@graph":[{"@type":"Article","@id":"https:\/\/bahiaeconomica.com.br\/wp\/2026\/09\/01\/bahia-articula-acoes-para-enfrentar-possiveis-impactos-do-el-nino-no-ciclo-2026-2027\/#article","isPartOf":{"@id":"https:\/\/bahiaeconomica.com.br\/wp\/2026\/09\/01\/bahia-articula-acoes-para-enfrentar-possiveis-impactos-do-el-nino-no-ciclo-2026-2027\/"},"author":{"name":"VICTORIA ISABEL","@id":"https:\/\/bahiaeconomica.com.br\/wp\/#\/schema\/person\/b719ce0fb1c09f3c7a00d9243ced4a6f"},"headline":"BAHIA ARTICULA A\u00c7\u00d5ES PARA ENFRENTAR POSS\u00cdVEIS IMPACTOS DO EL NI\u00d1O NO CICLO 2026\/2027","datePublished":"2026-09-01T19:59:15+00:00","dateModified":"2026-09-01T20:10:09+00:00","mainEntityOfPage":{"@id":"https:\/\/bahiaeconomica.com.br\/wp\/2026\/09\/01\/bahia-articula-acoes-para-enfrentar-possiveis-impactos-do-el-nino-no-ciclo-2026-2027\/"},"wordCount":377,"publisher":{"@id":"https:\/\/bahiaeconomica.com.br\/wp\/#organization"},"articleSection":["DESTAQUE DO DIA","ECONOMIA \/ POL\u00cdTICA"],"inLanguage":"pt-BR"},{"@type":"WebPage","@id":"https:\/\/bahiaeconomica.com.br\/wp\/2026\/09\/01\/bahia-articula-acoes-para-enfrentar-possiveis-impactos-do-el-nino-no-ciclo-2026-2027\/","url":"https:\/\/bahiaeconomica.com.br\/wp\/2026\/09\/01\/bahia-articula-acoes-para-enfrentar-possiveis-impactos-do-el-nino-no-ciclo-2026-2027\/","name":"BAHIA ARTICULA A\u00c7\u00d5ES PARA ENFRENTAR POSS\u00cdVEIS IMPACTOS DO EL NI\u00d1O NO CICLO 2026\/2027 - Bahia Economica","isPartOf":{"@id":"https:\/\/bahiaeconomica.com.br\/wp\/#website"},"datePublished":"2026-09-01T19:59:15+00:00","dateModified":"2026-09-01T20:10:09+00:00","description":"O maior portal de Economia da Bahia DESTAQUE DO DIA, ECONOMIA \/ POL\u00cdTICA Bahia Economica","breadcrumb":{"@id":"https:\/\/bahiaeconomica.com.br\/wp\/2026\/09\/01\/bahia-articula-acoes-para-enfrentar-possiveis-impactos-do-el-nino-no-ciclo-2026-2027\/#breadcrumb"},"inLanguage":"pt-BR","potentialAction":[{"@type":"ReadAction","target":["https:\/\/bahiaeconomica.com.br\/wp\/2026\/09\/01\/bahia-articula-acoes-para-enfrentar-possiveis-impactos-do-el-nino-no-ciclo-2026-2027\/"]}]},{"@type":"BreadcrumbList","@id":"https:\/\/bahiaeconomica.com.br\/wp\/2026\/09\/01\/bahia-articula-acoes-para-enfrentar-possiveis-impactos-do-el-nino-no-ciclo-2026-2027\/#breadcrumb","itemListElement":[{"@type":"ListItem","position":1,"name":"In\u00edcio","item":"https:\/\/bahiaeconomica.com.br\/wp\/"},{"@type":"ListItem","position":2,"name":"BAHIA ARTICULA A\u00c7\u00d5ES PARA ENFRENTAR POSS\u00cdVEIS IMPACTOS DO EL NI\u00d1O NO CICLO 2026\/2027"}]},{"@type":"WebSite","@id":"https:\/\/bahiaeconomica.com.br\/wp\/#website","url":"https:\/\/bahiaeconomica.com.br\/wp\/","name":"Bahia Economica","description":"O maior portal de Economia da Bahia","publisher":{"@id":"https:\/\/bahiaeconomica.com.br\/wp\/#organization"},"potentialAction":[{"@type":"SearchAction","target":{"@type":"EntryPoint","urlTemplate":"https:\/\/bahiaeconomica.com.br\/wp\/?s={search_term_string}"},"query-input":"required name=search_term_string"}],"inLanguage":"pt-BR"},{"@type":"Organization","@id":"https:\/\/bahiaeconomica.com.br\/wp\/#organization","name":"Bahia Econ\u00f4mica","url":"https:\/\/bahiaeconomica.com.br\/wp\/","logo":{"@type":"ImageObject","inLanguage":"pt-BR","@id":"https:\/\/bahiaeconomica.com.br\/wp\/#\/schema\/logo\/image\/","url":"https:\/\/bahiaeconomica.com.br\/wp\/wp-content\/uploads\/2020\/12\/cropped-BE.png","contentUrl":"https:\/\/bahiaeconomica.com.br\/wp\/wp-content\/uploads\/2020\/12\/cropped-BE.png","width":512,"height":512,"caption":"Bahia Econ\u00f4mica"},"image":{"@id":"https:\/\/bahiaeconomica.com.br\/wp\/#\/schema\/logo\/image\/"},"sameAs":["https:\/\/www.facebook.com\/bahiaeconomica"]},{"@type":"Person","@id":"https:\/\/bahiaeconomica.com.br\/wp\/#\/schema\/person\/b719ce0fb1c09f3c7a00d9243ced4a6f","name":"VICTORIA ISABEL","sameAs":["http:\/\/www.bahiaeconomica.com.br"],"url":"https:\/\/bahiaeconomica.com.br\/wp\/author\/victoria-isabel\/"}]}},"views":22,"_links":{"self":[{"href":"https:\/\/bahiaeconomica.com.br\/wp\/wp-json\/wp\/v2\/posts\/1021416"}],"collection":[{"href":"https:\/\/bahiaeconomica.com.br\/wp\/wp-json\/wp\/v2\/posts"}],"about":[{"href":"https:\/\/bahiaeconomica.com.br\/wp\/wp-json\/wp\/v2\/types\/post"}],"author":[{"embeddable":true,"href":"https:\/\/bahiaeconomica.com.br\/wp\/wp-json\/wp\/v2\/users\/15"}],"replies":[{"embeddable":true,"href":"https:\/\/bahiaeconomica.com.br\/wp\/wp-json\/wp\/v2\/comments?post=1021416"}],"version-history":[{"count":1,"href":"https:\/\/bahiaeconomica.com.br\/wp\/wp-json\/wp\/v2\/posts\/1021416\/revisions"}],"predecessor-version":[{"id":1021458,"href":"https:\/\/bahiaeconomica.com.br\/wp\/wp-json\/wp\/v2\/posts\/1021416\/revisions\/1021458"}],"wp:featuredmedia":[{"embeddable":true,"href":"https:\/\/bahiaeconomica.com.br\/wp\/wp-json\/wp\/v2\/media\/1021421"}],"wp:attachment":[{"href":"https:\/\/bahiaeconomica.com.br\/wp\/wp-json\/wp\/v2\/media?parent=1021416"}],"wp:term":[{"taxonomy":"category","embeddable":true,"href":"https:\/\/bahiaeconomica.com.br\/wp\/wp-json\/wp\/v2\/categories?post=1021416"},{"taxonomy":"post_tag","embeddable":true,"href":"https:\/\/bahiaeconomica.com.br\/wp\/wp-json\/wp\/v2\/tags?post=1021416"}],"curies":[{"name":"wp","href":"https:\/\/api.w.org\/{rel}","templated":true}]}}