{"id":1021346,"date":"2026-09-01T13:22:09","date_gmt":"2026-09-01T16:22:09","guid":{"rendered":"https:\/\/bahiaeconomica.com.br\/wp\/?p=1021346"},"modified":"2026-09-01T13:22:33","modified_gmt":"2026-09-01T16:22:33","slug":"iel-oferta-mais-de-500-vagas-de-estagio-na-bahia-confira","status":"publish","type":"post","link":"https:\/\/bahiaeconomica.com.br\/wp\/2026\/09\/01\/iel-oferta-mais-de-500-vagas-de-estagio-na-bahia-confira\/","title":{"rendered":"IEL OFERTA MAIS DE 500 VAGAS DE EST\u00c1GIO NA BAHIA; CONFIRA"},"content":{"rendered":"<p>O Instituto Euvaldo Lodi (IEL) est\u00e1 com\u00a0551 vagas de est\u00e1gio abertas\u00a0em diferentes cidades da Bahia. Deste total, 339 s\u00e3o para Salvador e Regi\u00e3o Metropolitana, 17 para Juazeiro, 88 para as Regi\u00f5es Sul e Extremo Sul, 60 para Feira de Santana, 25 para Vit\u00f3ria da Conquista e 22 para Barreiras. Al\u00e9m das vagas de est\u00e1gio, tamb\u00e9m s\u00e3o oferecidas 20 vagas do programa Inova Talentos.<\/p>\n<p>As oportunidades abrangem n\u00edveis m\u00e9dio, t\u00e9cnico e superior, com bolsas que variam de R$ 450 a R$ 2.400, dependendo da unidade e da \u00e1rea de atua\u00e7\u00e3o.<\/p>\n<p>Os interessados devem fazer o cadastro no site do IEL\u00a0ielbahia.com.br\/portal-de-vagas\u00a0e acompanhar regularmente as vagas oferecidas. \u00c9 importante que os candidatos mantenham o cadastro sempre atualizado.<\/p>\n<p>Para quem tem celular com sistema Android outra op\u00e7\u00e3o \u00e9 acessar o aplicativo IEL Vagas, plataforma criada para facilitar a intermedia\u00e7\u00e3o entre profissionais e estudantes com as empresas que buscam estagi\u00e1rios, aprendizes e bolsistas.<\/p>\n<p><strong>Confira as vagas dispon\u00edveis por regi\u00e3o:<\/strong><\/p>\n<ul>\n<li>Salvador e Regi\u00e3o: 339 vagas<\/li>\n<\/ul>\n<p>\u00c1reas de atua\u00e7\u00e3o:\u00a0Comunica\u00e7\u00e3o, T\u00e9cnico em Edifica\u00e7\u00f5es, Pedagogia, Arquitetura, Matem\u00e1tica, Design, Engenharia Qu\u00edmica, Servi\u00e7o Social, Administra\u00e7\u00e3o, T\u00e9cnico em Administra\u00e7\u00e3o, Gest\u00e3o Ambiental, T\u00e9cnico em Mecatr\u00f4nica, Gastronomia, T\u00e9cnico em Eletrot\u00e9cnica, Engenharia de Produ\u00e7\u00e3o, Eletroeletr\u00f4nica, Ci\u00eancias Cont\u00e1beis, Psicologia, Ensino M\u00e9dio, T\u00e9cnico em Qu\u00edmica, Marketing, Engenharia Civil, T\u00e9cnico em Log\u00edstica, Qu\u00edmica, Nutri\u00e7\u00e3o, Biologia, T\u00e9cnico em Log\u00edstica, Biomedicina, Arquitetura e Urbanismo, Automa\u00e7\u00e3o, T\u00e9cnico em Enfermagem, Arquivologia, Manuten\u00e7\u00e3o, Engenharia El\u00e9trica, Direito, Recursos Humanos, Educa\u00e7\u00e3o F\u00edsica, Engenharia Mec\u00e2nica, Seguran\u00e7a do Trabalho, Letras, T\u00e9cnico em El\u00e9trica, Enfermagem, Engenharia Ambiental, Tecnologia da Informa\u00e7\u00e3o, Farm\u00e1cia, Hist\u00f3ria, Ci\u00eancias Biol\u00f3gicas, T\u00e9cnico em Mec\u00e2nica, P\u00f3s gradua\u00e7\u00e3o em Administra\u00e7\u00e3o.<\/p>\n<p>Cidades:\u00a0Salvador; Alagoinhas; Cama\u00e7ari; Lauro de Freitas; Sim\u00f5es Filho; Mata de S\u00e3o Jo\u00e3o; Entre Rios; Madre de Deus; Candeias.<\/p>\n<p>Bolsas\u00a0variam de R$ 600,00 a R$ 2.400,00<\/p>\n<p>&nbsp;<\/p>\n<p>&nbsp;<\/p>\n<ul>\n<li>Juazeiro e Regi\u00e3o: 17 vagas<\/li>\n<\/ul>\n<p>\u00c1reas de atua\u00e7\u00e3o:\u00a0Administra\u00e7\u00e3o; Engenharia Agron\u00f4mica; Ci\u00eancias Cont\u00e1beis; Engenharia da Computa\u00e7\u00e3o; Engenharia Civil; Engenharia El\u00e9trica; Ensino M\u00e9dio; T\u00e9cnico em Edifica\u00e7\u00f5es; T\u00e9cnico em Seguran\u00e7a do Trabalho; T\u00e9cnico em Administra\u00e7\u00e3o e T\u00e9cnico em Recursos Humanos<\/p>\n<p>Cidades:\u00a0Jacobina e Juazeiro.<\/p>\n<p>Bolsas variam de R$ 550,00 a R$ 1.645,00<\/p>\n<p>&nbsp;<\/p>\n<p>&nbsp;<\/p>\n<ul>\n<li>Sul e Extremo Sul: 88 vagas<\/li>\n<\/ul>\n<p>\u00c1reas de atua\u00e7\u00e3o:\u00a0Administra\u00e7\u00e3o (ADM), Arquitetura, Comunica\u00e7\u00e3o Social e Marketing, Cont\u00e1beis, Direito, Educa\u00e7\u00e3o F\u00edsica, Eletromec\u00e2nica, Ensino M\u00e9dio, Enfermagem, Eng. De Produ\u00e7\u00e3o, Civil e de Controle, Pedagogia, T\u00e9cnico em Administra\u00e7\u00e3o, T\u00e9cnico em Log\u00edstica, T\u00e9cnico em Enfermagem, T\u00e9cnico em Seguran\u00e7a do Trabalho.<\/p>\n<p>Cidades:\u00a0Eun\u00e1polis, Ilh\u00e9us, Itabuna, Porto Seguro, Itamaraj\u00fa, Ipia\u00fa, Mucuri e Teixeira de Freitas.<\/p>\n<p>Bolsas variam de R$ 550,00 a R$ 1.621,00<\/p>\n<p>&nbsp;<\/p>\n<p>&nbsp;<\/p>\n<ul>\n<li>Feira de Santana e Regi\u00e3o: 60 vagas<\/li>\n<\/ul>\n<p>\u00c1reas de atua\u00e7\u00e3o:\u00a0Administrativo, Atendimento, Comercial, Comunica\u00e7\u00e3o, Cont\u00e1bil, Educa\u00e7\u00e3o, Eletrot\u00e9cnica, Enfermagem, Laborat\u00f3rio, Log\u00edstica, Manuten\u00e7\u00e3o, Produ\u00e7\u00e3o, Vendas.<\/p>\n<p>Bolsas variam de R$ 450,00 a R$ 1.621,00<\/p>\n<p>&nbsp;<\/p>\n<p>&nbsp;<\/p>\n<ul>\n<li>Vit\u00f3ria da Conquista e Regi\u00e3o: 25 vagas<\/li>\n<\/ul>\n<p>\u00c1reas de atua\u00e7\u00e3o:\u00a0T\u00e9cnico em Enfermagem, Pedagogia, Marketing, Ci\u00eancias da Computa\u00e7\u00e3o, Ensino M\u00e9dio, Administra\u00e7\u00e3o, Ci\u00eancias Cont\u00e1beis, Economia, Agropecu\u00e1ria, Meio Ambiente, Design, Artes Gr\u00e1ficas, Artes Visuais (Design Gr\u00e1fico), Comunica\u00e7\u00e3o Visual Design, Sistemas, Recursos Humanos, Engenharia Civil.<\/p>\n<p>Cidades:\u00a0Vit\u00f3ria da Conquista, Jequi\u00e9, Guanambi, Itapetinga.<\/p>\n<p>Bolsas\u00a0variam de R$ 550,00 a R$ 1.621,00<\/p>\n<p>&nbsp;<\/p>\n<p>&nbsp;<\/p>\n<ul>\n<li>\u00a0Barreiras e Regi\u00e3o: 22 vagas<\/li>\n<\/ul>\n<p>\u00c1reas de atua\u00e7\u00e3o:\u00a0Administra\u00e7\u00e3o, Pedagogia, Ci\u00eancias Cont\u00e1beis, Educa\u00e7\u00e3o F\u00edsica, Economia, Log\u00edstica, Gest\u00e3o Comercial, Recursos Humanos, Letras, Secretariado, Ci\u00eancias da Natureza (Biologia, Qu\u00edmica e F\u00edsica), Matem\u00e1tica, Gest\u00e3o Financeira, Agronomia, Enfermagem, Engenharia Agr\u00edcola, Engenharia de Produ\u00e7\u00e3o, Engenharia Civil, Arquitetura, Biomedicina, Geografia, Hist\u00f3ria e Seguran\u00e7a do trabalho.<\/p>\n<p>Cidades:\u00a0Santa Maria da Vit\u00f3ria, Lu\u00eds Eduardo Magalh\u00e3es e Barreiras<\/p>\n<p>Bolsas\u00a0variam de R$ 450,00 a R$ 1.575,00<br \/>\n<strong>PROGRAMA INOVA TALENTOS<\/strong><\/p>\n<p>O Programa Inova Talentos do IEL tem foco em profissionais que j\u00e1 est\u00e3o formados, ou em processo de especializa\u00e7\u00e3o, para atuar como bolsistas em grandes empresas, principalmente no segmento industrial.<br \/>\nAtualmente est\u00e3o abertas\u00a020 vagas para o Inova Talentos. Vale lembrar que as oportunidades s\u00e3o para profissionais com n\u00edvel superior completo ou em gradua\u00e7\u00e3o (a partir do 5\u00ba semestre).<\/p>\n<p>\u00c1reas de atua\u00e7\u00e3o:\u00a0Engenharia e Tecnologia.<\/p>\n<p>Cidades:\u00a0Salvador, Cama\u00e7ari, S\u00e3o Paulo e 100% Remoto<\/p>\n<p>Bolsas\u00a0variam de R$2.500 a R$5.500<\/p>\n<p>&nbsp;<\/p>\n<p>Foto: Divulga\u00e7\u00e3o Sistema FIEB<\/p>\n","protected":false},"excerpt":{"rendered":"<p>O Instituto Euvaldo Lodi (IEL) est\u00e1 com\u00a0551 vagas de est\u00e1gio abertas\u00a0em diferentes cidades da Bahia. Deste total, 339 s\u00e3o para Salvador e Regi\u00e3o Metropolitana, 17 para Juazeiro, 88 para as Regi\u00f5es Sul e Extremo Sul, 60 para Feira de Santana, 25 para Vit\u00f3ria da Conquista e 22 para Barreiras. Al\u00e9m das vagas de est\u00e1gio, tamb\u00e9m [&hellip;]<\/p>\n","protected":false},"author":20,"featured_media":1021348,"comment_status":"closed","ping_status":"closed","sticky":false,"template":"","format":"standard","meta":[],"categories":[8],"tags":[85,1997,2082,1013],"acf":[],"yoast_head":"<!-- This site is optimized with the Yoast SEO plugin v20.8 - https:\/\/yoast.com\/wordpress\/plugins\/seo\/ -->\n<title>IEL OFERTA MAIS DE 500 VAGAS DE EST\u00c1GIO NA BAHIA; CONFIRA - Bahia Economica<\/title>\n<meta name=\"description\" content=\"O maior portal de Economia da Bahia EMPREGOS \/ CONCURSOS Bahia Economica\" \/>\n<meta name=\"robots\" content=\"index, follow, max-snippet:-1, max-image-preview:large, max-video-preview:-1\" \/>\n<link rel=\"canonical\" href=\"https:\/\/bahiaeconomica.com.br\/wp\/2026\/09\/01\/iel-oferta-mais-de-500-vagas-de-estagio-na-bahia-confira\/\" \/>\n<meta property=\"og:locale\" content=\"pt_BR\" \/>\n<meta property=\"og:type\" content=\"article\" \/>\n<meta property=\"og:title\" content=\"IEL OFERTA MAIS DE 500 VAGAS DE EST\u00c1GIO NA BAHIA; CONFIRA - Bahia Economica\" \/>\n<meta property=\"og:description\" content=\"O maior portal de Economia da Bahia EMPREGOS \/ CONCURSOS Bahia Economica\" \/>\n<meta property=\"og:url\" content=\"https:\/\/bahiaeconomica.com.br\/wp\/2026\/09\/01\/iel-oferta-mais-de-500-vagas-de-estagio-na-bahia-confira\/\" \/>\n<meta property=\"og:site_name\" content=\"Bahia Economica\" \/>\n<meta property=\"article:publisher\" content=\"https:\/\/www.facebook.com\/bahiaeconomica\" \/>\n<meta property=\"article:published_time\" content=\"2026-09-01T16:22:09+00:00\" \/>\n<meta property=\"article:modified_time\" content=\"2026-09-01T16:22:33+00:00\" \/>\n<meta property=\"og:image\" content=\"https:\/\/bahiaeconomica.com.br\/wp\/wp-content\/uploads\/2026\/09\/K4dC2aABCF90212-_3_.jpg\" \/>\n\t<meta property=\"og:image:width\" content=\"900\" \/>\n\t<meta property=\"og:image:height\" content=\"506\" \/>\n\t<meta property=\"og:image:type\" content=\"image\/jpeg\" \/>\n<meta name=\"author\" content=\"BRUNA CARVALHO\" \/>\n<meta name=\"twitter:card\" content=\"summary_large_image\" \/>\n<meta name=\"twitter:label1\" content=\"Escrito por\" \/>\n\t<meta name=\"twitter:data1\" content=\"BRUNA CARVALHO\" \/>\n\t<meta name=\"twitter:label2\" content=\"Est. tempo de leitura\" \/>\n\t<meta name=\"twitter:data2\" content=\"4 minutos\" \/>\n<script type=\"application\/ld+json\" class=\"yoast-schema-graph\">{\"@context\":\"https:\/\/schema.org\",\"@graph\":[{\"@type\":\"Article\",\"@id\":\"https:\/\/bahiaeconomica.com.br\/wp\/2026\/09\/01\/iel-oferta-mais-de-500-vagas-de-estagio-na-bahia-confira\/#article\",\"isPartOf\":{\"@id\":\"https:\/\/bahiaeconomica.com.br\/wp\/2026\/09\/01\/iel-oferta-mais-de-500-vagas-de-estagio-na-bahia-confira\/\"},\"author\":{\"name\":\"BRUNA CARVALHO\",\"@id\":\"https:\/\/bahiaeconomica.com.br\/wp\/#\/schema\/person\/9310b0e591f5979f6f99773eac5804e6\"},\"headline\":\"IEL OFERTA MAIS DE 500 VAGAS DE EST\u00c1GIO NA BAHIA; CONFIRA\",\"datePublished\":\"2026-09-01T16:22:09+00:00\",\"dateModified\":\"2026-09-01T16:22:33+00:00\",\"mainEntityOfPage\":{\"@id\":\"https:\/\/bahiaeconomica.com.br\/wp\/2026\/09\/01\/iel-oferta-mais-de-500-vagas-de-estagio-na-bahia-confira\/\"},\"wordCount\":796,\"publisher\":{\"@id\":\"https:\/\/bahiaeconomica.com.br\/wp\/#organization\"},\"keywords\":[\"Bahia\",\"est\u00e1gio\",\"iel\",\"vagas\"],\"articleSection\":[\"EMPREGOS \/ CONCURSOS\"],\"inLanguage\":\"pt-BR\"},{\"@type\":\"WebPage\",\"@id\":\"https:\/\/bahiaeconomica.com.br\/wp\/2026\/09\/01\/iel-oferta-mais-de-500-vagas-de-estagio-na-bahia-confira\/\",\"url\":\"https:\/\/bahiaeconomica.com.br\/wp\/2026\/09\/01\/iel-oferta-mais-de-500-vagas-de-estagio-na-bahia-confira\/\",\"name\":\"IEL OFERTA MAIS DE 500 VAGAS DE EST\u00c1GIO NA BAHIA; CONFIRA - Bahia Economica\",\"isPartOf\":{\"@id\":\"https:\/\/bahiaeconomica.com.br\/wp\/#website\"},\"datePublished\":\"2026-09-01T16:22:09+00:00\",\"dateModified\":\"2026-09-01T16:22:33+00:00\",\"description\":\"O maior portal de Economia da Bahia EMPREGOS \/ CONCURSOS Bahia Economica\",\"breadcrumb\":{\"@id\":\"https:\/\/bahiaeconomica.com.br\/wp\/2026\/09\/01\/iel-oferta-mais-de-500-vagas-de-estagio-na-bahia-confira\/#breadcrumb\"},\"inLanguage\":\"pt-BR\",\"potentialAction\":[{\"@type\":\"ReadAction\",\"target\":[\"https:\/\/bahiaeconomica.com.br\/wp\/2026\/09\/01\/iel-oferta-mais-de-500-vagas-de-estagio-na-bahia-confira\/\"]}]},{\"@type\":\"BreadcrumbList\",\"@id\":\"https:\/\/bahiaeconomica.com.br\/wp\/2026\/09\/01\/iel-oferta-mais-de-500-vagas-de-estagio-na-bahia-confira\/#breadcrumb\",\"itemListElement\":[{\"@type\":\"ListItem\",\"position\":1,\"name\":\"In\u00edcio\",\"item\":\"https:\/\/bahiaeconomica.com.br\/wp\/\"},{\"@type\":\"ListItem\",\"position\":2,\"name\":\"IEL OFERTA MAIS DE 500 VAGAS DE EST\u00c1GIO NA BAHIA; CONFIRA\"}]},{\"@type\":\"WebSite\",\"@id\":\"https:\/\/bahiaeconomica.com.br\/wp\/#website\",\"url\":\"https:\/\/bahiaeconomica.com.br\/wp\/\",\"name\":\"Bahia Economica\",\"description\":\"O maior portal de Economia da Bahia\",\"publisher\":{\"@id\":\"https:\/\/bahiaeconomica.com.br\/wp\/#organization\"},\"potentialAction\":[{\"@type\":\"SearchAction\",\"target\":{\"@type\":\"EntryPoint\",\"urlTemplate\":\"https:\/\/bahiaeconomica.com.br\/wp\/?s={search_term_string}\"},\"query-input\":\"required name=search_term_string\"}],\"inLanguage\":\"pt-BR\"},{\"@type\":\"Organization\",\"@id\":\"https:\/\/bahiaeconomica.com.br\/wp\/#organization\",\"name\":\"Bahia Econ\u00f4mica\",\"url\":\"https:\/\/bahiaeconomica.com.br\/wp\/\",\"logo\":{\"@type\":\"ImageObject\",\"inLanguage\":\"pt-BR\",\"@id\":\"https:\/\/bahiaeconomica.com.br\/wp\/#\/schema\/logo\/image\/\",\"url\":\"https:\/\/bahiaeconomica.com.br\/wp\/wp-content\/uploads\/2020\/12\/cropped-BE.png\",\"contentUrl\":\"https:\/\/bahiaeconomica.com.br\/wp\/wp-content\/uploads\/2020\/12\/cropped-BE.png\",\"width\":512,\"height\":512,\"caption\":\"Bahia Econ\u00f4mica\"},\"image\":{\"@id\":\"https:\/\/bahiaeconomica.com.br\/wp\/#\/schema\/logo\/image\/\"},\"sameAs\":[\"https:\/\/www.facebook.com\/bahiaeconomica\"]},{\"@type\":\"Person\",\"@id\":\"https:\/\/bahiaeconomica.com.br\/wp\/#\/schema\/person\/9310b0e591f5979f6f99773eac5804e6\",\"name\":\"BRUNA CARVALHO\",\"sameAs\":[\"http:\/\/www.bahiaeconomica.com.br\"],\"url\":\"https:\/\/bahiaeconomica.com.br\/wp\/author\/bruna\/\"}]}<\/script>\n<!-- \/ Yoast SEO plugin. -->","yoast_head_json":{"title":"IEL OFERTA MAIS DE 500 VAGAS DE EST\u00c1GIO NA BAHIA; CONFIRA - Bahia Economica","description":"O maior portal de Economia da Bahia EMPREGOS \/ CONCURSOS Bahia Economica","robots":{"index":"index","follow":"follow","max-snippet":"max-snippet:-1","max-image-preview":"max-image-preview:large","max-video-preview":"max-video-preview:-1"},"canonical":"https:\/\/bahiaeconomica.com.br\/wp\/2026\/09\/01\/iel-oferta-mais-de-500-vagas-de-estagio-na-bahia-confira\/","og_locale":"pt_BR","og_type":"article","og_title":"IEL OFERTA MAIS DE 500 VAGAS DE EST\u00c1GIO NA BAHIA; CONFIRA - Bahia Economica","og_description":"O maior portal de Economia da Bahia EMPREGOS \/ CONCURSOS Bahia Economica","og_url":"https:\/\/bahiaeconomica.com.br\/wp\/2026\/09\/01\/iel-oferta-mais-de-500-vagas-de-estagio-na-bahia-confira\/","og_site_name":"Bahia Economica","article_publisher":"https:\/\/www.facebook.com\/bahiaeconomica","article_published_time":"2026-09-01T16:22:09+00:00","article_modified_time":"2026-09-01T16:22:33+00:00","og_image":[{"width":900,"height":506,"url":"https:\/\/bahiaeconomica.com.br\/wp\/wp-content\/uploads\/2026\/09\/K4dC2aABCF90212-_3_.jpg","type":"image\/jpeg"}],"author":"BRUNA CARVALHO","twitter_card":"summary_large_image","twitter_misc":{"Escrito por":"BRUNA CARVALHO","Est. tempo de leitura":"4 minutos"},"schema":{"@context":"https:\/\/schema.org","@graph":[{"@type":"Article","@id":"https:\/\/bahiaeconomica.com.br\/wp\/2026\/09\/01\/iel-oferta-mais-de-500-vagas-de-estagio-na-bahia-confira\/#article","isPartOf":{"@id":"https:\/\/bahiaeconomica.com.br\/wp\/2026\/09\/01\/iel-oferta-mais-de-500-vagas-de-estagio-na-bahia-confira\/"},"author":{"name":"BRUNA CARVALHO","@id":"https:\/\/bahiaeconomica.com.br\/wp\/#\/schema\/person\/9310b0e591f5979f6f99773eac5804e6"},"headline":"IEL OFERTA MAIS DE 500 VAGAS DE EST\u00c1GIO NA BAHIA; CONFIRA","datePublished":"2026-09-01T16:22:09+00:00","dateModified":"2026-09-01T16:22:33+00:00","mainEntityOfPage":{"@id":"https:\/\/bahiaeconomica.com.br\/wp\/2026\/09\/01\/iel-oferta-mais-de-500-vagas-de-estagio-na-bahia-confira\/"},"wordCount":796,"publisher":{"@id":"https:\/\/bahiaeconomica.com.br\/wp\/#organization"},"keywords":["Bahia","est\u00e1gio","iel","vagas"],"articleSection":["EMPREGOS \/ CONCURSOS"],"inLanguage":"pt-BR"},{"@type":"WebPage","@id":"https:\/\/bahiaeconomica.com.br\/wp\/2026\/09\/01\/iel-oferta-mais-de-500-vagas-de-estagio-na-bahia-confira\/","url":"https:\/\/bahiaeconomica.com.br\/wp\/2026\/09\/01\/iel-oferta-mais-de-500-vagas-de-estagio-na-bahia-confira\/","name":"IEL OFERTA MAIS DE 500 VAGAS DE EST\u00c1GIO NA BAHIA; CONFIRA - Bahia Economica","isPartOf":{"@id":"https:\/\/bahiaeconomica.com.br\/wp\/#website"},"datePublished":"2026-09-01T16:22:09+00:00","dateModified":"2026-09-01T16:22:33+00:00","description":"O maior portal de Economia da Bahia EMPREGOS \/ CONCURSOS Bahia Economica","breadcrumb":{"@id":"https:\/\/bahiaeconomica.com.br\/wp\/2026\/09\/01\/iel-oferta-mais-de-500-vagas-de-estagio-na-bahia-confira\/#breadcrumb"},"inLanguage":"pt-BR","potentialAction":[{"@type":"ReadAction","target":["https:\/\/bahiaeconomica.com.br\/wp\/2026\/09\/01\/iel-oferta-mais-de-500-vagas-de-estagio-na-bahia-confira\/"]}]},{"@type":"BreadcrumbList","@id":"https:\/\/bahiaeconomica.com.br\/wp\/2026\/09\/01\/iel-oferta-mais-de-500-vagas-de-estagio-na-bahia-confira\/#breadcrumb","itemListElement":[{"@type":"ListItem","position":1,"name":"In\u00edcio","item":"https:\/\/bahiaeconomica.com.br\/wp\/"},{"@type":"ListItem","position":2,"name":"IEL OFERTA MAIS DE 500 VAGAS DE EST\u00c1GIO NA BAHIA; CONFIRA"}]},{"@type":"WebSite","@id":"https:\/\/bahiaeconomica.com.br\/wp\/#website","url":"https:\/\/bahiaeconomica.com.br\/wp\/","name":"Bahia Economica","description":"O maior portal de Economia da Bahia","publisher":{"@id":"https:\/\/bahiaeconomica.com.br\/wp\/#organization"},"potentialAction":[{"@type":"SearchAction","target":{"@type":"EntryPoint","urlTemplate":"https:\/\/bahiaeconomica.com.br\/wp\/?s={search_term_string}"},"query-input":"required name=search_term_string"}],"inLanguage":"pt-BR"},{"@type":"Organization","@id":"https:\/\/bahiaeconomica.com.br\/wp\/#organization","name":"Bahia Econ\u00f4mica","url":"https:\/\/bahiaeconomica.com.br\/wp\/","logo":{"@type":"ImageObject","inLanguage":"pt-BR","@id":"https:\/\/bahiaeconomica.com.br\/wp\/#\/schema\/logo\/image\/","url":"https:\/\/bahiaeconomica.com.br\/wp\/wp-content\/uploads\/2020\/12\/cropped-BE.png","contentUrl":"https:\/\/bahiaeconomica.com.br\/wp\/wp-content\/uploads\/2020\/12\/cropped-BE.png","width":512,"height":512,"caption":"Bahia Econ\u00f4mica"},"image":{"@id":"https:\/\/bahiaeconomica.com.br\/wp\/#\/schema\/logo\/image\/"},"sameAs":["https:\/\/www.facebook.com\/bahiaeconomica"]},{"@type":"Person","@id":"https:\/\/bahiaeconomica.com.br\/wp\/#\/schema\/person\/9310b0e591f5979f6f99773eac5804e6","name":"BRUNA CARVALHO","sameAs":["http:\/\/www.bahiaeconomica.com.br"],"url":"https:\/\/bahiaeconomica.com.br\/wp\/author\/bruna\/"}]}},"views":2,"_links":{"self":[{"href":"https:\/\/bahiaeconomica.com.br\/wp\/wp-json\/wp\/v2\/posts\/1021346"}],"collection":[{"href":"https:\/\/bahiaeconomica.com.br\/wp\/wp-json\/wp\/v2\/posts"}],"about":[{"href":"https:\/\/bahiaeconomica.com.br\/wp\/wp-json\/wp\/v2\/types\/post"}],"author":[{"embeddable":true,"href":"https:\/\/bahiaeconomica.com.br\/wp\/wp-json\/wp\/v2\/users\/20"}],"replies":[{"embeddable":true,"href":"https:\/\/bahiaeconomica.com.br\/wp\/wp-json\/wp\/v2\/comments?post=1021346"}],"version-history":[{"count":1,"href":"https:\/\/bahiaeconomica.com.br\/wp\/wp-json\/wp\/v2\/posts\/1021346\/revisions"}],"predecessor-version":[{"id":1021369,"href":"https:\/\/bahiaeconomica.com.br\/wp\/wp-json\/wp\/v2\/posts\/1021346\/revisions\/1021369"}],"wp:featuredmedia":[{"embeddable":true,"href":"https:\/\/bahiaeconomica.com.br\/wp\/wp-json\/wp\/v2\/media\/1021348"}],"wp:attachment":[{"href":"https:\/\/bahiaeconomica.com.br\/wp\/wp-json\/wp\/v2\/media?parent=1021346"}],"wp:term":[{"taxonomy":"category","embeddable":true,"href":"https:\/\/bahiaeconomica.com.br\/wp\/wp-json\/wp\/v2\/categories?post=1021346"},{"taxonomy":"post_tag","embeddable":true,"href":"https:\/\/bahiaeconomica.com.br\/wp\/wp-json\/wp\/v2\/tags?post=1021346"}],"curies":[{"name":"wp","href":"https:\/\/api.w.org\/{rel}","templated":true}]}}