{"id":1021328,"date":"2026-09-01T10:30:03","date_gmt":"2026-09-01T13:30:03","guid":{"rendered":"https:\/\/bahiaeconomica.com.br\/wp\/?p=1021328"},"modified":"2026-09-01T10:30:03","modified_gmt":"2026-09-01T13:30:03","slug":"metro-reforca-servicos-para-atender-publico-da-partida-entre-vitoria-e-vasco","status":"publish","type":"post","link":"https:\/\/bahiaeconomica.com.br\/wp\/2026\/09\/01\/metro-reforca-servicos-para-atender-publico-da-partida-entre-vitoria-e-vasco\/","title":{"rendered":"METR\u00d4 REFOR\u00c7A SERVI\u00c7OS PARA ATENDER P\u00daBLICO DA PARTIDA ENTRE VIT\u00d3RIA E VASCO"},"content":{"rendered":"<p>O Metr\u00f4 de Salvador e Lauro de Freitas realizar\u00e1 uma opera\u00e7\u00e3o especial nesta quarta (2) para atender os clientes que v\u00e3o acompanhar o duelo entre Vit\u00f3ria e Vasco pelo jogo de volta das quartas de final da Copa do Brasil, \u00e0s 21h30, no Est\u00e1dio Manoel Barradas (Barrad\u00e3o). O sistema vai funcionar em hor\u00e1rio normal, das 5h \u00e0 0h.<\/p>\n<p>A opera\u00e7\u00e3o contar\u00e1 com refor\u00e7o no n\u00famero de Agentes de Atendimento e Seguran\u00e7a (AAS), especialmente nas esta\u00e7\u00f5es Flamboyant e Piraj\u00e1, que concentram o fluxo de passageiros com destino ao est\u00e1dio. Al\u00e9m disso, haver\u00e1 aumento da quantidade de viagens dos trens conforme a demanda registrada ao longo do dia.<\/p>\n<p>O monitoramento da movimenta\u00e7\u00e3o de clientes ser\u00e1 realizado em tempo real pelo Centro de Controle Operacional (CCO), permitindo ajustes operacionais sempre que necess\u00e1rio para garantir mais fluidez e seguran\u00e7a durante o deslocamento dos passageiros.<\/p>\n<p>&#8220;Nossos colaboradores est\u00e3o preparados para atender os clientes que ir\u00e3o acompanhar a partida. Teremos refor\u00e7o de equipes nas esta\u00e7\u00f5es com maior demanda e acompanhamento em tempo real da opera\u00e7\u00e3o para oferecer uma viagem segura e organizada antes e ap\u00f3s o jogo&#8221;, afirma Maria Eduarda Studart, gerente de Esta\u00e7\u00f5es e Terminais do Metr\u00f4 Bahia.<\/p>\n<p>&nbsp;<\/p>\n<p>Foto: Divulga\u00e7\u00e3o \/ Metr\u00f4.<\/p>\n","protected":false},"excerpt":{"rendered":"<p>O Metr\u00f4 de Salvador e Lauro de Freitas realizar\u00e1 uma opera\u00e7\u00e3o especial nesta quarta (2) para atender os clientes que v\u00e3o acompanhar o duelo entre Vit\u00f3ria e Vasco pelo jogo de volta das quartas de final da Copa do Brasil, \u00e0s 21h30, no Est\u00e1dio Manoel Barradas (Barrad\u00e3o). O sistema vai funcionar em hor\u00e1rio normal, das [&hellip;]<\/p>\n","protected":false},"author":21,"featured_media":1021329,"comment_status":"closed","ping_status":"closed","sticky":false,"template":"","format":"standard","meta":[],"categories":[4486,5],"tags":[1053,73,1002],"acf":[],"yoast_head":"<!-- This site is optimized with the Yoast SEO plugin v20.8 - https:\/\/yoast.com\/wordpress\/plugins\/seo\/ -->\n<title>METR\u00d4 REFOR\u00c7A SERVI\u00c7OS PARA ATENDER P\u00daBLICO DA PARTIDA ENTRE VIT\u00d3RIA E VASCO - Bahia Economica<\/title>\n<meta name=\"description\" content=\"O maior portal de Economia da Bahia Esporte, MUNIC\u00cdPIOS Bahia Economica O Metr\u00f4 de Salvador e Lauro de Freitas realizar\u00e1 uma opera\u00e7\u00e3o especial\" \/>\n<meta name=\"robots\" content=\"index, follow, max-snippet:-1, max-image-preview:large, max-video-preview:-1\" \/>\n<link rel=\"canonical\" href=\"https:\/\/bahiaeconomica.com.br\/wp\/2026\/09\/01\/metro-reforca-servicos-para-atender-publico-da-partida-entre-vitoria-e-vasco\/\" \/>\n<meta property=\"og:locale\" content=\"pt_BR\" \/>\n<meta property=\"og:type\" content=\"article\" \/>\n<meta property=\"og:title\" content=\"METR\u00d4 REFOR\u00c7A SERVI\u00c7OS PARA ATENDER P\u00daBLICO DA PARTIDA ENTRE VIT\u00d3RIA E VASCO - Bahia Economica\" \/>\n<meta property=\"og:description\" content=\"O maior portal de Economia da Bahia Esporte, MUNIC\u00cdPIOS Bahia Economica O Metr\u00f4 de Salvador e Lauro de Freitas realizar\u00e1 uma opera\u00e7\u00e3o especial\" \/>\n<meta property=\"og:url\" content=\"https:\/\/bahiaeconomica.com.br\/wp\/2026\/09\/01\/metro-reforca-servicos-para-atender-publico-da-partida-entre-vitoria-e-vasco\/\" \/>\n<meta property=\"og:site_name\" content=\"Bahia Economica\" \/>\n<meta property=\"article:publisher\" content=\"https:\/\/www.facebook.com\/bahiaeconomica\" \/>\n<meta property=\"article:published_time\" content=\"2026-09-01T13:30:03+00:00\" \/>\n<meta property=\"og:image\" content=\"https:\/\/bahiaeconomica.com.br\/wp\/wp-content\/uploads\/2026\/09\/image-1.webp\" \/>\n\t<meta property=\"og:image:width\" content=\"1463\" \/>\n\t<meta property=\"og:image:height\" content=\"1043\" \/>\n\t<meta property=\"og:image:type\" content=\"image\/webp\" \/>\n<meta name=\"author\" content=\"HUGO LEITE\" \/>\n<meta name=\"twitter:card\" content=\"summary_large_image\" \/>\n<meta name=\"twitter:label1\" content=\"Escrito por\" \/>\n\t<meta name=\"twitter:data1\" content=\"HUGO LEITE\" \/>\n\t<meta name=\"twitter:label2\" content=\"Est. tempo de leitura\" \/>\n\t<meta name=\"twitter:data2\" content=\"2 minutos\" \/>\n<script type=\"application\/ld+json\" class=\"yoast-schema-graph\">{\"@context\":\"https:\/\/schema.org\",\"@graph\":[{\"@type\":\"Article\",\"@id\":\"https:\/\/bahiaeconomica.com.br\/wp\/2026\/09\/01\/metro-reforca-servicos-para-atender-publico-da-partida-entre-vitoria-e-vasco\/#article\",\"isPartOf\":{\"@id\":\"https:\/\/bahiaeconomica.com.br\/wp\/2026\/09\/01\/metro-reforca-servicos-para-atender-publico-da-partida-entre-vitoria-e-vasco\/\"},\"author\":{\"name\":\"HUGO LEITE\",\"@id\":\"https:\/\/bahiaeconomica.com.br\/wp\/#\/schema\/person\/1704090528f3af7c918b3cb25d9d4016\"},\"headline\":\"METR\u00d4 REFOR\u00c7A SERVI\u00c7OS PARA ATENDER P\u00daBLICO DA PARTIDA ENTRE VIT\u00d3RIA E VASCO\",\"datePublished\":\"2026-09-01T13:30:03+00:00\",\"dateModified\":\"2026-09-01T13:30:03+00:00\",\"mainEntityOfPage\":{\"@id\":\"https:\/\/bahiaeconomica.com.br\/wp\/2026\/09\/01\/metro-reforca-servicos-para-atender-publico-da-partida-entre-vitoria-e-vasco\/\"},\"wordCount\":235,\"publisher\":{\"@id\":\"https:\/\/bahiaeconomica.com.br\/wp\/#organization\"},\"keywords\":[\"Metr\u00f4\",\"Salvador\",\"vitoria\"],\"articleSection\":[\"Esporte\",\"MUNIC\u00cdPIOS\"],\"inLanguage\":\"pt-BR\"},{\"@type\":\"WebPage\",\"@id\":\"https:\/\/bahiaeconomica.com.br\/wp\/2026\/09\/01\/metro-reforca-servicos-para-atender-publico-da-partida-entre-vitoria-e-vasco\/\",\"url\":\"https:\/\/bahiaeconomica.com.br\/wp\/2026\/09\/01\/metro-reforca-servicos-para-atender-publico-da-partida-entre-vitoria-e-vasco\/\",\"name\":\"METR\u00d4 REFOR\u00c7A SERVI\u00c7OS PARA ATENDER P\u00daBLICO DA PARTIDA ENTRE VIT\u00d3RIA E VASCO - Bahia Economica\",\"isPartOf\":{\"@id\":\"https:\/\/bahiaeconomica.com.br\/wp\/#website\"},\"datePublished\":\"2026-09-01T13:30:03+00:00\",\"dateModified\":\"2026-09-01T13:30:03+00:00\",\"description\":\"O maior portal de Economia da Bahia Esporte, MUNIC\u00cdPIOS Bahia Economica O Metr\u00f4 de Salvador e Lauro de Freitas realizar\u00e1 uma opera\u00e7\u00e3o especial\",\"breadcrumb\":{\"@id\":\"https:\/\/bahiaeconomica.com.br\/wp\/2026\/09\/01\/metro-reforca-servicos-para-atender-publico-da-partida-entre-vitoria-e-vasco\/#breadcrumb\"},\"inLanguage\":\"pt-BR\",\"potentialAction\":[{\"@type\":\"ReadAction\",\"target\":[\"https:\/\/bahiaeconomica.com.br\/wp\/2026\/09\/01\/metro-reforca-servicos-para-atender-publico-da-partida-entre-vitoria-e-vasco\/\"]}]},{\"@type\":\"BreadcrumbList\",\"@id\":\"https:\/\/bahiaeconomica.com.br\/wp\/2026\/09\/01\/metro-reforca-servicos-para-atender-publico-da-partida-entre-vitoria-e-vasco\/#breadcrumb\",\"itemListElement\":[{\"@type\":\"ListItem\",\"position\":1,\"name\":\"In\u00edcio\",\"item\":\"https:\/\/bahiaeconomica.com.br\/wp\/\"},{\"@type\":\"ListItem\",\"position\":2,\"name\":\"METR\u00d4 REFOR\u00c7A SERVI\u00c7OS PARA ATENDER P\u00daBLICO DA PARTIDA ENTRE VIT\u00d3RIA E VASCO\"}]},{\"@type\":\"WebSite\",\"@id\":\"https:\/\/bahiaeconomica.com.br\/wp\/#website\",\"url\":\"https:\/\/bahiaeconomica.com.br\/wp\/\",\"name\":\"Bahia Economica\",\"description\":\"O maior portal de Economia da Bahia\",\"publisher\":{\"@id\":\"https:\/\/bahiaeconomica.com.br\/wp\/#organization\"},\"potentialAction\":[{\"@type\":\"SearchAction\",\"target\":{\"@type\":\"EntryPoint\",\"urlTemplate\":\"https:\/\/bahiaeconomica.com.br\/wp\/?s={search_term_string}\"},\"query-input\":\"required name=search_term_string\"}],\"inLanguage\":\"pt-BR\"},{\"@type\":\"Organization\",\"@id\":\"https:\/\/bahiaeconomica.com.br\/wp\/#organization\",\"name\":\"Bahia Econ\u00f4mica\",\"url\":\"https:\/\/bahiaeconomica.com.br\/wp\/\",\"logo\":{\"@type\":\"ImageObject\",\"inLanguage\":\"pt-BR\",\"@id\":\"https:\/\/bahiaeconomica.com.br\/wp\/#\/schema\/logo\/image\/\",\"url\":\"https:\/\/bahiaeconomica.com.br\/wp\/wp-content\/uploads\/2020\/12\/cropped-BE.png\",\"contentUrl\":\"https:\/\/bahiaeconomica.com.br\/wp\/wp-content\/uploads\/2020\/12\/cropped-BE.png\",\"width\":512,\"height\":512,\"caption\":\"Bahia Econ\u00f4mica\"},\"image\":{\"@id\":\"https:\/\/bahiaeconomica.com.br\/wp\/#\/schema\/logo\/image\/\"},\"sameAs\":[\"https:\/\/www.facebook.com\/bahiaeconomica\"]},{\"@type\":\"Person\",\"@id\":\"https:\/\/bahiaeconomica.com.br\/wp\/#\/schema\/person\/1704090528f3af7c918b3cb25d9d4016\",\"name\":\"HUGO LEITE\",\"sameAs\":[\"http:\/\/www.bahiaeconomica.com.br\"],\"url\":\"https:\/\/bahiaeconomica.com.br\/wp\/author\/hugo-leite\/\"}]}<\/script>\n<!-- \/ Yoast SEO plugin. -->","yoast_head_json":{"title":"METR\u00d4 REFOR\u00c7A SERVI\u00c7OS PARA ATENDER P\u00daBLICO DA PARTIDA ENTRE VIT\u00d3RIA E VASCO - Bahia Economica","description":"O maior portal de Economia da Bahia Esporte, MUNIC\u00cdPIOS Bahia Economica O Metr\u00f4 de Salvador e Lauro de Freitas realizar\u00e1 uma opera\u00e7\u00e3o especial","robots":{"index":"index","follow":"follow","max-snippet":"max-snippet:-1","max-image-preview":"max-image-preview:large","max-video-preview":"max-video-preview:-1"},"canonical":"https:\/\/bahiaeconomica.com.br\/wp\/2026\/09\/01\/metro-reforca-servicos-para-atender-publico-da-partida-entre-vitoria-e-vasco\/","og_locale":"pt_BR","og_type":"article","og_title":"METR\u00d4 REFOR\u00c7A SERVI\u00c7OS PARA ATENDER P\u00daBLICO DA PARTIDA ENTRE VIT\u00d3RIA E VASCO - Bahia Economica","og_description":"O maior portal de Economia da Bahia Esporte, MUNIC\u00cdPIOS Bahia Economica O Metr\u00f4 de Salvador e Lauro de Freitas realizar\u00e1 uma opera\u00e7\u00e3o especial","og_url":"https:\/\/bahiaeconomica.com.br\/wp\/2026\/09\/01\/metro-reforca-servicos-para-atender-publico-da-partida-entre-vitoria-e-vasco\/","og_site_name":"Bahia Economica","article_publisher":"https:\/\/www.facebook.com\/bahiaeconomica","article_published_time":"2026-09-01T13:30:03+00:00","og_image":[{"width":1463,"height":1043,"url":"https:\/\/bahiaeconomica.com.br\/wp\/wp-content\/uploads\/2026\/09\/image-1.webp","type":"image\/webp"}],"author":"HUGO LEITE","twitter_card":"summary_large_image","twitter_misc":{"Escrito por":"HUGO LEITE","Est. tempo de leitura":"2 minutos"},"schema":{"@context":"https:\/\/schema.org","@graph":[{"@type":"Article","@id":"https:\/\/bahiaeconomica.com.br\/wp\/2026\/09\/01\/metro-reforca-servicos-para-atender-publico-da-partida-entre-vitoria-e-vasco\/#article","isPartOf":{"@id":"https:\/\/bahiaeconomica.com.br\/wp\/2026\/09\/01\/metro-reforca-servicos-para-atender-publico-da-partida-entre-vitoria-e-vasco\/"},"author":{"name":"HUGO LEITE","@id":"https:\/\/bahiaeconomica.com.br\/wp\/#\/schema\/person\/1704090528f3af7c918b3cb25d9d4016"},"headline":"METR\u00d4 REFOR\u00c7A SERVI\u00c7OS PARA ATENDER P\u00daBLICO DA PARTIDA ENTRE VIT\u00d3RIA E VASCO","datePublished":"2026-09-01T13:30:03+00:00","dateModified":"2026-09-01T13:30:03+00:00","mainEntityOfPage":{"@id":"https:\/\/bahiaeconomica.com.br\/wp\/2026\/09\/01\/metro-reforca-servicos-para-atender-publico-da-partida-entre-vitoria-e-vasco\/"},"wordCount":235,"publisher":{"@id":"https:\/\/bahiaeconomica.com.br\/wp\/#organization"},"keywords":["Metr\u00f4","Salvador","vitoria"],"articleSection":["Esporte","MUNIC\u00cdPIOS"],"inLanguage":"pt-BR"},{"@type":"WebPage","@id":"https:\/\/bahiaeconomica.com.br\/wp\/2026\/09\/01\/metro-reforca-servicos-para-atender-publico-da-partida-entre-vitoria-e-vasco\/","url":"https:\/\/bahiaeconomica.com.br\/wp\/2026\/09\/01\/metro-reforca-servicos-para-atender-publico-da-partida-entre-vitoria-e-vasco\/","name":"METR\u00d4 REFOR\u00c7A SERVI\u00c7OS PARA ATENDER P\u00daBLICO DA PARTIDA ENTRE VIT\u00d3RIA E VASCO - Bahia Economica","isPartOf":{"@id":"https:\/\/bahiaeconomica.com.br\/wp\/#website"},"datePublished":"2026-09-01T13:30:03+00:00","dateModified":"2026-09-01T13:30:03+00:00","description":"O maior portal de Economia da Bahia Esporte, MUNIC\u00cdPIOS Bahia Economica O Metr\u00f4 de Salvador e Lauro de Freitas realizar\u00e1 uma opera\u00e7\u00e3o especial","breadcrumb":{"@id":"https:\/\/bahiaeconomica.com.br\/wp\/2026\/09\/01\/metro-reforca-servicos-para-atender-publico-da-partida-entre-vitoria-e-vasco\/#breadcrumb"},"inLanguage":"pt-BR","potentialAction":[{"@type":"ReadAction","target":["https:\/\/bahiaeconomica.com.br\/wp\/2026\/09\/01\/metro-reforca-servicos-para-atender-publico-da-partida-entre-vitoria-e-vasco\/"]}]},{"@type":"BreadcrumbList","@id":"https:\/\/bahiaeconomica.com.br\/wp\/2026\/09\/01\/metro-reforca-servicos-para-atender-publico-da-partida-entre-vitoria-e-vasco\/#breadcrumb","itemListElement":[{"@type":"ListItem","position":1,"name":"In\u00edcio","item":"https:\/\/bahiaeconomica.com.br\/wp\/"},{"@type":"ListItem","position":2,"name":"METR\u00d4 REFOR\u00c7A SERVI\u00c7OS PARA ATENDER P\u00daBLICO DA PARTIDA ENTRE VIT\u00d3RIA E VASCO"}]},{"@type":"WebSite","@id":"https:\/\/bahiaeconomica.com.br\/wp\/#website","url":"https:\/\/bahiaeconomica.com.br\/wp\/","name":"Bahia Economica","description":"O maior portal de Economia da Bahia","publisher":{"@id":"https:\/\/bahiaeconomica.com.br\/wp\/#organization"},"potentialAction":[{"@type":"SearchAction","target":{"@type":"EntryPoint","urlTemplate":"https:\/\/bahiaeconomica.com.br\/wp\/?s={search_term_string}"},"query-input":"required name=search_term_string"}],"inLanguage":"pt-BR"},{"@type":"Organization","@id":"https:\/\/bahiaeconomica.com.br\/wp\/#organization","name":"Bahia Econ\u00f4mica","url":"https:\/\/bahiaeconomica.com.br\/wp\/","logo":{"@type":"ImageObject","inLanguage":"pt-BR","@id":"https:\/\/bahiaeconomica.com.br\/wp\/#\/schema\/logo\/image\/","url":"https:\/\/bahiaeconomica.com.br\/wp\/wp-content\/uploads\/2020\/12\/cropped-BE.png","contentUrl":"https:\/\/bahiaeconomica.com.br\/wp\/wp-content\/uploads\/2020\/12\/cropped-BE.png","width":512,"height":512,"caption":"Bahia Econ\u00f4mica"},"image":{"@id":"https:\/\/bahiaeconomica.com.br\/wp\/#\/schema\/logo\/image\/"},"sameAs":["https:\/\/www.facebook.com\/bahiaeconomica"]},{"@type":"Person","@id":"https:\/\/bahiaeconomica.com.br\/wp\/#\/schema\/person\/1704090528f3af7c918b3cb25d9d4016","name":"HUGO LEITE","sameAs":["http:\/\/www.bahiaeconomica.com.br"],"url":"https:\/\/bahiaeconomica.com.br\/wp\/author\/hugo-leite\/"}]}},"views":18,"_links":{"self":[{"href":"https:\/\/bahiaeconomica.com.br\/wp\/wp-json\/wp\/v2\/posts\/1021328"}],"collection":[{"href":"https:\/\/bahiaeconomica.com.br\/wp\/wp-json\/wp\/v2\/posts"}],"about":[{"href":"https:\/\/bahiaeconomica.com.br\/wp\/wp-json\/wp\/v2\/types\/post"}],"author":[{"embeddable":true,"href":"https:\/\/bahiaeconomica.com.br\/wp\/wp-json\/wp\/v2\/users\/21"}],"replies":[{"embeddable":true,"href":"https:\/\/bahiaeconomica.com.br\/wp\/wp-json\/wp\/v2\/comments?post=1021328"}],"version-history":[{"count":1,"href":"https:\/\/bahiaeconomica.com.br\/wp\/wp-json\/wp\/v2\/posts\/1021328\/revisions"}],"predecessor-version":[{"id":1021330,"href":"https:\/\/bahiaeconomica.com.br\/wp\/wp-json\/wp\/v2\/posts\/1021328\/revisions\/1021330"}],"wp:featuredmedia":[{"embeddable":true,"href":"https:\/\/bahiaeconomica.com.br\/wp\/wp-json\/wp\/v2\/media\/1021329"}],"wp:attachment":[{"href":"https:\/\/bahiaeconomica.com.br\/wp\/wp-json\/wp\/v2\/media?parent=1021328"}],"wp:term":[{"taxonomy":"category","embeddable":true,"href":"https:\/\/bahiaeconomica.com.br\/wp\/wp-json\/wp\/v2\/categories?post=1021328"},{"taxonomy":"post_tag","embeddable":true,"href":"https:\/\/bahiaeconomica.com.br\/wp\/wp-json\/wp\/v2\/tags?post=1021328"}],"curies":[{"name":"wp","href":"https:\/\/api.w.org\/{rel}","templated":true}]}}