{"id":1021321,"date":"2026-09-01T10:21:26","date_gmt":"2026-09-01T13:21:26","guid":{"rendered":"https:\/\/bahiaeconomica.com.br\/wp\/?p=1021321"},"modified":"2026-09-01T10:21:26","modified_gmt":"2026-09-01T13:21:26","slug":"veja-as-6-audiencias-das-sabatinas-da-globo","status":"publish","type":"post","link":"https:\/\/bahiaeconomica.com.br\/wp\/2026\/09\/01\/veja-as-6-audiencias-das-sabatinas-da-globo\/","title":{"rendered":"VEJA AS 6 AUDI\u00caNCIAS DAS SABATINAS DA GLOBO"},"content":{"rendered":"<p class=\"PDq2pG_selectionAnchorContainer\" data-start=\"76\" data-end=\"435\">O presidente Luiz In\u00e1cio Lula da Silva (PT) foi o presidenci\u00e1vel que levou mais p\u00fablico \u00e0 Globo durante a s\u00e9rie de sabatinas com os candidatos \u00e0 Presid\u00eancia da Rep\u00fablica. A entrevista conduzida por Renata Vasconcellos e C\u00e9sar Tralli registrou m\u00e9dia de 25,2 pontos na Grande S\u00e3o Paulo, segundo dados da Kantar Ibope Media.<\/p>\n<p data-start=\"437\" data-end=\"706\">A conversa com Lula foi exibida na quinta-feira (27), ap\u00f3s o Jornal Nacional, e tamb\u00e9m alcan\u00e7ou pico de 26,12 pontos. Com o resultado, o petista superou os n\u00fameros registrados pelos outros cinco candidatos convidados pela emissora.<\/p>\n<p data-start=\"708\" data-end=\"1006\">A segunda maior audi\u00eancia ficou com Romeu Zema (Novo), que marcou 24,2 pontos na entrevista exibida na segunda-feira (24). Na sequ\u00eancia apareceu Fl\u00e1vio Bolsonaro (PL), com 24,1 pontos, de acordo com o ranking consolidado divulgado ap\u00f3s o encerramento da s\u00e9rie.<\/p>\n<p data-start=\"1008\" data-end=\"1279\">Ronaldo Caiado (PSD) ficou na quarta posi\u00e7\u00e3o, com 21,7 pontos. Renan Santos (Miss\u00e3o) registrou 19,8 pontos, enquanto Augusto Cury (Avante), entrevistado no s\u00e1bado (29), teve 19,4 pontos, a menor audi\u00eancia entre os seis participantes.<\/p>\n<h3 data-section-id=\"29eks6\" data-start=\"1281\" data-end=\"1306\">RANKING DAS SABATINAS<\/h3>\n<ol data-start=\"1308\" data-end=\"1536\">\n<li data-section-id=\"1tsrwlb\" data-start=\"1308\" data-end=\"1336\">Lula (PT) \u2014 25,2 pontos<\/li>\n<li data-section-id=\"7sv946\" data-start=\"1337\" data-end=\"1373\">Romeu Zema (Novo) \u2014 24,2 pontos<\/li>\n<li data-section-id=\"9r39qf\" data-start=\"1374\" data-end=\"1414\">Fl\u00e1vio Bolsonaro (PL) \u2014 24,1 pontos<\/li>\n<li data-section-id=\"1ss1t08\" data-start=\"1415\" data-end=\"1454\">Ronaldo Caiado (PSD) \u2014 21,7 pontos<\/li>\n<li data-section-id=\"xozj9g\" data-start=\"1455\" data-end=\"1495\">Renan Santos (Miss\u00e3o) \u2014 19,8 pontos<\/li>\n<li data-section-id=\"1ngqgcb\" data-start=\"1496\" data-end=\"1536\">Augusto Cury (Avante) \u2014 19,4 pontos<\/li>\n<\/ol>\n<p data-start=\"1538\" data-end=\"1817\">As entrevistas fizeram parte da s\u00e9rie \u201cEntrevista com o Candidato\u201d, realizada pela Globo com os seis presidenci\u00e1veis mais bem posicionados na pesquisa Quaest divulgada em agosto. Todas foram conduzidas por Renata Vasconcellos e C\u00e9sar Tralli.<\/p>\n<p data-start=\"1819\" data-end=\"2206\">Os hor\u00e1rios, por\u00e9m, n\u00e3o foram exatamente iguais. As sabatinas de Zema, Caiado e Lula come\u00e7aram por volta das 21h05, enquanto a entrevista de Renan Santos foi antecipada para as 20h por causa da programa\u00e7\u00e3o esportiva. J\u00e1 Fl\u00e1vio Bolsonaro entrou no ar \u00e0s 21h30, ap\u00f3s o in\u00edcio da propaganda eleitoral gratuita, e Augusto Cury foi entrevistado \u00e0s 21h20.<\/p>\n<p data-start=\"2208\" data-end=\"2424\">A audi\u00eancia de Lula tamb\u00e9m empatou com a novela \u201cQuem Ama Cuida\u201d como o programa mais assistido da televis\u00e3o brasileira naquele dia, com 25,2 pontos de m\u00e9dia na Grande S\u00e3o Paulo.<\/p>\n<p data-start=\"2426\" data-end=\"2683\" data-is-last-node=\"\" data-is-only-node=\"\">Apesar da lideran\u00e7a de Lula no ranking, os n\u00fameros de audi\u00eancia n\u00e3o representam inten\u00e7\u00e3o de voto e n\u00e3o podem ser interpretados como uma pesquisa eleitoral. Eles indicam apenas o tamanho do p\u00fablico que acompanhou cada entrevista em determinado hor\u00e1rio e dia.<\/p>\n<p data-start=\"2426\" data-end=\"2683\" data-is-last-node=\"\" data-is-only-node=\"\">Foto: Divulga\u00e7\u00e3o<\/p>\n","protected":false},"excerpt":{"rendered":"<p>O presidente Luiz In\u00e1cio Lula da Silva (PT) foi o presidenci\u00e1vel que levou mais p\u00fablico \u00e0 Globo durante a s\u00e9rie de sabatinas com os candidatos \u00e0 Presid\u00eancia da Rep\u00fablica. A entrevista conduzida por Renata Vasconcellos e C\u00e9sar Tralli registrou m\u00e9dia de 25,2 pontos na Grande S\u00e3o Paulo, segundo dados da Kantar Ibope Media. A conversa [&hellip;]<\/p>\n","protected":false},"author":30,"featured_media":1021323,"comment_status":"closed","ping_status":"closed","sticky":false,"template":"","format":"standard","meta":[],"categories":[4,14601],"tags":[1543,4438,182,1752],"acf":[],"yoast_head":"<!-- This site is optimized with the Yoast SEO plugin v20.8 - https:\/\/yoast.com\/wordpress\/plugins\/seo\/ -->\n<title>VEJA AS 6 AUDI\u00caNCIAS DAS SABATINAS DA GLOBO - Bahia Economica<\/title>\n<meta name=\"description\" content=\"O maior portal de Economia da Bahia ENTRETENIMENTO, Pol\u00edtica Bahia Economica\" \/>\n<meta name=\"robots\" content=\"index, follow, max-snippet:-1, max-image-preview:large, max-video-preview:-1\" \/>\n<link rel=\"canonical\" href=\"https:\/\/bahiaeconomica.com.br\/wp\/2026\/09\/01\/veja-as-6-audiencias-das-sabatinas-da-globo\/\" \/>\n<meta property=\"og:locale\" content=\"pt_BR\" \/>\n<meta property=\"og:type\" content=\"article\" \/>\n<meta property=\"og:title\" content=\"VEJA AS 6 AUDI\u00caNCIAS DAS SABATINAS DA GLOBO - Bahia Economica\" \/>\n<meta property=\"og:description\" content=\"O maior portal de Economia da Bahia ENTRETENIMENTO, Pol\u00edtica Bahia Economica\" \/>\n<meta property=\"og:url\" content=\"https:\/\/bahiaeconomica.com.br\/wp\/2026\/09\/01\/veja-as-6-audiencias-das-sabatinas-da-globo\/\" \/>\n<meta property=\"og:site_name\" content=\"Bahia Economica\" \/>\n<meta property=\"article:publisher\" content=\"https:\/\/www.facebook.com\/bahiaeconomica\" \/>\n<meta property=\"article:published_time\" content=\"2026-09-01T13:21:26+00:00\" \/>\n<meta property=\"og:image\" content=\"https:\/\/bahiaeconomica.com.br\/wp\/wp-content\/uploads\/2026\/09\/trallirenatalula-1if11zgsx45de.webp\" \/>\n\t<meta property=\"og:image:width\" content=\"774\" \/>\n\t<meta property=\"og:image:height\" content=\"408\" \/>\n\t<meta property=\"og:image:type\" content=\"image\/webp\" \/>\n<meta name=\"author\" content=\"Igor Lima\" \/>\n<meta name=\"twitter:card\" content=\"summary_large_image\" \/>\n<meta name=\"twitter:label1\" content=\"Escrito por\" \/>\n\t<meta name=\"twitter:data1\" content=\"Igor Lima\" \/>\n\t<meta name=\"twitter:label2\" content=\"Est. tempo de leitura\" \/>\n\t<meta name=\"twitter:data2\" content=\"2 minutos\" \/>\n<script type=\"application\/ld+json\" class=\"yoast-schema-graph\">{\"@context\":\"https:\/\/schema.org\",\"@graph\":[{\"@type\":\"Article\",\"@id\":\"https:\/\/bahiaeconomica.com.br\/wp\/2026\/09\/01\/veja-as-6-audiencias-das-sabatinas-da-globo\/#article\",\"isPartOf\":{\"@id\":\"https:\/\/bahiaeconomica.com.br\/wp\/2026\/09\/01\/veja-as-6-audiencias-das-sabatinas-da-globo\/\"},\"author\":{\"name\":\"Igor Lima\",\"@id\":\"https:\/\/bahiaeconomica.com.br\/wp\/#\/schema\/person\/23d69cf5269928c69c6577aa8c98e537\"},\"headline\":\"VEJA AS 6 AUDI\u00caNCIAS DAS SABATINAS DA GLOBO\",\"datePublished\":\"2026-09-01T13:21:26+00:00\",\"dateModified\":\"2026-09-01T13:21:26+00:00\",\"mainEntityOfPage\":{\"@id\":\"https:\/\/bahiaeconomica.com.br\/wp\/2026\/09\/01\/veja-as-6-audiencias-das-sabatinas-da-globo\/\"},\"wordCount\":399,\"publisher\":{\"@id\":\"https:\/\/bahiaeconomica.com.br\/wp\/#organization\"},\"keywords\":[\"globo\",\"l\u00edder\",\"Lula\",\"sabatina\"],\"articleSection\":[\"ENTRETENIMENTO\",\"Pol\u00edtica\"],\"inLanguage\":\"pt-BR\"},{\"@type\":\"WebPage\",\"@id\":\"https:\/\/bahiaeconomica.com.br\/wp\/2026\/09\/01\/veja-as-6-audiencias-das-sabatinas-da-globo\/\",\"url\":\"https:\/\/bahiaeconomica.com.br\/wp\/2026\/09\/01\/veja-as-6-audiencias-das-sabatinas-da-globo\/\",\"name\":\"VEJA AS 6 AUDI\u00caNCIAS DAS SABATINAS DA GLOBO - Bahia Economica\",\"isPartOf\":{\"@id\":\"https:\/\/bahiaeconomica.com.br\/wp\/#website\"},\"datePublished\":\"2026-09-01T13:21:26+00:00\",\"dateModified\":\"2026-09-01T13:21:26+00:00\",\"description\":\"O maior portal de Economia da Bahia ENTRETENIMENTO, Pol\u00edtica Bahia Economica\",\"breadcrumb\":{\"@id\":\"https:\/\/bahiaeconomica.com.br\/wp\/2026\/09\/01\/veja-as-6-audiencias-das-sabatinas-da-globo\/#breadcrumb\"},\"inLanguage\":\"pt-BR\",\"potentialAction\":[{\"@type\":\"ReadAction\",\"target\":[\"https:\/\/bahiaeconomica.com.br\/wp\/2026\/09\/01\/veja-as-6-audiencias-das-sabatinas-da-globo\/\"]}]},{\"@type\":\"BreadcrumbList\",\"@id\":\"https:\/\/bahiaeconomica.com.br\/wp\/2026\/09\/01\/veja-as-6-audiencias-das-sabatinas-da-globo\/#breadcrumb\",\"itemListElement\":[{\"@type\":\"ListItem\",\"position\":1,\"name\":\"In\u00edcio\",\"item\":\"https:\/\/bahiaeconomica.com.br\/wp\/\"},{\"@type\":\"ListItem\",\"position\":2,\"name\":\"VEJA AS 6 AUDI\u00caNCIAS DAS SABATINAS DA GLOBO\"}]},{\"@type\":\"WebSite\",\"@id\":\"https:\/\/bahiaeconomica.com.br\/wp\/#website\",\"url\":\"https:\/\/bahiaeconomica.com.br\/wp\/\",\"name\":\"Bahia Economica\",\"description\":\"O maior portal de Economia da Bahia\",\"publisher\":{\"@id\":\"https:\/\/bahiaeconomica.com.br\/wp\/#organization\"},\"potentialAction\":[{\"@type\":\"SearchAction\",\"target\":{\"@type\":\"EntryPoint\",\"urlTemplate\":\"https:\/\/bahiaeconomica.com.br\/wp\/?s={search_term_string}\"},\"query-input\":\"required name=search_term_string\"}],\"inLanguage\":\"pt-BR\"},{\"@type\":\"Organization\",\"@id\":\"https:\/\/bahiaeconomica.com.br\/wp\/#organization\",\"name\":\"Bahia Econ\u00f4mica\",\"url\":\"https:\/\/bahiaeconomica.com.br\/wp\/\",\"logo\":{\"@type\":\"ImageObject\",\"inLanguage\":\"pt-BR\",\"@id\":\"https:\/\/bahiaeconomica.com.br\/wp\/#\/schema\/logo\/image\/\",\"url\":\"https:\/\/bahiaeconomica.com.br\/wp\/wp-content\/uploads\/2020\/12\/cropped-BE.png\",\"contentUrl\":\"https:\/\/bahiaeconomica.com.br\/wp\/wp-content\/uploads\/2020\/12\/cropped-BE.png\",\"width\":512,\"height\":512,\"caption\":\"Bahia Econ\u00f4mica\"},\"image\":{\"@id\":\"https:\/\/bahiaeconomica.com.br\/wp\/#\/schema\/logo\/image\/\"},\"sameAs\":[\"https:\/\/www.facebook.com\/bahiaeconomica\"]},{\"@type\":\"Person\",\"@id\":\"https:\/\/bahiaeconomica.com.br\/wp\/#\/schema\/person\/23d69cf5269928c69c6577aa8c98e537\",\"name\":\"Igor Lima\",\"sameAs\":[\"http:\/\/www.bahiaeconomica.com.br\"],\"url\":\"https:\/\/bahiaeconomica.com.br\/wp\/author\/igor-lima\/\"}]}<\/script>\n<!-- \/ Yoast SEO plugin. -->","yoast_head_json":{"title":"VEJA AS 6 AUDI\u00caNCIAS DAS SABATINAS DA GLOBO - Bahia Economica","description":"O maior portal de Economia da Bahia ENTRETENIMENTO, Pol\u00edtica Bahia Economica","robots":{"index":"index","follow":"follow","max-snippet":"max-snippet:-1","max-image-preview":"max-image-preview:large","max-video-preview":"max-video-preview:-1"},"canonical":"https:\/\/bahiaeconomica.com.br\/wp\/2026\/09\/01\/veja-as-6-audiencias-das-sabatinas-da-globo\/","og_locale":"pt_BR","og_type":"article","og_title":"VEJA AS 6 AUDI\u00caNCIAS DAS SABATINAS DA GLOBO - Bahia Economica","og_description":"O maior portal de Economia da Bahia ENTRETENIMENTO, Pol\u00edtica Bahia Economica","og_url":"https:\/\/bahiaeconomica.com.br\/wp\/2026\/09\/01\/veja-as-6-audiencias-das-sabatinas-da-globo\/","og_site_name":"Bahia Economica","article_publisher":"https:\/\/www.facebook.com\/bahiaeconomica","article_published_time":"2026-09-01T13:21:26+00:00","og_image":[{"width":774,"height":408,"url":"https:\/\/bahiaeconomica.com.br\/wp\/wp-content\/uploads\/2026\/09\/trallirenatalula-1if11zgsx45de.webp","type":"image\/webp"}],"author":"Igor Lima","twitter_card":"summary_large_image","twitter_misc":{"Escrito por":"Igor Lima","Est. tempo de leitura":"2 minutos"},"schema":{"@context":"https:\/\/schema.org","@graph":[{"@type":"Article","@id":"https:\/\/bahiaeconomica.com.br\/wp\/2026\/09\/01\/veja-as-6-audiencias-das-sabatinas-da-globo\/#article","isPartOf":{"@id":"https:\/\/bahiaeconomica.com.br\/wp\/2026\/09\/01\/veja-as-6-audiencias-das-sabatinas-da-globo\/"},"author":{"name":"Igor Lima","@id":"https:\/\/bahiaeconomica.com.br\/wp\/#\/schema\/person\/23d69cf5269928c69c6577aa8c98e537"},"headline":"VEJA AS 6 AUDI\u00caNCIAS DAS SABATINAS DA GLOBO","datePublished":"2026-09-01T13:21:26+00:00","dateModified":"2026-09-01T13:21:26+00:00","mainEntityOfPage":{"@id":"https:\/\/bahiaeconomica.com.br\/wp\/2026\/09\/01\/veja-as-6-audiencias-das-sabatinas-da-globo\/"},"wordCount":399,"publisher":{"@id":"https:\/\/bahiaeconomica.com.br\/wp\/#organization"},"keywords":["globo","l\u00edder","Lula","sabatina"],"articleSection":["ENTRETENIMENTO","Pol\u00edtica"],"inLanguage":"pt-BR"},{"@type":"WebPage","@id":"https:\/\/bahiaeconomica.com.br\/wp\/2026\/09\/01\/veja-as-6-audiencias-das-sabatinas-da-globo\/","url":"https:\/\/bahiaeconomica.com.br\/wp\/2026\/09\/01\/veja-as-6-audiencias-das-sabatinas-da-globo\/","name":"VEJA AS 6 AUDI\u00caNCIAS DAS SABATINAS DA GLOBO - Bahia Economica","isPartOf":{"@id":"https:\/\/bahiaeconomica.com.br\/wp\/#website"},"datePublished":"2026-09-01T13:21:26+00:00","dateModified":"2026-09-01T13:21:26+00:00","description":"O maior portal de Economia da Bahia ENTRETENIMENTO, Pol\u00edtica Bahia Economica","breadcrumb":{"@id":"https:\/\/bahiaeconomica.com.br\/wp\/2026\/09\/01\/veja-as-6-audiencias-das-sabatinas-da-globo\/#breadcrumb"},"inLanguage":"pt-BR","potentialAction":[{"@type":"ReadAction","target":["https:\/\/bahiaeconomica.com.br\/wp\/2026\/09\/01\/veja-as-6-audiencias-das-sabatinas-da-globo\/"]}]},{"@type":"BreadcrumbList","@id":"https:\/\/bahiaeconomica.com.br\/wp\/2026\/09\/01\/veja-as-6-audiencias-das-sabatinas-da-globo\/#breadcrumb","itemListElement":[{"@type":"ListItem","position":1,"name":"In\u00edcio","item":"https:\/\/bahiaeconomica.com.br\/wp\/"},{"@type":"ListItem","position":2,"name":"VEJA AS 6 AUDI\u00caNCIAS DAS SABATINAS DA GLOBO"}]},{"@type":"WebSite","@id":"https:\/\/bahiaeconomica.com.br\/wp\/#website","url":"https:\/\/bahiaeconomica.com.br\/wp\/","name":"Bahia Economica","description":"O maior portal de Economia da Bahia","publisher":{"@id":"https:\/\/bahiaeconomica.com.br\/wp\/#organization"},"potentialAction":[{"@type":"SearchAction","target":{"@type":"EntryPoint","urlTemplate":"https:\/\/bahiaeconomica.com.br\/wp\/?s={search_term_string}"},"query-input":"required name=search_term_string"}],"inLanguage":"pt-BR"},{"@type":"Organization","@id":"https:\/\/bahiaeconomica.com.br\/wp\/#organization","name":"Bahia Econ\u00f4mica","url":"https:\/\/bahiaeconomica.com.br\/wp\/","logo":{"@type":"ImageObject","inLanguage":"pt-BR","@id":"https:\/\/bahiaeconomica.com.br\/wp\/#\/schema\/logo\/image\/","url":"https:\/\/bahiaeconomica.com.br\/wp\/wp-content\/uploads\/2020\/12\/cropped-BE.png","contentUrl":"https:\/\/bahiaeconomica.com.br\/wp\/wp-content\/uploads\/2020\/12\/cropped-BE.png","width":512,"height":512,"caption":"Bahia Econ\u00f4mica"},"image":{"@id":"https:\/\/bahiaeconomica.com.br\/wp\/#\/schema\/logo\/image\/"},"sameAs":["https:\/\/www.facebook.com\/bahiaeconomica"]},{"@type":"Person","@id":"https:\/\/bahiaeconomica.com.br\/wp\/#\/schema\/person\/23d69cf5269928c69c6577aa8c98e537","name":"Igor Lima","sameAs":["http:\/\/www.bahiaeconomica.com.br"],"url":"https:\/\/bahiaeconomica.com.br\/wp\/author\/igor-lima\/"}]}},"views":10,"_links":{"self":[{"href":"https:\/\/bahiaeconomica.com.br\/wp\/wp-json\/wp\/v2\/posts\/1021321"}],"collection":[{"href":"https:\/\/bahiaeconomica.com.br\/wp\/wp-json\/wp\/v2\/posts"}],"about":[{"href":"https:\/\/bahiaeconomica.com.br\/wp\/wp-json\/wp\/v2\/types\/post"}],"author":[{"embeddable":true,"href":"https:\/\/bahiaeconomica.com.br\/wp\/wp-json\/wp\/v2\/users\/30"}],"replies":[{"embeddable":true,"href":"https:\/\/bahiaeconomica.com.br\/wp\/wp-json\/wp\/v2\/comments?post=1021321"}],"version-history":[{"count":1,"href":"https:\/\/bahiaeconomica.com.br\/wp\/wp-json\/wp\/v2\/posts\/1021321\/revisions"}],"predecessor-version":[{"id":1021325,"href":"https:\/\/bahiaeconomica.com.br\/wp\/wp-json\/wp\/v2\/posts\/1021321\/revisions\/1021325"}],"wp:featuredmedia":[{"embeddable":true,"href":"https:\/\/bahiaeconomica.com.br\/wp\/wp-json\/wp\/v2\/media\/1021323"}],"wp:attachment":[{"href":"https:\/\/bahiaeconomica.com.br\/wp\/wp-json\/wp\/v2\/media?parent=1021321"}],"wp:term":[{"taxonomy":"category","embeddable":true,"href":"https:\/\/bahiaeconomica.com.br\/wp\/wp-json\/wp\/v2\/categories?post=1021321"},{"taxonomy":"post_tag","embeddable":true,"href":"https:\/\/bahiaeconomica.com.br\/wp\/wp-json\/wp\/v2\/tags?post=1021321"}],"curies":[{"name":"wp","href":"https:\/\/api.w.org\/{rel}","templated":true}]}}