{"id":1021294,"date":"2026-09-01T09:07:17","date_gmt":"2026-09-01T12:07:17","guid":{"rendered":"https:\/\/bahiaeconomica.com.br\/wp\/?p=1021294"},"modified":"2026-09-01T09:07:17","modified_gmt":"2026-09-01T12:07:17","slug":"suposta-mensagem-de-vorcaro-a-alexandre-de-moraes-entra-na-mira-do-stf-entenda","status":"publish","type":"post","link":"https:\/\/bahiaeconomica.com.br\/wp\/2026\/09\/01\/suposta-mensagem-de-vorcaro-a-alexandre-de-moraes-entra-na-mira-do-stf-entenda\/","title":{"rendered":"SUPOSTA MENSAGEM DE VORCARO A ALEXANDRE DE MORAES ENTRA NA MIRA DO STF; ENTENDA"},"content":{"rendered":"<p>Uma mensagem do ex-banqueiro Daniel Vorcaro chamou aten\u00e7\u00e3o do ministro Andr\u00e9 Mendon\u00e7a, do STF (Supremo Tribunal Federal), que pediu informa\u00e7\u00f5es adicionais \u00e0 PGR (Procuradoria-Geral da Rep\u00fablica) . No texto, Vorcaro relata a necessidade de ter a \u201cprote\u00e7\u00e3o\u201d de \u201cAndrei\u201d e \u201cPaulo\u201d.<\/p>\n<p>De acordo com relat\u00f3rio da Pol\u00edcia Federal enviado ao STF, \u201cAndrei\u201d \u00e9 Andrei Rodrigues, diretor-geral da PF, e \u201cPaulo\u201d \u00e9 Paulo Gonet, procurador-geral da Rep\u00fablica. Inicialmente, a PF n\u00e3o sabia para quem teria sido encaminhada a mensagem de WhatsApp, mas investigadores apontaram que o destinat\u00e1rio era o ministro Alexandre de Moraes, conforme noticiado no Blog de Matheus Teixeira, CNN.<\/p>\n<p>O pedido de Mendon\u00e7a \u00e0 PGR \u00e9 por informa\u00e7\u00f5es complementares sobre o conte\u00fado da mensagem.<\/p>\n<p><strong>Partes sens\u00edveis<\/strong><br \/>\nAs men\u00e7\u00f5es a integrantes do pr\u00f3prio STF representam as partes mais sens\u00edveis do inqu\u00e9rito do caso do Banco Master, que inicialmente foi relatado pelo ministro Dias Toffoli. Ele deixou o caso ap\u00f3s revela\u00e7\u00f5es de que uma empresa de sua fam\u00edlia havia feito opera\u00e7\u00f5es financeiras com fundos ligados a Vorcaro em um resort no Paran\u00e1.<\/p>\n<p>A exist\u00eancia de um contrato da mulher de Moraes, Viviane Barci de Moraes, com o Master tamb\u00e9m desgastou a imagem da Corte e aprofundou o racha interno no tribunal.<\/p>\n<p>*Informa\u00e7\u00f5es da CNN Brasil<\/p>\n<p>Foto: Reprodu\u00e7\u00e3o.<\/p>\n","protected":false},"excerpt":{"rendered":"<p>Uma mensagem do ex-banqueiro Daniel Vorcaro chamou aten\u00e7\u00e3o do ministro Andr\u00e9 Mendon\u00e7a, do STF (Supremo Tribunal Federal), que pediu informa\u00e7\u00f5es adicionais \u00e0 PGR (Procuradoria-Geral da Rep\u00fablica) . No texto, Vorcaro relata a necessidade de ter a \u201cprote\u00e7\u00e3o\u201d de \u201cAndrei\u201d e \u201cPaulo\u201d. De acordo com relat\u00f3rio da Pol\u00edcia Federal enviado ao STF, \u201cAndrei\u201d \u00e9 Andrei Rodrigues, [&hellip;]<\/p>\n","protected":false},"author":21,"featured_media":1021297,"comment_status":"closed","ping_status":"closed","sticky":false,"template":"","format":"standard","meta":[],"categories":[14601],"tags":[91,93,42724],"acf":[],"yoast_head":"<!-- This site is optimized with the Yoast SEO plugin v20.8 - https:\/\/yoast.com\/wordpress\/plugins\/seo\/ -->\n<title>SUPOSTA MENSAGEM DE VORCARO A ALEXANDRE DE MORAES ENTRA NA MIRA DO STF; ENTENDA - Bahia Economica<\/title>\n<meta name=\"description\" content=\"O maior portal de Economia da Bahia Pol\u00edtica Bahia Economica Uma mensagem do ex-banqueiro Daniel Vorcaro chamou aten\u00e7\u00e3o\" \/>\n<meta name=\"robots\" content=\"index, follow, max-snippet:-1, max-image-preview:large, max-video-preview:-1\" \/>\n<link rel=\"canonical\" href=\"https:\/\/bahiaeconomica.com.br\/wp\/2026\/09\/01\/suposta-mensagem-de-vorcaro-a-alexandre-de-moraes-entra-na-mira-do-stf-entenda\/\" \/>\n<meta property=\"og:locale\" content=\"pt_BR\" \/>\n<meta property=\"og:type\" content=\"article\" \/>\n<meta property=\"og:title\" content=\"SUPOSTA MENSAGEM DE VORCARO A ALEXANDRE DE MORAES ENTRA NA MIRA DO STF; ENTENDA - Bahia Economica\" \/>\n<meta property=\"og:description\" content=\"O maior portal de Economia da Bahia Pol\u00edtica Bahia Economica Uma mensagem do ex-banqueiro Daniel Vorcaro chamou aten\u00e7\u00e3o\" \/>\n<meta property=\"og:url\" content=\"https:\/\/bahiaeconomica.com.br\/wp\/2026\/09\/01\/suposta-mensagem-de-vorcaro-a-alexandre-de-moraes-entra-na-mira-do-stf-entenda\/\" \/>\n<meta property=\"og:site_name\" content=\"Bahia Economica\" \/>\n<meta property=\"article:publisher\" content=\"https:\/\/www.facebook.com\/bahiaeconomica\" \/>\n<meta property=\"article:published_time\" content=\"2026-09-01T12:07:17+00:00\" \/>\n<meta property=\"og:image\" content=\"https:\/\/bahiaeconomica.com.br\/wp\/wp-content\/uploads\/2026\/09\/179349do-luxo-a-cadeia-investigacao-da-pf-revela-estilo-de-vida-milionario-de-daniel-vorcaro-3-1536x722-1-1024x481-1.webp\" \/>\n\t<meta property=\"og:image:width\" content=\"1024\" \/>\n\t<meta property=\"og:image:height\" content=\"481\" \/>\n\t<meta property=\"og:image:type\" content=\"image\/webp\" \/>\n<meta name=\"author\" content=\"HUGO LEITE\" \/>\n<meta name=\"twitter:card\" content=\"summary_large_image\" \/>\n<meta name=\"twitter:label1\" content=\"Escrito por\" \/>\n\t<meta name=\"twitter:data1\" content=\"HUGO LEITE\" \/>\n\t<meta name=\"twitter:label2\" content=\"Est. tempo de leitura\" \/>\n\t<meta name=\"twitter:data2\" content=\"2 minutos\" \/>\n<script type=\"application\/ld+json\" class=\"yoast-schema-graph\">{\"@context\":\"https:\/\/schema.org\",\"@graph\":[{\"@type\":\"Article\",\"@id\":\"https:\/\/bahiaeconomica.com.br\/wp\/2026\/09\/01\/suposta-mensagem-de-vorcaro-a-alexandre-de-moraes-entra-na-mira-do-stf-entenda\/#article\",\"isPartOf\":{\"@id\":\"https:\/\/bahiaeconomica.com.br\/wp\/2026\/09\/01\/suposta-mensagem-de-vorcaro-a-alexandre-de-moraes-entra-na-mira-do-stf-entenda\/\"},\"author\":{\"name\":\"HUGO LEITE\",\"@id\":\"https:\/\/bahiaeconomica.com.br\/wp\/#\/schema\/person\/1704090528f3af7c918b3cb25d9d4016\"},\"headline\":\"SUPOSTA MENSAGEM DE VORCARO A ALEXANDRE DE MORAES ENTRA NA MIRA DO STF; ENTENDA\",\"datePublished\":\"2026-09-01T12:07:17+00:00\",\"dateModified\":\"2026-09-01T12:07:17+00:00\",\"mainEntityOfPage\":{\"@id\":\"https:\/\/bahiaeconomica.com.br\/wp\/2026\/09\/01\/suposta-mensagem-de-vorcaro-a-alexandre-de-moraes-entra-na-mira-do-stf-entenda\/\"},\"wordCount\":240,\"publisher\":{\"@id\":\"https:\/\/bahiaeconomica.com.br\/wp\/#organization\"},\"keywords\":[\"PGR\",\"STF\",\"Vorcaro\"],\"articleSection\":[\"Pol\u00edtica\"],\"inLanguage\":\"pt-BR\"},{\"@type\":\"WebPage\",\"@id\":\"https:\/\/bahiaeconomica.com.br\/wp\/2026\/09\/01\/suposta-mensagem-de-vorcaro-a-alexandre-de-moraes-entra-na-mira-do-stf-entenda\/\",\"url\":\"https:\/\/bahiaeconomica.com.br\/wp\/2026\/09\/01\/suposta-mensagem-de-vorcaro-a-alexandre-de-moraes-entra-na-mira-do-stf-entenda\/\",\"name\":\"SUPOSTA MENSAGEM DE VORCARO A ALEXANDRE DE MORAES ENTRA NA MIRA DO STF; ENTENDA - Bahia Economica\",\"isPartOf\":{\"@id\":\"https:\/\/bahiaeconomica.com.br\/wp\/#website\"},\"datePublished\":\"2026-09-01T12:07:17+00:00\",\"dateModified\":\"2026-09-01T12:07:17+00:00\",\"description\":\"O maior portal de Economia da Bahia Pol\u00edtica Bahia Economica Uma mensagem do ex-banqueiro Daniel Vorcaro chamou aten\u00e7\u00e3o\",\"breadcrumb\":{\"@id\":\"https:\/\/bahiaeconomica.com.br\/wp\/2026\/09\/01\/suposta-mensagem-de-vorcaro-a-alexandre-de-moraes-entra-na-mira-do-stf-entenda\/#breadcrumb\"},\"inLanguage\":\"pt-BR\",\"potentialAction\":[{\"@type\":\"ReadAction\",\"target\":[\"https:\/\/bahiaeconomica.com.br\/wp\/2026\/09\/01\/suposta-mensagem-de-vorcaro-a-alexandre-de-moraes-entra-na-mira-do-stf-entenda\/\"]}]},{\"@type\":\"BreadcrumbList\",\"@id\":\"https:\/\/bahiaeconomica.com.br\/wp\/2026\/09\/01\/suposta-mensagem-de-vorcaro-a-alexandre-de-moraes-entra-na-mira-do-stf-entenda\/#breadcrumb\",\"itemListElement\":[{\"@type\":\"ListItem\",\"position\":1,\"name\":\"In\u00edcio\",\"item\":\"https:\/\/bahiaeconomica.com.br\/wp\/\"},{\"@type\":\"ListItem\",\"position\":2,\"name\":\"SUPOSTA MENSAGEM DE VORCARO A ALEXANDRE DE MORAES ENTRA NA MIRA DO STF; ENTENDA\"}]},{\"@type\":\"WebSite\",\"@id\":\"https:\/\/bahiaeconomica.com.br\/wp\/#website\",\"url\":\"https:\/\/bahiaeconomica.com.br\/wp\/\",\"name\":\"Bahia Economica\",\"description\":\"O maior portal de Economia da Bahia\",\"publisher\":{\"@id\":\"https:\/\/bahiaeconomica.com.br\/wp\/#organization\"},\"potentialAction\":[{\"@type\":\"SearchAction\",\"target\":{\"@type\":\"EntryPoint\",\"urlTemplate\":\"https:\/\/bahiaeconomica.com.br\/wp\/?s={search_term_string}\"},\"query-input\":\"required name=search_term_string\"}],\"inLanguage\":\"pt-BR\"},{\"@type\":\"Organization\",\"@id\":\"https:\/\/bahiaeconomica.com.br\/wp\/#organization\",\"name\":\"Bahia Econ\u00f4mica\",\"url\":\"https:\/\/bahiaeconomica.com.br\/wp\/\",\"logo\":{\"@type\":\"ImageObject\",\"inLanguage\":\"pt-BR\",\"@id\":\"https:\/\/bahiaeconomica.com.br\/wp\/#\/schema\/logo\/image\/\",\"url\":\"https:\/\/bahiaeconomica.com.br\/wp\/wp-content\/uploads\/2020\/12\/cropped-BE.png\",\"contentUrl\":\"https:\/\/bahiaeconomica.com.br\/wp\/wp-content\/uploads\/2020\/12\/cropped-BE.png\",\"width\":512,\"height\":512,\"caption\":\"Bahia Econ\u00f4mica\"},\"image\":{\"@id\":\"https:\/\/bahiaeconomica.com.br\/wp\/#\/schema\/logo\/image\/\"},\"sameAs\":[\"https:\/\/www.facebook.com\/bahiaeconomica\"]},{\"@type\":\"Person\",\"@id\":\"https:\/\/bahiaeconomica.com.br\/wp\/#\/schema\/person\/1704090528f3af7c918b3cb25d9d4016\",\"name\":\"HUGO LEITE\",\"sameAs\":[\"http:\/\/www.bahiaeconomica.com.br\"],\"url\":\"https:\/\/bahiaeconomica.com.br\/wp\/author\/hugo-leite\/\"}]}<\/script>\n<!-- \/ Yoast SEO plugin. -->","yoast_head_json":{"title":"SUPOSTA MENSAGEM DE VORCARO A ALEXANDRE DE MORAES ENTRA NA MIRA DO STF; ENTENDA - Bahia Economica","description":"O maior portal de Economia da Bahia Pol\u00edtica Bahia Economica Uma mensagem do ex-banqueiro Daniel Vorcaro chamou aten\u00e7\u00e3o","robots":{"index":"index","follow":"follow","max-snippet":"max-snippet:-1","max-image-preview":"max-image-preview:large","max-video-preview":"max-video-preview:-1"},"canonical":"https:\/\/bahiaeconomica.com.br\/wp\/2026\/09\/01\/suposta-mensagem-de-vorcaro-a-alexandre-de-moraes-entra-na-mira-do-stf-entenda\/","og_locale":"pt_BR","og_type":"article","og_title":"SUPOSTA MENSAGEM DE VORCARO A ALEXANDRE DE MORAES ENTRA NA MIRA DO STF; ENTENDA - Bahia Economica","og_description":"O maior portal de Economia da Bahia Pol\u00edtica Bahia Economica Uma mensagem do ex-banqueiro Daniel Vorcaro chamou aten\u00e7\u00e3o","og_url":"https:\/\/bahiaeconomica.com.br\/wp\/2026\/09\/01\/suposta-mensagem-de-vorcaro-a-alexandre-de-moraes-entra-na-mira-do-stf-entenda\/","og_site_name":"Bahia Economica","article_publisher":"https:\/\/www.facebook.com\/bahiaeconomica","article_published_time":"2026-09-01T12:07:17+00:00","og_image":[{"width":1024,"height":481,"url":"https:\/\/bahiaeconomica.com.br\/wp\/wp-content\/uploads\/2026\/09\/179349do-luxo-a-cadeia-investigacao-da-pf-revela-estilo-de-vida-milionario-de-daniel-vorcaro-3-1536x722-1-1024x481-1.webp","type":"image\/webp"}],"author":"HUGO LEITE","twitter_card":"summary_large_image","twitter_misc":{"Escrito por":"HUGO LEITE","Est. tempo de leitura":"2 minutos"},"schema":{"@context":"https:\/\/schema.org","@graph":[{"@type":"Article","@id":"https:\/\/bahiaeconomica.com.br\/wp\/2026\/09\/01\/suposta-mensagem-de-vorcaro-a-alexandre-de-moraes-entra-na-mira-do-stf-entenda\/#article","isPartOf":{"@id":"https:\/\/bahiaeconomica.com.br\/wp\/2026\/09\/01\/suposta-mensagem-de-vorcaro-a-alexandre-de-moraes-entra-na-mira-do-stf-entenda\/"},"author":{"name":"HUGO LEITE","@id":"https:\/\/bahiaeconomica.com.br\/wp\/#\/schema\/person\/1704090528f3af7c918b3cb25d9d4016"},"headline":"SUPOSTA MENSAGEM DE VORCARO A ALEXANDRE DE MORAES ENTRA NA MIRA DO STF; ENTENDA","datePublished":"2026-09-01T12:07:17+00:00","dateModified":"2026-09-01T12:07:17+00:00","mainEntityOfPage":{"@id":"https:\/\/bahiaeconomica.com.br\/wp\/2026\/09\/01\/suposta-mensagem-de-vorcaro-a-alexandre-de-moraes-entra-na-mira-do-stf-entenda\/"},"wordCount":240,"publisher":{"@id":"https:\/\/bahiaeconomica.com.br\/wp\/#organization"},"keywords":["PGR","STF","Vorcaro"],"articleSection":["Pol\u00edtica"],"inLanguage":"pt-BR"},{"@type":"WebPage","@id":"https:\/\/bahiaeconomica.com.br\/wp\/2026\/09\/01\/suposta-mensagem-de-vorcaro-a-alexandre-de-moraes-entra-na-mira-do-stf-entenda\/","url":"https:\/\/bahiaeconomica.com.br\/wp\/2026\/09\/01\/suposta-mensagem-de-vorcaro-a-alexandre-de-moraes-entra-na-mira-do-stf-entenda\/","name":"SUPOSTA MENSAGEM DE VORCARO A ALEXANDRE DE MORAES ENTRA NA MIRA DO STF; ENTENDA - Bahia Economica","isPartOf":{"@id":"https:\/\/bahiaeconomica.com.br\/wp\/#website"},"datePublished":"2026-09-01T12:07:17+00:00","dateModified":"2026-09-01T12:07:17+00:00","description":"O maior portal de Economia da Bahia Pol\u00edtica Bahia Economica Uma mensagem do ex-banqueiro Daniel Vorcaro chamou aten\u00e7\u00e3o","breadcrumb":{"@id":"https:\/\/bahiaeconomica.com.br\/wp\/2026\/09\/01\/suposta-mensagem-de-vorcaro-a-alexandre-de-moraes-entra-na-mira-do-stf-entenda\/#breadcrumb"},"inLanguage":"pt-BR","potentialAction":[{"@type":"ReadAction","target":["https:\/\/bahiaeconomica.com.br\/wp\/2026\/09\/01\/suposta-mensagem-de-vorcaro-a-alexandre-de-moraes-entra-na-mira-do-stf-entenda\/"]}]},{"@type":"BreadcrumbList","@id":"https:\/\/bahiaeconomica.com.br\/wp\/2026\/09\/01\/suposta-mensagem-de-vorcaro-a-alexandre-de-moraes-entra-na-mira-do-stf-entenda\/#breadcrumb","itemListElement":[{"@type":"ListItem","position":1,"name":"In\u00edcio","item":"https:\/\/bahiaeconomica.com.br\/wp\/"},{"@type":"ListItem","position":2,"name":"SUPOSTA MENSAGEM DE VORCARO A ALEXANDRE DE MORAES ENTRA NA MIRA DO STF; ENTENDA"}]},{"@type":"WebSite","@id":"https:\/\/bahiaeconomica.com.br\/wp\/#website","url":"https:\/\/bahiaeconomica.com.br\/wp\/","name":"Bahia Economica","description":"O maior portal de Economia da Bahia","publisher":{"@id":"https:\/\/bahiaeconomica.com.br\/wp\/#organization"},"potentialAction":[{"@type":"SearchAction","target":{"@type":"EntryPoint","urlTemplate":"https:\/\/bahiaeconomica.com.br\/wp\/?s={search_term_string}"},"query-input":"required name=search_term_string"}],"inLanguage":"pt-BR"},{"@type":"Organization","@id":"https:\/\/bahiaeconomica.com.br\/wp\/#organization","name":"Bahia Econ\u00f4mica","url":"https:\/\/bahiaeconomica.com.br\/wp\/","logo":{"@type":"ImageObject","inLanguage":"pt-BR","@id":"https:\/\/bahiaeconomica.com.br\/wp\/#\/schema\/logo\/image\/","url":"https:\/\/bahiaeconomica.com.br\/wp\/wp-content\/uploads\/2020\/12\/cropped-BE.png","contentUrl":"https:\/\/bahiaeconomica.com.br\/wp\/wp-content\/uploads\/2020\/12\/cropped-BE.png","width":512,"height":512,"caption":"Bahia Econ\u00f4mica"},"image":{"@id":"https:\/\/bahiaeconomica.com.br\/wp\/#\/schema\/logo\/image\/"},"sameAs":["https:\/\/www.facebook.com\/bahiaeconomica"]},{"@type":"Person","@id":"https:\/\/bahiaeconomica.com.br\/wp\/#\/schema\/person\/1704090528f3af7c918b3cb25d9d4016","name":"HUGO LEITE","sameAs":["http:\/\/www.bahiaeconomica.com.br"],"url":"https:\/\/bahiaeconomica.com.br\/wp\/author\/hugo-leite\/"}]}},"views":16,"_links":{"self":[{"href":"https:\/\/bahiaeconomica.com.br\/wp\/wp-json\/wp\/v2\/posts\/1021294"}],"collection":[{"href":"https:\/\/bahiaeconomica.com.br\/wp\/wp-json\/wp\/v2\/posts"}],"about":[{"href":"https:\/\/bahiaeconomica.com.br\/wp\/wp-json\/wp\/v2\/types\/post"}],"author":[{"embeddable":true,"href":"https:\/\/bahiaeconomica.com.br\/wp\/wp-json\/wp\/v2\/users\/21"}],"replies":[{"embeddable":true,"href":"https:\/\/bahiaeconomica.com.br\/wp\/wp-json\/wp\/v2\/comments?post=1021294"}],"version-history":[{"count":1,"href":"https:\/\/bahiaeconomica.com.br\/wp\/wp-json\/wp\/v2\/posts\/1021294\/revisions"}],"predecessor-version":[{"id":1021298,"href":"https:\/\/bahiaeconomica.com.br\/wp\/wp-json\/wp\/v2\/posts\/1021294\/revisions\/1021298"}],"wp:featuredmedia":[{"embeddable":true,"href":"https:\/\/bahiaeconomica.com.br\/wp\/wp-json\/wp\/v2\/media\/1021297"}],"wp:attachment":[{"href":"https:\/\/bahiaeconomica.com.br\/wp\/wp-json\/wp\/v2\/media?parent=1021294"}],"wp:term":[{"taxonomy":"category","embeddable":true,"href":"https:\/\/bahiaeconomica.com.br\/wp\/wp-json\/wp\/v2\/categories?post=1021294"},{"taxonomy":"post_tag","embeddable":true,"href":"https:\/\/bahiaeconomica.com.br\/wp\/wp-json\/wp\/v2\/tags?post=1021294"}],"curies":[{"name":"wp","href":"https:\/\/api.w.org\/{rel}","templated":true}]}}