{"id":1021274,"date":"2026-09-01T08:59:15","date_gmt":"2026-09-01T11:59:15","guid":{"rendered":"https:\/\/bahiaeconomica.com.br\/wp\/?p=1021274"},"modified":"2026-09-01T08:55:09","modified_gmt":"2026-09-01T11:55:09","slug":"falta-de-energia-atinge-quatro-bairros-de-salvador-nesta-terca-saiba-mais","status":"publish","type":"post","link":"https:\/\/bahiaeconomica.com.br\/wp\/2026\/09\/01\/falta-de-energia-atinge-quatro-bairros-de-salvador-nesta-terca-saiba-mais\/","title":{"rendered":"FALTA DE ENERGIA ATINGE QUATRO BAIRROS DE SALVADOR NESTA TER\u00c7A; SAIBA MAIS"},"content":{"rendered":"<p>A suspens\u00e3o do fornecimento de energia continua nesta ter\u00e7a-feira (1) em Salvador. Quatro bairros ser\u00e3o afetados pela interrup\u00e7\u00e3o: S\u00e3o Crist\u00f3v\u00e3o, Itapu\u00e3, Jardim Placaford e Piat\u00e3, entre 7h e 16h.<\/p>\n<p>De acordo com a Neonergia Coelba, suspens\u00f5es programadas ocorrem para a manuten\u00e7\u00e3o e refor\u00e7o na rede el\u00e9trica e s\u00e3o sempre avisadas com anteced\u00eancia.<\/p>\n<p>Veja locais afetados:<br \/>\n<strong>S\u00e3o Crist\u00f3v\u00e3o<\/strong><br \/>\nEndere\u00e7os: Avenida Tenente Frederico Gustavo dos Santos<br \/>\nHor\u00e1rio: 7h \u00e0s 16h<br \/>\n<strong>Itapu\u00e3<\/strong><br \/>\nEndere\u00e7os: Rua Desembargador Jo\u00e3o Azevedo Cavalcante, Rua Professor Souza Brito, Rua Aristides Milton, Rua Calazans Neto, Entrada do Farol, Rua Farol de Itapu\u00e3, Rua Nova Cana\u00e3, Avenida das Dunas, Rua Carlos Drumond De Andrade, Rua Jardim Encantamento Area Ambiental.<br \/>\nHor\u00e1rio: 10h \u00e0s 16h<br \/>\n<strong>Jardim Placaford<\/strong><br \/>\nEndere\u00e7os: Rua S\u00e3o Jo\u00e3o do Jardim Piat\u00e3, Rua Camuripeba, Rua Sargento Orlando Ramos, Rua Encontro das \u00c1rvores.<br \/>\nHor\u00e1rio: 10h \u00e0s 16h<br \/>\n<strong>Piat\u00e3<\/strong><br \/>\nEndere\u00e7os: Rua Camuripeba, Rua Carapeba.<br \/>\nHor\u00e1rio: 10h \u00e0s 16h.<\/p>\n<p>&nbsp;<\/p>\n<p>Foto: Robert So\/Pexels.<\/p>\n","protected":false},"excerpt":{"rendered":"<p>A suspens\u00e3o do fornecimento de energia continua nesta ter\u00e7a-feira (1) em Salvador. Quatro bairros ser\u00e3o afetados pela interrup\u00e7\u00e3o: S\u00e3o Crist\u00f3v\u00e3o, Itapu\u00e3, Jardim Placaford e Piat\u00e3, entre 7h e 16h. De acordo com a Neonergia Coelba, suspens\u00f5es programadas ocorrem para a manuten\u00e7\u00e3o e refor\u00e7o na rede el\u00e9trica e s\u00e3o sempre avisadas com anteced\u00eancia. Veja locais afetados: [&hellip;]<\/p>\n","protected":false},"author":21,"featured_media":1021277,"comment_status":"closed","ping_status":"closed","sticky":false,"template":"","format":"standard","meta":[],"categories":[14,5],"tags":[652,1046,73],"acf":[],"yoast_head":"<!-- This site is optimized with the Yoast SEO plugin v20.8 - https:\/\/yoast.com\/wordpress\/plugins\/seo\/ -->\n<title>FALTA DE ENERGIA ATINGE QUATRO BAIRROS DE SALVADOR NESTA TER\u00c7A; SAIBA MAIS - Bahia Economica<\/title>\n<meta name=\"description\" content=\"O maior portal de Economia da Bahia DESTAQUE DO DIA, MUNIC\u00cdPIOS Bahia Economica A suspens\u00e3o do fornecimento de energia continua nesta ter\u00e7a\" \/>\n<meta name=\"robots\" content=\"index, follow, max-snippet:-1, max-image-preview:large, max-video-preview:-1\" \/>\n<link rel=\"canonical\" href=\"https:\/\/bahiaeconomica.com.br\/wp\/2026\/09\/01\/falta-de-energia-atinge-quatro-bairros-de-salvador-nesta-terca-saiba-mais\/\" \/>\n<meta property=\"og:locale\" content=\"pt_BR\" \/>\n<meta property=\"og:type\" content=\"article\" \/>\n<meta property=\"og:title\" content=\"FALTA DE ENERGIA ATINGE QUATRO BAIRROS DE SALVADOR NESTA TER\u00c7A; SAIBA MAIS - Bahia Economica\" \/>\n<meta property=\"og:description\" content=\"O maior portal de Economia da Bahia DESTAQUE DO DIA, MUNIC\u00cdPIOS Bahia Economica A suspens\u00e3o do fornecimento de energia continua nesta ter\u00e7a\" \/>\n<meta property=\"og:url\" content=\"https:\/\/bahiaeconomica.com.br\/wp\/2026\/09\/01\/falta-de-energia-atinge-quatro-bairros-de-salvador-nesta-terca-saiba-mais\/\" \/>\n<meta property=\"og:site_name\" content=\"Bahia Economica\" \/>\n<meta property=\"article:publisher\" content=\"https:\/\/www.facebook.com\/bahiaeconomica\" \/>\n<meta property=\"article:published_time\" content=\"2026-09-01T11:59:15+00:00\" \/>\n<meta property=\"article:modified_time\" content=\"2026-09-01T11:55:09+00:00\" \/>\n<meta property=\"og:image\" content=\"https:\/\/bahiaeconomica.com.br\/wp\/wp-content\/uploads\/2026\/09\/pexels-robertkso-11534980-2048x1332-1.webp\" \/>\n\t<meta property=\"og:image:width\" content=\"2048\" \/>\n\t<meta property=\"og:image:height\" content=\"1332\" \/>\n\t<meta property=\"og:image:type\" content=\"image\/webp\" \/>\n<meta name=\"author\" content=\"HUGO LEITE\" \/>\n<meta name=\"twitter:card\" content=\"summary_large_image\" \/>\n<meta name=\"twitter:label1\" content=\"Escrito por\" \/>\n\t<meta name=\"twitter:data1\" content=\"HUGO LEITE\" \/>\n\t<meta name=\"twitter:label2\" content=\"Est. tempo de leitura\" \/>\n\t<meta name=\"twitter:data2\" content=\"1 minuto\" \/>\n<script type=\"application\/ld+json\" class=\"yoast-schema-graph\">{\"@context\":\"https:\/\/schema.org\",\"@graph\":[{\"@type\":\"Article\",\"@id\":\"https:\/\/bahiaeconomica.com.br\/wp\/2026\/09\/01\/falta-de-energia-atinge-quatro-bairros-de-salvador-nesta-terca-saiba-mais\/#article\",\"isPartOf\":{\"@id\":\"https:\/\/bahiaeconomica.com.br\/wp\/2026\/09\/01\/falta-de-energia-atinge-quatro-bairros-de-salvador-nesta-terca-saiba-mais\/\"},\"author\":{\"name\":\"HUGO LEITE\",\"@id\":\"https:\/\/bahiaeconomica.com.br\/wp\/#\/schema\/person\/1704090528f3af7c918b3cb25d9d4016\"},\"headline\":\"FALTA DE ENERGIA ATINGE QUATRO BAIRROS DE SALVADOR NESTA TER\u00c7A; SAIBA MAIS\",\"datePublished\":\"2026-09-01T11:59:15+00:00\",\"dateModified\":\"2026-09-01T11:55:09+00:00\",\"mainEntityOfPage\":{\"@id\":\"https:\/\/bahiaeconomica.com.br\/wp\/2026\/09\/01\/falta-de-energia-atinge-quatro-bairros-de-salvador-nesta-terca-saiba-mais\/\"},\"wordCount\":189,\"publisher\":{\"@id\":\"https:\/\/bahiaeconomica.com.br\/wp\/#organization\"},\"keywords\":[\"bairros\",\"energia\",\"Salvador\"],\"articleSection\":[\"DESTAQUE DO DIA\",\"MUNIC\u00cdPIOS\"],\"inLanguage\":\"pt-BR\"},{\"@type\":\"WebPage\",\"@id\":\"https:\/\/bahiaeconomica.com.br\/wp\/2026\/09\/01\/falta-de-energia-atinge-quatro-bairros-de-salvador-nesta-terca-saiba-mais\/\",\"url\":\"https:\/\/bahiaeconomica.com.br\/wp\/2026\/09\/01\/falta-de-energia-atinge-quatro-bairros-de-salvador-nesta-terca-saiba-mais\/\",\"name\":\"FALTA DE ENERGIA ATINGE QUATRO BAIRROS DE SALVADOR NESTA TER\u00c7A; SAIBA MAIS - Bahia Economica\",\"isPartOf\":{\"@id\":\"https:\/\/bahiaeconomica.com.br\/wp\/#website\"},\"datePublished\":\"2026-09-01T11:59:15+00:00\",\"dateModified\":\"2026-09-01T11:55:09+00:00\",\"description\":\"O maior portal de Economia da Bahia DESTAQUE DO DIA, MUNIC\u00cdPIOS Bahia Economica A suspens\u00e3o do fornecimento de energia continua nesta ter\u00e7a\",\"breadcrumb\":{\"@id\":\"https:\/\/bahiaeconomica.com.br\/wp\/2026\/09\/01\/falta-de-energia-atinge-quatro-bairros-de-salvador-nesta-terca-saiba-mais\/#breadcrumb\"},\"inLanguage\":\"pt-BR\",\"potentialAction\":[{\"@type\":\"ReadAction\",\"target\":[\"https:\/\/bahiaeconomica.com.br\/wp\/2026\/09\/01\/falta-de-energia-atinge-quatro-bairros-de-salvador-nesta-terca-saiba-mais\/\"]}]},{\"@type\":\"BreadcrumbList\",\"@id\":\"https:\/\/bahiaeconomica.com.br\/wp\/2026\/09\/01\/falta-de-energia-atinge-quatro-bairros-de-salvador-nesta-terca-saiba-mais\/#breadcrumb\",\"itemListElement\":[{\"@type\":\"ListItem\",\"position\":1,\"name\":\"In\u00edcio\",\"item\":\"https:\/\/bahiaeconomica.com.br\/wp\/\"},{\"@type\":\"ListItem\",\"position\":2,\"name\":\"FALTA DE ENERGIA ATINGE QUATRO BAIRROS DE SALVADOR NESTA TER\u00c7A; SAIBA MAIS\"}]},{\"@type\":\"WebSite\",\"@id\":\"https:\/\/bahiaeconomica.com.br\/wp\/#website\",\"url\":\"https:\/\/bahiaeconomica.com.br\/wp\/\",\"name\":\"Bahia Economica\",\"description\":\"O maior portal de Economia da Bahia\",\"publisher\":{\"@id\":\"https:\/\/bahiaeconomica.com.br\/wp\/#organization\"},\"potentialAction\":[{\"@type\":\"SearchAction\",\"target\":{\"@type\":\"EntryPoint\",\"urlTemplate\":\"https:\/\/bahiaeconomica.com.br\/wp\/?s={search_term_string}\"},\"query-input\":\"required name=search_term_string\"}],\"inLanguage\":\"pt-BR\"},{\"@type\":\"Organization\",\"@id\":\"https:\/\/bahiaeconomica.com.br\/wp\/#organization\",\"name\":\"Bahia Econ\u00f4mica\",\"url\":\"https:\/\/bahiaeconomica.com.br\/wp\/\",\"logo\":{\"@type\":\"ImageObject\",\"inLanguage\":\"pt-BR\",\"@id\":\"https:\/\/bahiaeconomica.com.br\/wp\/#\/schema\/logo\/image\/\",\"url\":\"https:\/\/bahiaeconomica.com.br\/wp\/wp-content\/uploads\/2020\/12\/cropped-BE.png\",\"contentUrl\":\"https:\/\/bahiaeconomica.com.br\/wp\/wp-content\/uploads\/2020\/12\/cropped-BE.png\",\"width\":512,\"height\":512,\"caption\":\"Bahia Econ\u00f4mica\"},\"image\":{\"@id\":\"https:\/\/bahiaeconomica.com.br\/wp\/#\/schema\/logo\/image\/\"},\"sameAs\":[\"https:\/\/www.facebook.com\/bahiaeconomica\"]},{\"@type\":\"Person\",\"@id\":\"https:\/\/bahiaeconomica.com.br\/wp\/#\/schema\/person\/1704090528f3af7c918b3cb25d9d4016\",\"name\":\"HUGO LEITE\",\"sameAs\":[\"http:\/\/www.bahiaeconomica.com.br\"],\"url\":\"https:\/\/bahiaeconomica.com.br\/wp\/author\/hugo-leite\/\"}]}<\/script>\n<!-- \/ Yoast SEO plugin. -->","yoast_head_json":{"title":"FALTA DE ENERGIA ATINGE QUATRO BAIRROS DE SALVADOR NESTA TER\u00c7A; SAIBA MAIS - Bahia Economica","description":"O maior portal de Economia da Bahia DESTAQUE DO DIA, MUNIC\u00cdPIOS Bahia Economica A suspens\u00e3o do fornecimento de energia continua nesta ter\u00e7a","robots":{"index":"index","follow":"follow","max-snippet":"max-snippet:-1","max-image-preview":"max-image-preview:large","max-video-preview":"max-video-preview:-1"},"canonical":"https:\/\/bahiaeconomica.com.br\/wp\/2026\/09\/01\/falta-de-energia-atinge-quatro-bairros-de-salvador-nesta-terca-saiba-mais\/","og_locale":"pt_BR","og_type":"article","og_title":"FALTA DE ENERGIA ATINGE QUATRO BAIRROS DE SALVADOR NESTA TER\u00c7A; SAIBA MAIS - Bahia Economica","og_description":"O maior portal de Economia da Bahia DESTAQUE DO DIA, MUNIC\u00cdPIOS Bahia Economica A suspens\u00e3o do fornecimento de energia continua nesta ter\u00e7a","og_url":"https:\/\/bahiaeconomica.com.br\/wp\/2026\/09\/01\/falta-de-energia-atinge-quatro-bairros-de-salvador-nesta-terca-saiba-mais\/","og_site_name":"Bahia Economica","article_publisher":"https:\/\/www.facebook.com\/bahiaeconomica","article_published_time":"2026-09-01T11:59:15+00:00","article_modified_time":"2026-09-01T11:55:09+00:00","og_image":[{"width":2048,"height":1332,"url":"https:\/\/bahiaeconomica.com.br\/wp\/wp-content\/uploads\/2026\/09\/pexels-robertkso-11534980-2048x1332-1.webp","type":"image\/webp"}],"author":"HUGO LEITE","twitter_card":"summary_large_image","twitter_misc":{"Escrito por":"HUGO LEITE","Est. tempo de leitura":"1 minuto"},"schema":{"@context":"https:\/\/schema.org","@graph":[{"@type":"Article","@id":"https:\/\/bahiaeconomica.com.br\/wp\/2026\/09\/01\/falta-de-energia-atinge-quatro-bairros-de-salvador-nesta-terca-saiba-mais\/#article","isPartOf":{"@id":"https:\/\/bahiaeconomica.com.br\/wp\/2026\/09\/01\/falta-de-energia-atinge-quatro-bairros-de-salvador-nesta-terca-saiba-mais\/"},"author":{"name":"HUGO LEITE","@id":"https:\/\/bahiaeconomica.com.br\/wp\/#\/schema\/person\/1704090528f3af7c918b3cb25d9d4016"},"headline":"FALTA DE ENERGIA ATINGE QUATRO BAIRROS DE SALVADOR NESTA TER\u00c7A; SAIBA MAIS","datePublished":"2026-09-01T11:59:15+00:00","dateModified":"2026-09-01T11:55:09+00:00","mainEntityOfPage":{"@id":"https:\/\/bahiaeconomica.com.br\/wp\/2026\/09\/01\/falta-de-energia-atinge-quatro-bairros-de-salvador-nesta-terca-saiba-mais\/"},"wordCount":189,"publisher":{"@id":"https:\/\/bahiaeconomica.com.br\/wp\/#organization"},"keywords":["bairros","energia","Salvador"],"articleSection":["DESTAQUE DO DIA","MUNIC\u00cdPIOS"],"inLanguage":"pt-BR"},{"@type":"WebPage","@id":"https:\/\/bahiaeconomica.com.br\/wp\/2026\/09\/01\/falta-de-energia-atinge-quatro-bairros-de-salvador-nesta-terca-saiba-mais\/","url":"https:\/\/bahiaeconomica.com.br\/wp\/2026\/09\/01\/falta-de-energia-atinge-quatro-bairros-de-salvador-nesta-terca-saiba-mais\/","name":"FALTA DE ENERGIA ATINGE QUATRO BAIRROS DE SALVADOR NESTA TER\u00c7A; SAIBA MAIS - Bahia Economica","isPartOf":{"@id":"https:\/\/bahiaeconomica.com.br\/wp\/#website"},"datePublished":"2026-09-01T11:59:15+00:00","dateModified":"2026-09-01T11:55:09+00:00","description":"O maior portal de Economia da Bahia DESTAQUE DO DIA, MUNIC\u00cdPIOS Bahia Economica A suspens\u00e3o do fornecimento de energia continua nesta ter\u00e7a","breadcrumb":{"@id":"https:\/\/bahiaeconomica.com.br\/wp\/2026\/09\/01\/falta-de-energia-atinge-quatro-bairros-de-salvador-nesta-terca-saiba-mais\/#breadcrumb"},"inLanguage":"pt-BR","potentialAction":[{"@type":"ReadAction","target":["https:\/\/bahiaeconomica.com.br\/wp\/2026\/09\/01\/falta-de-energia-atinge-quatro-bairros-de-salvador-nesta-terca-saiba-mais\/"]}]},{"@type":"BreadcrumbList","@id":"https:\/\/bahiaeconomica.com.br\/wp\/2026\/09\/01\/falta-de-energia-atinge-quatro-bairros-de-salvador-nesta-terca-saiba-mais\/#breadcrumb","itemListElement":[{"@type":"ListItem","position":1,"name":"In\u00edcio","item":"https:\/\/bahiaeconomica.com.br\/wp\/"},{"@type":"ListItem","position":2,"name":"FALTA DE ENERGIA ATINGE QUATRO BAIRROS DE SALVADOR NESTA TER\u00c7A; SAIBA MAIS"}]},{"@type":"WebSite","@id":"https:\/\/bahiaeconomica.com.br\/wp\/#website","url":"https:\/\/bahiaeconomica.com.br\/wp\/","name":"Bahia Economica","description":"O maior portal de Economia da Bahia","publisher":{"@id":"https:\/\/bahiaeconomica.com.br\/wp\/#organization"},"potentialAction":[{"@type":"SearchAction","target":{"@type":"EntryPoint","urlTemplate":"https:\/\/bahiaeconomica.com.br\/wp\/?s={search_term_string}"},"query-input":"required name=search_term_string"}],"inLanguage":"pt-BR"},{"@type":"Organization","@id":"https:\/\/bahiaeconomica.com.br\/wp\/#organization","name":"Bahia Econ\u00f4mica","url":"https:\/\/bahiaeconomica.com.br\/wp\/","logo":{"@type":"ImageObject","inLanguage":"pt-BR","@id":"https:\/\/bahiaeconomica.com.br\/wp\/#\/schema\/logo\/image\/","url":"https:\/\/bahiaeconomica.com.br\/wp\/wp-content\/uploads\/2020\/12\/cropped-BE.png","contentUrl":"https:\/\/bahiaeconomica.com.br\/wp\/wp-content\/uploads\/2020\/12\/cropped-BE.png","width":512,"height":512,"caption":"Bahia Econ\u00f4mica"},"image":{"@id":"https:\/\/bahiaeconomica.com.br\/wp\/#\/schema\/logo\/image\/"},"sameAs":["https:\/\/www.facebook.com\/bahiaeconomica"]},{"@type":"Person","@id":"https:\/\/bahiaeconomica.com.br\/wp\/#\/schema\/person\/1704090528f3af7c918b3cb25d9d4016","name":"HUGO LEITE","sameAs":["http:\/\/www.bahiaeconomica.com.br"],"url":"https:\/\/bahiaeconomica.com.br\/wp\/author\/hugo-leite\/"}]}},"views":106,"_links":{"self":[{"href":"https:\/\/bahiaeconomica.com.br\/wp\/wp-json\/wp\/v2\/posts\/1021274"}],"collection":[{"href":"https:\/\/bahiaeconomica.com.br\/wp\/wp-json\/wp\/v2\/posts"}],"about":[{"href":"https:\/\/bahiaeconomica.com.br\/wp\/wp-json\/wp\/v2\/types\/post"}],"author":[{"embeddable":true,"href":"https:\/\/bahiaeconomica.com.br\/wp\/wp-json\/wp\/v2\/users\/21"}],"replies":[{"embeddable":true,"href":"https:\/\/bahiaeconomica.com.br\/wp\/wp-json\/wp\/v2\/comments?post=1021274"}],"version-history":[{"count":2,"href":"https:\/\/bahiaeconomica.com.br\/wp\/wp-json\/wp\/v2\/posts\/1021274\/revisions"}],"predecessor-version":[{"id":1021292,"href":"https:\/\/bahiaeconomica.com.br\/wp\/wp-json\/wp\/v2\/posts\/1021274\/revisions\/1021292"}],"wp:featuredmedia":[{"embeddable":true,"href":"https:\/\/bahiaeconomica.com.br\/wp\/wp-json\/wp\/v2\/media\/1021277"}],"wp:attachment":[{"href":"https:\/\/bahiaeconomica.com.br\/wp\/wp-json\/wp\/v2\/media?parent=1021274"}],"wp:term":[{"taxonomy":"category","embeddable":true,"href":"https:\/\/bahiaeconomica.com.br\/wp\/wp-json\/wp\/v2\/categories?post=1021274"},{"taxonomy":"post_tag","embeddable":true,"href":"https:\/\/bahiaeconomica.com.br\/wp\/wp-json\/wp\/v2\/tags?post=1021274"}],"curies":[{"name":"wp","href":"https:\/\/api.w.org\/{rel}","templated":true}]}}