{"id":1021248,"date":"2026-09-01T07:00:51","date_gmt":"2026-09-01T10:00:51","guid":{"rendered":"https:\/\/bahiaeconomica.com.br\/wp\/?p=1021248"},"modified":"2026-09-01T08:01:08","modified_gmt":"2026-09-01T11:01:08","slug":"confira-agenda-dos-candidatos-ao-governo-da-bahia-nesta-terca","status":"publish","type":"post","link":"https:\/\/bahiaeconomica.com.br\/wp\/2026\/09\/01\/confira-agenda-dos-candidatos-ao-governo-da-bahia-nesta-terca\/","title":{"rendered":"CONFIRA AGENDA DOS CANDIDATOS AO GOVERNO DA BAHIA NESTA TER\u00c7A"},"content":{"rendered":"<p>Os principais candidatos ao governo da Bahia seguem o ritmo de campanha nesta ter\u00e7a-feira (1). Jer\u00f4nimo Rodrigues (PT), ACM Neto (Uni\u00e3o Brasil) e Ronaldo Mansur (Federa\u00e7\u00e3o Psol-Rede) tem agenda de compromissos concentradas em Salvador.<\/p>\n<p>ACM Neto (Uni\u00e3o Brasil) inicia o dia em Salvador, onde participa, \u00e0s 7h30, de uma sabatina na R\u00e1dio Piat\u00e3 FM e realiza reuni\u00f5es e atendimentos com lideran\u00e7as pol\u00edticas.<\/p>\n<p>No per\u00edodo da tarde, o candidato segue para Lu\u00eds Eduardo Magalh\u00e3es (LEM), no oeste baiano, para uma reuni\u00e3o com representantes da Associa\u00e7\u00e3o Baiana dos Produtores de Algod\u00e3o (ABAPA). \u00c0 noite, Neto participa de uma carreata no munic\u00edpio.<\/p>\n<p>O governador e candidato \u00e0 reelei\u00e7\u00e3o, Jer\u00f4nimo Rodrigues (PT), participa pela manh\u00e3 de um evento sobre os impactos clim\u00e1ticos do El Ni\u00f1o e tamb\u00e9m cumpre reuni\u00f5es institucionais.<\/p>\n<p>\u00c0 tarde, o petista grava conte\u00fados para a campanha eleitoral. J\u00e1 \u00e0 noite, Jer\u00f4nimo participa de uma sabatina ao vivo na TV Aratu.<\/p>\n<p>O candidato pela Federa\u00e7\u00e3o Psol-Rede, Ronaldo Mansur, participa de uma entrevista na R\u00e1dio CBN Salvador \u00e0s 9h30 e realiza uma grava\u00e7\u00e3o para televis\u00e3o \u00e0s 11h50.<\/p>\n<p>(Fonte: Bahia.ba)<\/p>\n<p>&nbsp;<\/p>\n<p>Foto: Reprodu\u00e7\u00e3o\/Youtube.<\/p>\n<p>&nbsp;<\/p>\n<p>&nbsp;<\/p>\n","protected":false},"excerpt":{"rendered":"<p>Os principais candidatos ao governo da Bahia seguem o ritmo de campanha nesta ter\u00e7a-feira (1). Jer\u00f4nimo Rodrigues (PT), ACM Neto (Uni\u00e3o Brasil) e Ronaldo Mansur (Federa\u00e7\u00e3o Psol-Rede) tem agenda de compromissos concentradas em Salvador. ACM Neto (Uni\u00e3o Brasil) inicia o dia em Salvador, onde participa, \u00e0s 7h30, de uma sabatina na R\u00e1dio Piat\u00e3 FM e [&hellip;]<\/p>\n","protected":false},"author":21,"featured_media":1021249,"comment_status":"closed","ping_status":"closed","sticky":false,"template":"","format":"standard","meta":[],"categories":[14601],"tags":[167,526,1544],"acf":[],"yoast_head":"<!-- This site is optimized with the Yoast SEO plugin v20.8 - https:\/\/yoast.com\/wordpress\/plugins\/seo\/ -->\n<title>CONFIRA AGENDA DOS CANDIDATOS AO GOVERNO DA BAHIA NESTA TER\u00c7A - Bahia Economica<\/title>\n<meta name=\"description\" content=\"O maior portal de Economia da Bahia Pol\u00edtica Bahia Economica Os principais candidatos ao governo da Bahia seguem\" \/>\n<meta name=\"robots\" content=\"index, follow, max-snippet:-1, max-image-preview:large, max-video-preview:-1\" \/>\n<link rel=\"canonical\" href=\"https:\/\/bahiaeconomica.com.br\/wp\/2026\/09\/01\/confira-agenda-dos-candidatos-ao-governo-da-bahia-nesta-terca\/\" \/>\n<meta property=\"og:locale\" content=\"pt_BR\" \/>\n<meta property=\"og:type\" content=\"article\" \/>\n<meta property=\"og:title\" content=\"CONFIRA AGENDA DOS CANDIDATOS AO GOVERNO DA BAHIA NESTA TER\u00c7A - Bahia Economica\" \/>\n<meta property=\"og:description\" content=\"O maior portal de Economia da Bahia Pol\u00edtica Bahia Economica Os principais candidatos ao governo da Bahia seguem\" \/>\n<meta property=\"og:url\" content=\"https:\/\/bahiaeconomica.com.br\/wp\/2026\/09\/01\/confira-agenda-dos-candidatos-ao-governo-da-bahia-nesta-terca\/\" \/>\n<meta property=\"og:site_name\" content=\"Bahia Economica\" \/>\n<meta property=\"article:publisher\" content=\"https:\/\/www.facebook.com\/bahiaeconomica\" \/>\n<meta property=\"article:published_time\" content=\"2026-09-01T10:00:51+00:00\" \/>\n<meta property=\"article:modified_time\" content=\"2026-09-01T11:01:08+00:00\" \/>\n<meta property=\"og:image\" content=\"https:\/\/bahiaeconomica.com.br\/wp\/wp-content\/uploads\/2026\/09\/Design-sem-nome-45.webp\" \/>\n\t<meta property=\"og:image:width\" content=\"600\" \/>\n\t<meta property=\"og:image:height\" content=\"420\" \/>\n\t<meta property=\"og:image:type\" content=\"image\/webp\" \/>\n<meta name=\"author\" content=\"HUGO LEITE\" \/>\n<meta name=\"twitter:card\" content=\"summary_large_image\" \/>\n<meta name=\"twitter:label1\" content=\"Escrito por\" \/>\n\t<meta name=\"twitter:data1\" content=\"HUGO LEITE\" \/>\n\t<meta name=\"twitter:label2\" content=\"Est. tempo de leitura\" \/>\n\t<meta name=\"twitter:data2\" content=\"1 minuto\" \/>\n<script type=\"application\/ld+json\" class=\"yoast-schema-graph\">{\"@context\":\"https:\/\/schema.org\",\"@graph\":[{\"@type\":\"Article\",\"@id\":\"https:\/\/bahiaeconomica.com.br\/wp\/2026\/09\/01\/confira-agenda-dos-candidatos-ao-governo-da-bahia-nesta-terca\/#article\",\"isPartOf\":{\"@id\":\"https:\/\/bahiaeconomica.com.br\/wp\/2026\/09\/01\/confira-agenda-dos-candidatos-ao-governo-da-bahia-nesta-terca\/\"},\"author\":{\"name\":\"HUGO LEITE\",\"@id\":\"https:\/\/bahiaeconomica.com.br\/wp\/#\/schema\/person\/1704090528f3af7c918b3cb25d9d4016\"},\"headline\":\"CONFIRA AGENDA DOS CANDIDATOS AO GOVERNO DA BAHIA NESTA TER\u00c7A\",\"datePublished\":\"2026-09-01T10:00:51+00:00\",\"dateModified\":\"2026-09-01T11:01:08+00:00\",\"mainEntityOfPage\":{\"@id\":\"https:\/\/bahiaeconomica.com.br\/wp\/2026\/09\/01\/confira-agenda-dos-candidatos-ao-governo-da-bahia-nesta-terca\/\"},\"wordCount\":218,\"publisher\":{\"@id\":\"https:\/\/bahiaeconomica.com.br\/wp\/#organization\"},\"keywords\":[\"ACM Neto\",\"Campanha\",\"jeronimo\"],\"articleSection\":[\"Pol\u00edtica\"],\"inLanguage\":\"pt-BR\"},{\"@type\":\"WebPage\",\"@id\":\"https:\/\/bahiaeconomica.com.br\/wp\/2026\/09\/01\/confira-agenda-dos-candidatos-ao-governo-da-bahia-nesta-terca\/\",\"url\":\"https:\/\/bahiaeconomica.com.br\/wp\/2026\/09\/01\/confira-agenda-dos-candidatos-ao-governo-da-bahia-nesta-terca\/\",\"name\":\"CONFIRA AGENDA DOS CANDIDATOS AO GOVERNO DA BAHIA NESTA TER\u00c7A - Bahia Economica\",\"isPartOf\":{\"@id\":\"https:\/\/bahiaeconomica.com.br\/wp\/#website\"},\"datePublished\":\"2026-09-01T10:00:51+00:00\",\"dateModified\":\"2026-09-01T11:01:08+00:00\",\"description\":\"O maior portal de Economia da Bahia Pol\u00edtica Bahia Economica Os principais candidatos ao governo da Bahia seguem\",\"breadcrumb\":{\"@id\":\"https:\/\/bahiaeconomica.com.br\/wp\/2026\/09\/01\/confira-agenda-dos-candidatos-ao-governo-da-bahia-nesta-terca\/#breadcrumb\"},\"inLanguage\":\"pt-BR\",\"potentialAction\":[{\"@type\":\"ReadAction\",\"target\":[\"https:\/\/bahiaeconomica.com.br\/wp\/2026\/09\/01\/confira-agenda-dos-candidatos-ao-governo-da-bahia-nesta-terca\/\"]}]},{\"@type\":\"BreadcrumbList\",\"@id\":\"https:\/\/bahiaeconomica.com.br\/wp\/2026\/09\/01\/confira-agenda-dos-candidatos-ao-governo-da-bahia-nesta-terca\/#breadcrumb\",\"itemListElement\":[{\"@type\":\"ListItem\",\"position\":1,\"name\":\"In\u00edcio\",\"item\":\"https:\/\/bahiaeconomica.com.br\/wp\/\"},{\"@type\":\"ListItem\",\"position\":2,\"name\":\"CONFIRA AGENDA DOS CANDIDATOS AO GOVERNO DA BAHIA NESTA TER\u00c7A\"}]},{\"@type\":\"WebSite\",\"@id\":\"https:\/\/bahiaeconomica.com.br\/wp\/#website\",\"url\":\"https:\/\/bahiaeconomica.com.br\/wp\/\",\"name\":\"Bahia Economica\",\"description\":\"O maior portal de Economia da Bahia\",\"publisher\":{\"@id\":\"https:\/\/bahiaeconomica.com.br\/wp\/#organization\"},\"potentialAction\":[{\"@type\":\"SearchAction\",\"target\":{\"@type\":\"EntryPoint\",\"urlTemplate\":\"https:\/\/bahiaeconomica.com.br\/wp\/?s={search_term_string}\"},\"query-input\":\"required name=search_term_string\"}],\"inLanguage\":\"pt-BR\"},{\"@type\":\"Organization\",\"@id\":\"https:\/\/bahiaeconomica.com.br\/wp\/#organization\",\"name\":\"Bahia Econ\u00f4mica\",\"url\":\"https:\/\/bahiaeconomica.com.br\/wp\/\",\"logo\":{\"@type\":\"ImageObject\",\"inLanguage\":\"pt-BR\",\"@id\":\"https:\/\/bahiaeconomica.com.br\/wp\/#\/schema\/logo\/image\/\",\"url\":\"https:\/\/bahiaeconomica.com.br\/wp\/wp-content\/uploads\/2020\/12\/cropped-BE.png\",\"contentUrl\":\"https:\/\/bahiaeconomica.com.br\/wp\/wp-content\/uploads\/2020\/12\/cropped-BE.png\",\"width\":512,\"height\":512,\"caption\":\"Bahia Econ\u00f4mica\"},\"image\":{\"@id\":\"https:\/\/bahiaeconomica.com.br\/wp\/#\/schema\/logo\/image\/\"},\"sameAs\":[\"https:\/\/www.facebook.com\/bahiaeconomica\"]},{\"@type\":\"Person\",\"@id\":\"https:\/\/bahiaeconomica.com.br\/wp\/#\/schema\/person\/1704090528f3af7c918b3cb25d9d4016\",\"name\":\"HUGO LEITE\",\"sameAs\":[\"http:\/\/www.bahiaeconomica.com.br\"],\"url\":\"https:\/\/bahiaeconomica.com.br\/wp\/author\/hugo-leite\/\"}]}<\/script>\n<!-- \/ Yoast SEO plugin. -->","yoast_head_json":{"title":"CONFIRA AGENDA DOS CANDIDATOS AO GOVERNO DA BAHIA NESTA TER\u00c7A - Bahia Economica","description":"O maior portal de Economia da Bahia Pol\u00edtica Bahia Economica Os principais candidatos ao governo da Bahia seguem","robots":{"index":"index","follow":"follow","max-snippet":"max-snippet:-1","max-image-preview":"max-image-preview:large","max-video-preview":"max-video-preview:-1"},"canonical":"https:\/\/bahiaeconomica.com.br\/wp\/2026\/09\/01\/confira-agenda-dos-candidatos-ao-governo-da-bahia-nesta-terca\/","og_locale":"pt_BR","og_type":"article","og_title":"CONFIRA AGENDA DOS CANDIDATOS AO GOVERNO DA BAHIA NESTA TER\u00c7A - Bahia Economica","og_description":"O maior portal de Economia da Bahia Pol\u00edtica Bahia Economica Os principais candidatos ao governo da Bahia seguem","og_url":"https:\/\/bahiaeconomica.com.br\/wp\/2026\/09\/01\/confira-agenda-dos-candidatos-ao-governo-da-bahia-nesta-terca\/","og_site_name":"Bahia Economica","article_publisher":"https:\/\/www.facebook.com\/bahiaeconomica","article_published_time":"2026-09-01T10:00:51+00:00","article_modified_time":"2026-09-01T11:01:08+00:00","og_image":[{"width":600,"height":420,"url":"https:\/\/bahiaeconomica.com.br\/wp\/wp-content\/uploads\/2026\/09\/Design-sem-nome-45.webp","type":"image\/webp"}],"author":"HUGO LEITE","twitter_card":"summary_large_image","twitter_misc":{"Escrito por":"HUGO LEITE","Est. tempo de leitura":"1 minuto"},"schema":{"@context":"https:\/\/schema.org","@graph":[{"@type":"Article","@id":"https:\/\/bahiaeconomica.com.br\/wp\/2026\/09\/01\/confira-agenda-dos-candidatos-ao-governo-da-bahia-nesta-terca\/#article","isPartOf":{"@id":"https:\/\/bahiaeconomica.com.br\/wp\/2026\/09\/01\/confira-agenda-dos-candidatos-ao-governo-da-bahia-nesta-terca\/"},"author":{"name":"HUGO LEITE","@id":"https:\/\/bahiaeconomica.com.br\/wp\/#\/schema\/person\/1704090528f3af7c918b3cb25d9d4016"},"headline":"CONFIRA AGENDA DOS CANDIDATOS AO GOVERNO DA BAHIA NESTA TER\u00c7A","datePublished":"2026-09-01T10:00:51+00:00","dateModified":"2026-09-01T11:01:08+00:00","mainEntityOfPage":{"@id":"https:\/\/bahiaeconomica.com.br\/wp\/2026\/09\/01\/confira-agenda-dos-candidatos-ao-governo-da-bahia-nesta-terca\/"},"wordCount":218,"publisher":{"@id":"https:\/\/bahiaeconomica.com.br\/wp\/#organization"},"keywords":["ACM Neto","Campanha","jeronimo"],"articleSection":["Pol\u00edtica"],"inLanguage":"pt-BR"},{"@type":"WebPage","@id":"https:\/\/bahiaeconomica.com.br\/wp\/2026\/09\/01\/confira-agenda-dos-candidatos-ao-governo-da-bahia-nesta-terca\/","url":"https:\/\/bahiaeconomica.com.br\/wp\/2026\/09\/01\/confira-agenda-dos-candidatos-ao-governo-da-bahia-nesta-terca\/","name":"CONFIRA AGENDA DOS CANDIDATOS AO GOVERNO DA BAHIA NESTA TER\u00c7A - Bahia Economica","isPartOf":{"@id":"https:\/\/bahiaeconomica.com.br\/wp\/#website"},"datePublished":"2026-09-01T10:00:51+00:00","dateModified":"2026-09-01T11:01:08+00:00","description":"O maior portal de Economia da Bahia Pol\u00edtica Bahia Economica Os principais candidatos ao governo da Bahia seguem","breadcrumb":{"@id":"https:\/\/bahiaeconomica.com.br\/wp\/2026\/09\/01\/confira-agenda-dos-candidatos-ao-governo-da-bahia-nesta-terca\/#breadcrumb"},"inLanguage":"pt-BR","potentialAction":[{"@type":"ReadAction","target":["https:\/\/bahiaeconomica.com.br\/wp\/2026\/09\/01\/confira-agenda-dos-candidatos-ao-governo-da-bahia-nesta-terca\/"]}]},{"@type":"BreadcrumbList","@id":"https:\/\/bahiaeconomica.com.br\/wp\/2026\/09\/01\/confira-agenda-dos-candidatos-ao-governo-da-bahia-nesta-terca\/#breadcrumb","itemListElement":[{"@type":"ListItem","position":1,"name":"In\u00edcio","item":"https:\/\/bahiaeconomica.com.br\/wp\/"},{"@type":"ListItem","position":2,"name":"CONFIRA AGENDA DOS CANDIDATOS AO GOVERNO DA BAHIA NESTA TER\u00c7A"}]},{"@type":"WebSite","@id":"https:\/\/bahiaeconomica.com.br\/wp\/#website","url":"https:\/\/bahiaeconomica.com.br\/wp\/","name":"Bahia Economica","description":"O maior portal de Economia da Bahia","publisher":{"@id":"https:\/\/bahiaeconomica.com.br\/wp\/#organization"},"potentialAction":[{"@type":"SearchAction","target":{"@type":"EntryPoint","urlTemplate":"https:\/\/bahiaeconomica.com.br\/wp\/?s={search_term_string}"},"query-input":"required name=search_term_string"}],"inLanguage":"pt-BR"},{"@type":"Organization","@id":"https:\/\/bahiaeconomica.com.br\/wp\/#organization","name":"Bahia Econ\u00f4mica","url":"https:\/\/bahiaeconomica.com.br\/wp\/","logo":{"@type":"ImageObject","inLanguage":"pt-BR","@id":"https:\/\/bahiaeconomica.com.br\/wp\/#\/schema\/logo\/image\/","url":"https:\/\/bahiaeconomica.com.br\/wp\/wp-content\/uploads\/2020\/12\/cropped-BE.png","contentUrl":"https:\/\/bahiaeconomica.com.br\/wp\/wp-content\/uploads\/2020\/12\/cropped-BE.png","width":512,"height":512,"caption":"Bahia Econ\u00f4mica"},"image":{"@id":"https:\/\/bahiaeconomica.com.br\/wp\/#\/schema\/logo\/image\/"},"sameAs":["https:\/\/www.facebook.com\/bahiaeconomica"]},{"@type":"Person","@id":"https:\/\/bahiaeconomica.com.br\/wp\/#\/schema\/person\/1704090528f3af7c918b3cb25d9d4016","name":"HUGO LEITE","sameAs":["http:\/\/www.bahiaeconomica.com.br"],"url":"https:\/\/bahiaeconomica.com.br\/wp\/author\/hugo-leite\/"}]}},"views":15,"_links":{"self":[{"href":"https:\/\/bahiaeconomica.com.br\/wp\/wp-json\/wp\/v2\/posts\/1021248"}],"collection":[{"href":"https:\/\/bahiaeconomica.com.br\/wp\/wp-json\/wp\/v2\/posts"}],"about":[{"href":"https:\/\/bahiaeconomica.com.br\/wp\/wp-json\/wp\/v2\/types\/post"}],"author":[{"embeddable":true,"href":"https:\/\/bahiaeconomica.com.br\/wp\/wp-json\/wp\/v2\/users\/21"}],"replies":[{"embeddable":true,"href":"https:\/\/bahiaeconomica.com.br\/wp\/wp-json\/wp\/v2\/comments?post=1021248"}],"version-history":[{"count":2,"href":"https:\/\/bahiaeconomica.com.br\/wp\/wp-json\/wp\/v2\/posts\/1021248\/revisions"}],"predecessor-version":[{"id":1021251,"href":"https:\/\/bahiaeconomica.com.br\/wp\/wp-json\/wp\/v2\/posts\/1021248\/revisions\/1021251"}],"wp:featuredmedia":[{"embeddable":true,"href":"https:\/\/bahiaeconomica.com.br\/wp\/wp-json\/wp\/v2\/media\/1021249"}],"wp:attachment":[{"href":"https:\/\/bahiaeconomica.com.br\/wp\/wp-json\/wp\/v2\/media?parent=1021248"}],"wp:term":[{"taxonomy":"category","embeddable":true,"href":"https:\/\/bahiaeconomica.com.br\/wp\/wp-json\/wp\/v2\/categories?post=1021248"},{"taxonomy":"post_tag","embeddable":true,"href":"https:\/\/bahiaeconomica.com.br\/wp\/wp-json\/wp\/v2\/tags?post=1021248"}],"curies":[{"name":"wp","href":"https:\/\/api.w.org\/{rel}","templated":true}]}}