{"id":1021234,"date":"2026-08-31T19:47:04","date_gmt":"2026-08-31T22:47:04","guid":{"rendered":"https:\/\/bahiaeconomica.com.br\/wp\/?p=1021234"},"modified":"2026-08-31T19:45:16","modified_gmt":"2026-08-31T22:45:16","slug":"orcamento-de-2027-tem-estimativa-de-superavit-de-r-834-bilhoes","status":"publish","type":"post","link":"https:\/\/bahiaeconomica.com.br\/wp\/2026\/08\/31\/orcamento-de-2027-tem-estimativa-de-superavit-de-r-834-bilhoes\/","title":{"rendered":"OR\u00c7AMENTO DE 2027 TEM ESTIMATIVA DE SUPER\u00c1VIT DE R$ 83,4 BILH\u00d5ES"},"content":{"rendered":"<p>Enviado nesta segunda-feira (31) ao Congresso Nacional, o projeto do Or\u00e7amento de 2027 tem estimativa de super\u00e1vit prim\u00e1rio de R$ 83,4 bilh\u00f5es. O valor \u00e9 cerca de R$ 10 bilh\u00f5es acima da meta de resultado positivo de R$ 73,2 bilh\u00f5es, 0,5% do Produto Interno Bruto (PIB, soma das riquezas produzidas no pa\u00eds).<\/p>\n<p>No entanto, ao incluir gastos fora do arcabou\u00e7o fiscal, a estimativa \u00e9 de super\u00e1vit de R$ 18,6 bilh\u00f5es para o pr\u00f3ximo ano.<\/p>\n<p>&#8220;Uma das nossas mensagens centrais \u00e9 que, no pr\u00f3ximo ano, teremos um Or\u00e7amento equilibrado&#8221;, disse o ministro do Planejamento e Or\u00e7amento, Bruno Moretti.<\/p>\n<p>O resultado prim\u00e1rio representa a diferen\u00e7a entre receitas e gastos nas contas do governo sem os juros da d\u00edvida p\u00fablica.<\/p>\n<p>O arcabou\u00e7o fiscal em vigor desde 2023 prev\u00ea uma margem de toler\u00e2ncia de 0,25 ponto percentual do PIB para cima ou para baixo, o que permite que o governo encerre o ano com super\u00e1vit de 0,25% do PIB, sem descumprir a meta.<\/p>\n<p>Para o pr\u00f3ximo ano, a proposta do Or\u00e7amento prev\u00ea receitas totais l\u00edquidas de R$ 2,849 trilh\u00f5es, o equivalente a 19,27% do PIB. As receitas l\u00edquidas excluem as transfer\u00eancias obrigat\u00f3rias da Uni\u00e3o para estados e munic\u00edpios.<\/p>\n<p>As despesas totais est\u00e3o estimadas em R$ 2,83 trilh\u00f5es (19,14% do PIB), mas o valor usado para o c\u00e1lculo do resultado prim\u00e1rio representa apenas o Governo Central (Tesouro Nacional, Previd\u00eancia Social e Banco Central). Ao confrontar as receitas e as despesas, o governo estima super\u00e1vit prim\u00e1rio efetivo de R$ 18,6 bilh\u00f5es (0,13% do PIB).<\/p>\n<p>No entanto, ao excluir R$ 57,8 bilh\u00f5es de gastos do cumprimento de meta, a previs\u00e3o para as contas federais melhora, com a estimativa de super\u00e1vit de R$ 83,4 bilh\u00f5es, R$ 10,2 bilh\u00f5es acima da meta de R$ 73,2 bilh\u00f5es.<\/p>\n<p>Por um acordo com o Supremo Tribunal Federal no fim de 2023, gastos com precat\u00f3rios (d\u00edvidas do governo com senten\u00e7a judicial definitiva) est\u00e3o fora do c\u00e1lculo da meta de resultado prim\u00e1rio. Al\u00e9m disso, leis aprovadas nos \u00faltimos anos excluem alguns gastos com sa\u00fade, educa\u00e7\u00e3o e defesa das metas fiscais.<\/p>\n<p>&nbsp;<\/p>\n<p>foto:\u00a0 Rafa Neddermeyer\/Ag\u00eancia Brasil<\/p>\n","protected":false},"excerpt":{"rendered":"<p>Enviado nesta segunda-feira (31) ao Congresso Nacional, o projeto do Or\u00e7amento de 2027 tem estimativa de super\u00e1vit prim\u00e1rio de R$ 83,4 bilh\u00f5es. O valor \u00e9 cerca de R$ 10 bilh\u00f5es acima da meta de resultado positivo de R$ 73,2 bilh\u00f5es, 0,5% do Produto Interno Bruto (PIB, soma das riquezas produzidas no pa\u00eds). No entanto, ao [&hellip;]<\/p>\n","protected":false},"author":15,"featured_media":1021238,"comment_status":"closed","ping_status":"closed","sticky":false,"template":"","format":"standard","meta":[],"categories":[3],"tags":[],"acf":[],"yoast_head":"<!-- This site is optimized with the Yoast SEO plugin v20.8 - https:\/\/yoast.com\/wordpress\/plugins\/seo\/ -->\n<title>OR\u00c7AMENTO DE 2027 TEM ESTIMATIVA DE SUPER\u00c1VIT DE R$ 83,4 BILH\u00d5ES - Bahia Economica<\/title>\n<meta name=\"description\" content=\"O maior portal de Economia da Bahia ECONOMIA \/ POL\u00cdTICA Bahia Economica\" \/>\n<meta name=\"robots\" content=\"index, follow, max-snippet:-1, max-image-preview:large, max-video-preview:-1\" \/>\n<link rel=\"canonical\" href=\"https:\/\/bahiaeconomica.com.br\/wp\/2026\/08\/31\/orcamento-de-2027-tem-estimativa-de-superavit-de-r-834-bilhoes\/\" \/>\n<meta property=\"og:locale\" content=\"pt_BR\" \/>\n<meta property=\"og:type\" content=\"article\" \/>\n<meta property=\"og:title\" content=\"OR\u00c7AMENTO DE 2027 TEM ESTIMATIVA DE SUPER\u00c1VIT DE R$ 83,4 BILH\u00d5ES - Bahia Economica\" \/>\n<meta property=\"og:description\" content=\"O maior portal de Economia da Bahia ECONOMIA \/ POL\u00cdTICA Bahia Economica\" \/>\n<meta property=\"og:url\" content=\"https:\/\/bahiaeconomica.com.br\/wp\/2026\/08\/31\/orcamento-de-2027-tem-estimativa-de-superavit-de-r-834-bilhoes\/\" \/>\n<meta property=\"og:site_name\" content=\"Bahia Economica\" \/>\n<meta property=\"article:publisher\" content=\"https:\/\/www.facebook.com\/bahiaeconomica\" \/>\n<meta property=\"article:published_time\" content=\"2026-08-31T22:47:04+00:00\" \/>\n<meta property=\"article:modified_time\" content=\"2026-08-31T22:45:16+00:00\" \/>\n<meta property=\"og:image\" content=\"https:\/\/bahiaeconomica.com.br\/wp\/wp-content\/uploads\/2026\/08\/img_7609_1.webp\" \/>\n\t<meta property=\"og:image:width\" content=\"1170\" \/>\n\t<meta property=\"og:image:height\" content=\"700\" \/>\n\t<meta property=\"og:image:type\" content=\"image\/webp\" \/>\n<meta name=\"author\" content=\"VICTORIA ISABEL\" \/>\n<meta name=\"twitter:card\" content=\"summary_large_image\" \/>\n<meta name=\"twitter:label1\" content=\"Escrito por\" \/>\n\t<meta name=\"twitter:data1\" content=\"VICTORIA ISABEL\" \/>\n\t<meta name=\"twitter:label2\" content=\"Est. tempo de leitura\" \/>\n\t<meta name=\"twitter:data2\" content=\"2 minutos\" \/>\n<script type=\"application\/ld+json\" class=\"yoast-schema-graph\">{\"@context\":\"https:\/\/schema.org\",\"@graph\":[{\"@type\":\"Article\",\"@id\":\"https:\/\/bahiaeconomica.com.br\/wp\/2026\/08\/31\/orcamento-de-2027-tem-estimativa-de-superavit-de-r-834-bilhoes\/#article\",\"isPartOf\":{\"@id\":\"https:\/\/bahiaeconomica.com.br\/wp\/2026\/08\/31\/orcamento-de-2027-tem-estimativa-de-superavit-de-r-834-bilhoes\/\"},\"author\":{\"name\":\"VICTORIA ISABEL\",\"@id\":\"https:\/\/bahiaeconomica.com.br\/wp\/#\/schema\/person\/b719ce0fb1c09f3c7a00d9243ced4a6f\"},\"headline\":\"OR\u00c7AMENTO DE 2027 TEM ESTIMATIVA DE SUPER\u00c1VIT DE R$ 83,4 BILH\u00d5ES\",\"datePublished\":\"2026-08-31T22:47:04+00:00\",\"dateModified\":\"2026-08-31T22:45:16+00:00\",\"mainEntityOfPage\":{\"@id\":\"https:\/\/bahiaeconomica.com.br\/wp\/2026\/08\/31\/orcamento-de-2027-tem-estimativa-de-superavit-de-r-834-bilhoes\/\"},\"wordCount\":384,\"publisher\":{\"@id\":\"https:\/\/bahiaeconomica.com.br\/wp\/#organization\"},\"articleSection\":[\"ECONOMIA \/ POL\u00cdTICA\"],\"inLanguage\":\"pt-BR\"},{\"@type\":\"WebPage\",\"@id\":\"https:\/\/bahiaeconomica.com.br\/wp\/2026\/08\/31\/orcamento-de-2027-tem-estimativa-de-superavit-de-r-834-bilhoes\/\",\"url\":\"https:\/\/bahiaeconomica.com.br\/wp\/2026\/08\/31\/orcamento-de-2027-tem-estimativa-de-superavit-de-r-834-bilhoes\/\",\"name\":\"OR\u00c7AMENTO DE 2027 TEM ESTIMATIVA DE SUPER\u00c1VIT DE R$ 83,4 BILH\u00d5ES - Bahia Economica\",\"isPartOf\":{\"@id\":\"https:\/\/bahiaeconomica.com.br\/wp\/#website\"},\"datePublished\":\"2026-08-31T22:47:04+00:00\",\"dateModified\":\"2026-08-31T22:45:16+00:00\",\"description\":\"O maior portal de Economia da Bahia ECONOMIA \/ POL\u00cdTICA Bahia Economica\",\"breadcrumb\":{\"@id\":\"https:\/\/bahiaeconomica.com.br\/wp\/2026\/08\/31\/orcamento-de-2027-tem-estimativa-de-superavit-de-r-834-bilhoes\/#breadcrumb\"},\"inLanguage\":\"pt-BR\",\"potentialAction\":[{\"@type\":\"ReadAction\",\"target\":[\"https:\/\/bahiaeconomica.com.br\/wp\/2026\/08\/31\/orcamento-de-2027-tem-estimativa-de-superavit-de-r-834-bilhoes\/\"]}]},{\"@type\":\"BreadcrumbList\",\"@id\":\"https:\/\/bahiaeconomica.com.br\/wp\/2026\/08\/31\/orcamento-de-2027-tem-estimativa-de-superavit-de-r-834-bilhoes\/#breadcrumb\",\"itemListElement\":[{\"@type\":\"ListItem\",\"position\":1,\"name\":\"In\u00edcio\",\"item\":\"https:\/\/bahiaeconomica.com.br\/wp\/\"},{\"@type\":\"ListItem\",\"position\":2,\"name\":\"OR\u00c7AMENTO DE 2027 TEM ESTIMATIVA DE SUPER\u00c1VIT DE R$ 83,4 BILH\u00d5ES\"}]},{\"@type\":\"WebSite\",\"@id\":\"https:\/\/bahiaeconomica.com.br\/wp\/#website\",\"url\":\"https:\/\/bahiaeconomica.com.br\/wp\/\",\"name\":\"Bahia Economica\",\"description\":\"O maior portal de Economia da Bahia\",\"publisher\":{\"@id\":\"https:\/\/bahiaeconomica.com.br\/wp\/#organization\"},\"potentialAction\":[{\"@type\":\"SearchAction\",\"target\":{\"@type\":\"EntryPoint\",\"urlTemplate\":\"https:\/\/bahiaeconomica.com.br\/wp\/?s={search_term_string}\"},\"query-input\":\"required name=search_term_string\"}],\"inLanguage\":\"pt-BR\"},{\"@type\":\"Organization\",\"@id\":\"https:\/\/bahiaeconomica.com.br\/wp\/#organization\",\"name\":\"Bahia Econ\u00f4mica\",\"url\":\"https:\/\/bahiaeconomica.com.br\/wp\/\",\"logo\":{\"@type\":\"ImageObject\",\"inLanguage\":\"pt-BR\",\"@id\":\"https:\/\/bahiaeconomica.com.br\/wp\/#\/schema\/logo\/image\/\",\"url\":\"https:\/\/bahiaeconomica.com.br\/wp\/wp-content\/uploads\/2020\/12\/cropped-BE.png\",\"contentUrl\":\"https:\/\/bahiaeconomica.com.br\/wp\/wp-content\/uploads\/2020\/12\/cropped-BE.png\",\"width\":512,\"height\":512,\"caption\":\"Bahia Econ\u00f4mica\"},\"image\":{\"@id\":\"https:\/\/bahiaeconomica.com.br\/wp\/#\/schema\/logo\/image\/\"},\"sameAs\":[\"https:\/\/www.facebook.com\/bahiaeconomica\"]},{\"@type\":\"Person\",\"@id\":\"https:\/\/bahiaeconomica.com.br\/wp\/#\/schema\/person\/b719ce0fb1c09f3c7a00d9243ced4a6f\",\"name\":\"VICTORIA ISABEL\",\"sameAs\":[\"http:\/\/www.bahiaeconomica.com.br\"],\"url\":\"https:\/\/bahiaeconomica.com.br\/wp\/author\/victoria-isabel\/\"}]}<\/script>\n<!-- \/ Yoast SEO plugin. -->","yoast_head_json":{"title":"OR\u00c7AMENTO DE 2027 TEM ESTIMATIVA DE SUPER\u00c1VIT DE R$ 83,4 BILH\u00d5ES - Bahia Economica","description":"O maior portal de Economia da Bahia ECONOMIA \/ POL\u00cdTICA Bahia Economica","robots":{"index":"index","follow":"follow","max-snippet":"max-snippet:-1","max-image-preview":"max-image-preview:large","max-video-preview":"max-video-preview:-1"},"canonical":"https:\/\/bahiaeconomica.com.br\/wp\/2026\/08\/31\/orcamento-de-2027-tem-estimativa-de-superavit-de-r-834-bilhoes\/","og_locale":"pt_BR","og_type":"article","og_title":"OR\u00c7AMENTO DE 2027 TEM ESTIMATIVA DE SUPER\u00c1VIT DE R$ 83,4 BILH\u00d5ES - Bahia Economica","og_description":"O maior portal de Economia da Bahia ECONOMIA \/ POL\u00cdTICA Bahia Economica","og_url":"https:\/\/bahiaeconomica.com.br\/wp\/2026\/08\/31\/orcamento-de-2027-tem-estimativa-de-superavit-de-r-834-bilhoes\/","og_site_name":"Bahia Economica","article_publisher":"https:\/\/www.facebook.com\/bahiaeconomica","article_published_time":"2026-08-31T22:47:04+00:00","article_modified_time":"2026-08-31T22:45:16+00:00","og_image":[{"width":1170,"height":700,"url":"https:\/\/bahiaeconomica.com.br\/wp\/wp-content\/uploads\/2026\/08\/img_7609_1.webp","type":"image\/webp"}],"author":"VICTORIA ISABEL","twitter_card":"summary_large_image","twitter_misc":{"Escrito por":"VICTORIA ISABEL","Est. tempo de leitura":"2 minutos"},"schema":{"@context":"https:\/\/schema.org","@graph":[{"@type":"Article","@id":"https:\/\/bahiaeconomica.com.br\/wp\/2026\/08\/31\/orcamento-de-2027-tem-estimativa-de-superavit-de-r-834-bilhoes\/#article","isPartOf":{"@id":"https:\/\/bahiaeconomica.com.br\/wp\/2026\/08\/31\/orcamento-de-2027-tem-estimativa-de-superavit-de-r-834-bilhoes\/"},"author":{"name":"VICTORIA ISABEL","@id":"https:\/\/bahiaeconomica.com.br\/wp\/#\/schema\/person\/b719ce0fb1c09f3c7a00d9243ced4a6f"},"headline":"OR\u00c7AMENTO DE 2027 TEM ESTIMATIVA DE SUPER\u00c1VIT DE R$ 83,4 BILH\u00d5ES","datePublished":"2026-08-31T22:47:04+00:00","dateModified":"2026-08-31T22:45:16+00:00","mainEntityOfPage":{"@id":"https:\/\/bahiaeconomica.com.br\/wp\/2026\/08\/31\/orcamento-de-2027-tem-estimativa-de-superavit-de-r-834-bilhoes\/"},"wordCount":384,"publisher":{"@id":"https:\/\/bahiaeconomica.com.br\/wp\/#organization"},"articleSection":["ECONOMIA \/ POL\u00cdTICA"],"inLanguage":"pt-BR"},{"@type":"WebPage","@id":"https:\/\/bahiaeconomica.com.br\/wp\/2026\/08\/31\/orcamento-de-2027-tem-estimativa-de-superavit-de-r-834-bilhoes\/","url":"https:\/\/bahiaeconomica.com.br\/wp\/2026\/08\/31\/orcamento-de-2027-tem-estimativa-de-superavit-de-r-834-bilhoes\/","name":"OR\u00c7AMENTO DE 2027 TEM ESTIMATIVA DE SUPER\u00c1VIT DE R$ 83,4 BILH\u00d5ES - Bahia Economica","isPartOf":{"@id":"https:\/\/bahiaeconomica.com.br\/wp\/#website"},"datePublished":"2026-08-31T22:47:04+00:00","dateModified":"2026-08-31T22:45:16+00:00","description":"O maior portal de Economia da Bahia ECONOMIA \/ POL\u00cdTICA Bahia Economica","breadcrumb":{"@id":"https:\/\/bahiaeconomica.com.br\/wp\/2026\/08\/31\/orcamento-de-2027-tem-estimativa-de-superavit-de-r-834-bilhoes\/#breadcrumb"},"inLanguage":"pt-BR","potentialAction":[{"@type":"ReadAction","target":["https:\/\/bahiaeconomica.com.br\/wp\/2026\/08\/31\/orcamento-de-2027-tem-estimativa-de-superavit-de-r-834-bilhoes\/"]}]},{"@type":"BreadcrumbList","@id":"https:\/\/bahiaeconomica.com.br\/wp\/2026\/08\/31\/orcamento-de-2027-tem-estimativa-de-superavit-de-r-834-bilhoes\/#breadcrumb","itemListElement":[{"@type":"ListItem","position":1,"name":"In\u00edcio","item":"https:\/\/bahiaeconomica.com.br\/wp\/"},{"@type":"ListItem","position":2,"name":"OR\u00c7AMENTO DE 2027 TEM ESTIMATIVA DE SUPER\u00c1VIT DE R$ 83,4 BILH\u00d5ES"}]},{"@type":"WebSite","@id":"https:\/\/bahiaeconomica.com.br\/wp\/#website","url":"https:\/\/bahiaeconomica.com.br\/wp\/","name":"Bahia Economica","description":"O maior portal de Economia da Bahia","publisher":{"@id":"https:\/\/bahiaeconomica.com.br\/wp\/#organization"},"potentialAction":[{"@type":"SearchAction","target":{"@type":"EntryPoint","urlTemplate":"https:\/\/bahiaeconomica.com.br\/wp\/?s={search_term_string}"},"query-input":"required name=search_term_string"}],"inLanguage":"pt-BR"},{"@type":"Organization","@id":"https:\/\/bahiaeconomica.com.br\/wp\/#organization","name":"Bahia Econ\u00f4mica","url":"https:\/\/bahiaeconomica.com.br\/wp\/","logo":{"@type":"ImageObject","inLanguage":"pt-BR","@id":"https:\/\/bahiaeconomica.com.br\/wp\/#\/schema\/logo\/image\/","url":"https:\/\/bahiaeconomica.com.br\/wp\/wp-content\/uploads\/2020\/12\/cropped-BE.png","contentUrl":"https:\/\/bahiaeconomica.com.br\/wp\/wp-content\/uploads\/2020\/12\/cropped-BE.png","width":512,"height":512,"caption":"Bahia Econ\u00f4mica"},"image":{"@id":"https:\/\/bahiaeconomica.com.br\/wp\/#\/schema\/logo\/image\/"},"sameAs":["https:\/\/www.facebook.com\/bahiaeconomica"]},{"@type":"Person","@id":"https:\/\/bahiaeconomica.com.br\/wp\/#\/schema\/person\/b719ce0fb1c09f3c7a00d9243ced4a6f","name":"VICTORIA ISABEL","sameAs":["http:\/\/www.bahiaeconomica.com.br"],"url":"https:\/\/bahiaeconomica.com.br\/wp\/author\/victoria-isabel\/"}]}},"views":3,"_links":{"self":[{"href":"https:\/\/bahiaeconomica.com.br\/wp\/wp-json\/wp\/v2\/posts\/1021234"}],"collection":[{"href":"https:\/\/bahiaeconomica.com.br\/wp\/wp-json\/wp\/v2\/posts"}],"about":[{"href":"https:\/\/bahiaeconomica.com.br\/wp\/wp-json\/wp\/v2\/types\/post"}],"author":[{"embeddable":true,"href":"https:\/\/bahiaeconomica.com.br\/wp\/wp-json\/wp\/v2\/users\/15"}],"replies":[{"embeddable":true,"href":"https:\/\/bahiaeconomica.com.br\/wp\/wp-json\/wp\/v2\/comments?post=1021234"}],"version-history":[{"count":1,"href":"https:\/\/bahiaeconomica.com.br\/wp\/wp-json\/wp\/v2\/posts\/1021234\/revisions"}],"predecessor-version":[{"id":1021245,"href":"https:\/\/bahiaeconomica.com.br\/wp\/wp-json\/wp\/v2\/posts\/1021234\/revisions\/1021245"}],"wp:featuredmedia":[{"embeddable":true,"href":"https:\/\/bahiaeconomica.com.br\/wp\/wp-json\/wp\/v2\/media\/1021238"}],"wp:attachment":[{"href":"https:\/\/bahiaeconomica.com.br\/wp\/wp-json\/wp\/v2\/media?parent=1021234"}],"wp:term":[{"taxonomy":"category","embeddable":true,"href":"https:\/\/bahiaeconomica.com.br\/wp\/wp-json\/wp\/v2\/categories?post=1021234"},{"taxonomy":"post_tag","embeddable":true,"href":"https:\/\/bahiaeconomica.com.br\/wp\/wp-json\/wp\/v2\/tags?post=1021234"}],"curies":[{"name":"wp","href":"https:\/\/api.w.org\/{rel}","templated":true}]}}