{"id":1021194,"date":"2026-08-31T17:29:48","date_gmt":"2026-08-31T20:29:48","guid":{"rendered":"https:\/\/bahiaeconomica.com.br\/wp\/?p=1021194"},"modified":"2026-08-31T17:29:48","modified_gmt":"2026-08-31T20:29:48","slug":"nutricao-e-aliada-para-envelhecer-com-saude-e-autonomia","status":"publish","type":"post","link":"https:\/\/bahiaeconomica.com.br\/wp\/2026\/08\/31\/nutricao-e-aliada-para-envelhecer-com-saude-e-autonomia\/","title":{"rendered":"NUTRI\u00c7\u00c3O \u00c9 ALIADA PARA ENVELHECER COM SA\u00daDE E AUTONOMIA"},"content":{"rendered":"<p>O aumento da expectativa de vida da popula\u00e7\u00e3o brasileira trouxe um novo desafio para a \u00e1rea da sa\u00fade: n\u00e3o basta viver mais, \u00e9 preciso garantir que os anos adicionais sejam acompanhados de qualidade de vida. Dados do Instituto Brasileiro de Geografia e Estat\u00edstica (IBGE) indicam que a expectativa de vida no pa\u00eds est\u00e1 pr\u00f3xima dos 76 anos.<\/p>\n<p>Apesar dos avan\u00e7os na medicina e das melhores condi\u00e7\u00f5es de vida, o envelhecimento tamb\u00e9m pode ser acompanhado por um per\u00edodo prolongado de doen\u00e7as e limita\u00e7\u00f5es. Um estudo publicado na revista cient\u00edfica The Lancet Public Health, que avaliou informa\u00e7\u00f5es de 204 pa\u00edses e territ\u00f3rios entre 1990 e 2023, colocou o Brasil na 16\u00aa posi\u00e7\u00e3o entre os pa\u00edses com maior n\u00famero de anos vividos em condi\u00e7\u00f5es inadequadas de sa\u00fade. A m\u00e9dia brasileira \u00e9 de 12,5 anos convivendo com doen\u00e7as ou limita\u00e7\u00f5es funcionais.<\/p>\n<p>Para o nutricionista Paulo Telles, da Cl\u00ednica SiM, a preven\u00e7\u00e3o ao longo da vida pode fazer diferen\u00e7a nesse cen\u00e1rio. Segundo o especialista, problemas de sa\u00fade que aparecem na idade adulta ou na velhice podem estar associados ao conjunto de h\u00e1bitos mantidos durante muitos anos.<\/p>\n<p><strong>Alimenta\u00e7\u00e3o e doen\u00e7as cr\u00f4nicas<\/strong><\/p>\n<p>Diabetes, hipertens\u00e3o, doen\u00e7as cardiovasculares e problemas relacionados \u00e0 mobilidade est\u00e3o entre as condi\u00e7\u00f5es que podem comprometer a qualidade do envelhecimento. Nesse contexto, a alimenta\u00e7\u00e3o ocupa um papel importante na preven\u00e7\u00e3o e no controle de fatores de risco.<\/p>\n<p>O consumo frequente de alimentos ultraprocessados, especialmente aqueles com excesso de a\u00e7\u00facar, s\u00f3dio e gorduras, pode contribuir para uma alimenta\u00e7\u00e3o de baixa qualidade nutricional. Em contrapartida, uma rotina alimentar baseada em alimentos in natura ou minimamente processados fornece fibras, vitaminas, minerais e outros nutrientes importantes para o funcionamento do organismo.<\/p>\n<p>Segundo Telles, a nutri\u00e7\u00e3o cl\u00ednica pode contribuir para que o aumento da longevidade seja acompanhado pela preserva\u00e7\u00e3o da vitalidade e da independ\u00eancia. O acompanhamento individualizado tamb\u00e9m permite identificar poss\u00edveis defici\u00eancias nutricionais e adequar a alimenta\u00e7\u00e3o \u00e0s necessidades de cada fase da vida.<\/p>\n<p>Entre os pontos que merecem aten\u00e7\u00e3o est\u00e1 o consumo adequado de prote\u00ednas, especialmente diante da perda natural de massa muscular associada ao envelhecimento. A manuten\u00e7\u00e3o da musculatura \u00e9 importante para a for\u00e7a, o equil\u00edbrio e a capacidade de realizar atividades cotidianas.<\/p>\n<p>A sa\u00fade intestinal tamb\u00e9m deve ser considerada, assim como a ingest\u00e3o adequada de nutrientes essenciais para o funcionamento do organismo.<\/p>\n<p><strong>Preven\u00e7\u00e3o come\u00e7a antes da velhice<\/strong><\/p>\n<p>A constru\u00e7\u00e3o de um envelhecimento saud\u00e1vel n\u00e3o depende de mudan\u00e7as feitas apenas na terceira idade. Quanto mais cedo h\u00e1bitos equilibrados s\u00e3o incorporados \u00e0 rotina, maiores s\u00e3o as oportunidades de preservar a sa\u00fade ao longo dos anos.<\/p>\n<p>Al\u00e9m da alimenta\u00e7\u00e3o, a pr\u00e1tica regular de atividade f\u00edsica e a qualidade do sono s\u00e3o considerados componentes importantes de um estilo de vida saud\u00e1vel. A combina\u00e7\u00e3o desses fatores pode ajudar na manuten\u00e7\u00e3o da capacidade funcional e da autonomia.<\/p>\n<p>Para o especialista, a estrat\u00e9gia deve priorizar mudan\u00e7as poss\u00edveis de serem mantidas a longo prazo, em vez de dietas extremamente restritivas ou medidas dif\u00edceis de incorporar \u00e0 rotina.<\/p>\n<p>Com o crescimento da popula\u00e7\u00e3o idosa, a discuss\u00e3o sobre longevidade passa, cada vez mais, pela necessidade de ampliar n\u00e3o apenas os anos de vida, mas tamb\u00e9m o per\u00edodo vivido com independ\u00eancia, disposi\u00e7\u00e3o e bem-estar. Nesse cen\u00e1rio, a alimenta\u00e7\u00e3o equilibrada se apresenta como uma das ferramentas de preven\u00e7\u00e3o que podem ser adotadas ao longo de toda a vida.<\/p>\n<p>Foto: Divulga\u00e7\u00e3o<\/p>\n","protected":false},"excerpt":{"rendered":"<p>O aumento da expectativa de vida da popula\u00e7\u00e3o brasileira trouxe um novo desafio para a \u00e1rea da sa\u00fade: n\u00e3o basta viver mais, \u00e9 preciso garantir que os anos adicionais sejam acompanhados de qualidade de vida. Dados do Instituto Brasileiro de Geografia e Estat\u00edstica (IBGE) indicam que a expectativa de vida no pa\u00eds est\u00e1 pr\u00f3xima dos [&hellip;]<\/p>\n","protected":false},"author":24,"featured_media":1021195,"comment_status":"closed","ping_status":"closed","sticky":false,"template":"","format":"standard","meta":[],"categories":[21],"tags":[11114,1948,2386],"acf":[],"yoast_head":"<!-- This site is optimized with the Yoast SEO plugin v20.8 - https:\/\/yoast.com\/wordpress\/plugins\/seo\/ -->\n<title>NUTRI\u00c7\u00c3O \u00c9 ALIADA PARA ENVELHECER COM SA\u00daDE E AUTONOMIA - Bahia Economica O aumento da expectativa de vida da popula\u00e7\u00e3o brasileira trouxe um novo desafio para a \u00e1rea da sa\u00fade: n\u00e3o basta viver mais, \u00e9 preciso garantir que os anos adicionais sejam acompanhados de qualidade de vida.<\/title>\n<meta name=\"description\" content=\"O maior portal de Economia da Bahia Sa\u00fade \/ Educa\u00e7\u00e3o Bahia Economica O aumento da expectativa de vida da popula\u00e7\u00e3o brasileira trouxe um novo desafio para a \u00e1rea da sa\u00fade: n\u00e3o basta viver mais, \u00e9 preciso garantir que os anos adicionais sejam acompanhados de qualidade de vida.\" \/>\n<meta name=\"robots\" content=\"index, follow, max-snippet:-1, max-image-preview:large, max-video-preview:-1\" \/>\n<link rel=\"canonical\" href=\"https:\/\/bahiaeconomica.com.br\/wp\/2026\/08\/31\/nutricao-e-aliada-para-envelhecer-com-saude-e-autonomia\/\" \/>\n<meta property=\"og:locale\" content=\"pt_BR\" \/>\n<meta property=\"og:type\" content=\"article\" \/>\n<meta property=\"og:title\" content=\"NUTRI\u00c7\u00c3O \u00c9 ALIADA PARA ENVELHECER COM SA\u00daDE E AUTONOMIA - Bahia Economica O aumento da expectativa de vida da popula\u00e7\u00e3o brasileira trouxe um novo desafio para a \u00e1rea da sa\u00fade: n\u00e3o basta viver mais, \u00e9 preciso garantir que os anos adicionais sejam acompanhados de qualidade de vida.\" \/>\n<meta property=\"og:description\" content=\"O maior portal de Economia da Bahia Sa\u00fade \/ Educa\u00e7\u00e3o Bahia Economica O aumento da expectativa de vida da popula\u00e7\u00e3o brasileira trouxe um novo desafio para a \u00e1rea da sa\u00fade: n\u00e3o basta viver mais, \u00e9 preciso garantir que os anos adicionais sejam acompanhados de qualidade de vida.\" \/>\n<meta property=\"og:url\" content=\"https:\/\/bahiaeconomica.com.br\/wp\/2026\/08\/31\/nutricao-e-aliada-para-envelhecer-com-saude-e-autonomia\/\" \/>\n<meta property=\"og:site_name\" content=\"Bahia Economica\" \/>\n<meta property=\"article:publisher\" content=\"https:\/\/www.facebook.com\/bahiaeconomica\" \/>\n<meta property=\"article:published_time\" content=\"2026-08-31T20:29:48+00:00\" \/>\n<meta property=\"og:image\" content=\"https:\/\/bahiaeconomica.com.br\/wp\/wp-content\/uploads\/2026\/08\/WhatsApp-Image-2026-08-31-at-16.27.17.jpeg\" \/>\n\t<meta property=\"og:image:width\" content=\"1600\" \/>\n\t<meta property=\"og:image:height\" content=\"900\" \/>\n\t<meta property=\"og:image:type\" content=\"image\/jpeg\" \/>\n<meta name=\"author\" content=\"VICTOR OLIVEIRA\" \/>\n<meta name=\"twitter:card\" content=\"summary_large_image\" \/>\n<meta name=\"twitter:label1\" content=\"Escrito por\" \/>\n\t<meta name=\"twitter:data1\" content=\"VICTOR OLIVEIRA\" \/>\n\t<meta name=\"twitter:label2\" content=\"Est. tempo de leitura\" \/>\n\t<meta name=\"twitter:data2\" content=\"3 minutos\" \/>\n<script type=\"application\/ld+json\" class=\"yoast-schema-graph\">{\"@context\":\"https:\/\/schema.org\",\"@graph\":[{\"@type\":\"Article\",\"@id\":\"https:\/\/bahiaeconomica.com.br\/wp\/2026\/08\/31\/nutricao-e-aliada-para-envelhecer-com-saude-e-autonomia\/#article\",\"isPartOf\":{\"@id\":\"https:\/\/bahiaeconomica.com.br\/wp\/2026\/08\/31\/nutricao-e-aliada-para-envelhecer-com-saude-e-autonomia\/\"},\"author\":{\"name\":\"VICTOR OLIVEIRA\",\"@id\":\"https:\/\/bahiaeconomica.com.br\/wp\/#\/schema\/person\/a17956d0e1112b626f403fb06b8129a9\"},\"headline\":\"NUTRI\u00c7\u00c3O \u00c9 ALIADA PARA ENVELHECER COM SA\u00daDE E AUTONOMIA\",\"datePublished\":\"2026-08-31T20:29:48+00:00\",\"dateModified\":\"2026-08-31T20:29:48+00:00\",\"mainEntityOfPage\":{\"@id\":\"https:\/\/bahiaeconomica.com.br\/wp\/2026\/08\/31\/nutricao-e-aliada-para-envelhecer-com-saude-e-autonomia\/\"},\"wordCount\":630,\"publisher\":{\"@id\":\"https:\/\/bahiaeconomica.com.br\/wp\/#organization\"},\"keywords\":[\"nutricao\",\"populacao\",\"vida\"],\"articleSection\":[\"Sa\u00fade \/ Educa\u00e7\u00e3o\"],\"inLanguage\":\"pt-BR\"},{\"@type\":\"WebPage\",\"@id\":\"https:\/\/bahiaeconomica.com.br\/wp\/2026\/08\/31\/nutricao-e-aliada-para-envelhecer-com-saude-e-autonomia\/\",\"url\":\"https:\/\/bahiaeconomica.com.br\/wp\/2026\/08\/31\/nutricao-e-aliada-para-envelhecer-com-saude-e-autonomia\/\",\"name\":\"NUTRI\u00c7\u00c3O \u00c9 ALIADA PARA ENVELHECER COM SA\u00daDE E AUTONOMIA - Bahia Economica O aumento da expectativa de vida da popula\u00e7\u00e3o brasileira trouxe um novo desafio para a \u00e1rea da sa\u00fade: n\u00e3o basta viver mais, \u00e9 preciso garantir que os anos adicionais sejam acompanhados de qualidade de vida.\",\"isPartOf\":{\"@id\":\"https:\/\/bahiaeconomica.com.br\/wp\/#website\"},\"datePublished\":\"2026-08-31T20:29:48+00:00\",\"dateModified\":\"2026-08-31T20:29:48+00:00\",\"description\":\"O maior portal de Economia da Bahia Sa\u00fade \/ Educa\u00e7\u00e3o Bahia Economica O aumento da expectativa de vida da popula\u00e7\u00e3o brasileira trouxe um novo desafio para a \u00e1rea da sa\u00fade: n\u00e3o basta viver mais, \u00e9 preciso garantir que os anos adicionais sejam acompanhados de qualidade de vida.\",\"breadcrumb\":{\"@id\":\"https:\/\/bahiaeconomica.com.br\/wp\/2026\/08\/31\/nutricao-e-aliada-para-envelhecer-com-saude-e-autonomia\/#breadcrumb\"},\"inLanguage\":\"pt-BR\",\"potentialAction\":[{\"@type\":\"ReadAction\",\"target\":[\"https:\/\/bahiaeconomica.com.br\/wp\/2026\/08\/31\/nutricao-e-aliada-para-envelhecer-com-saude-e-autonomia\/\"]}]},{\"@type\":\"BreadcrumbList\",\"@id\":\"https:\/\/bahiaeconomica.com.br\/wp\/2026\/08\/31\/nutricao-e-aliada-para-envelhecer-com-saude-e-autonomia\/#breadcrumb\",\"itemListElement\":[{\"@type\":\"ListItem\",\"position\":1,\"name\":\"In\u00edcio\",\"item\":\"https:\/\/bahiaeconomica.com.br\/wp\/\"},{\"@type\":\"ListItem\",\"position\":2,\"name\":\"NUTRI\u00c7\u00c3O \u00c9 ALIADA PARA ENVELHECER COM SA\u00daDE E AUTONOMIA\"}]},{\"@type\":\"WebSite\",\"@id\":\"https:\/\/bahiaeconomica.com.br\/wp\/#website\",\"url\":\"https:\/\/bahiaeconomica.com.br\/wp\/\",\"name\":\"Bahia Economica\",\"description\":\"O maior portal de Economia da Bahia\",\"publisher\":{\"@id\":\"https:\/\/bahiaeconomica.com.br\/wp\/#organization\"},\"potentialAction\":[{\"@type\":\"SearchAction\",\"target\":{\"@type\":\"EntryPoint\",\"urlTemplate\":\"https:\/\/bahiaeconomica.com.br\/wp\/?s={search_term_string}\"},\"query-input\":\"required name=search_term_string\"}],\"inLanguage\":\"pt-BR\"},{\"@type\":\"Organization\",\"@id\":\"https:\/\/bahiaeconomica.com.br\/wp\/#organization\",\"name\":\"Bahia Econ\u00f4mica\",\"url\":\"https:\/\/bahiaeconomica.com.br\/wp\/\",\"logo\":{\"@type\":\"ImageObject\",\"inLanguage\":\"pt-BR\",\"@id\":\"https:\/\/bahiaeconomica.com.br\/wp\/#\/schema\/logo\/image\/\",\"url\":\"https:\/\/bahiaeconomica.com.br\/wp\/wp-content\/uploads\/2020\/12\/cropped-BE.png\",\"contentUrl\":\"https:\/\/bahiaeconomica.com.br\/wp\/wp-content\/uploads\/2020\/12\/cropped-BE.png\",\"width\":512,\"height\":512,\"caption\":\"Bahia Econ\u00f4mica\"},\"image\":{\"@id\":\"https:\/\/bahiaeconomica.com.br\/wp\/#\/schema\/logo\/image\/\"},\"sameAs\":[\"https:\/\/www.facebook.com\/bahiaeconomica\"]},{\"@type\":\"Person\",\"@id\":\"https:\/\/bahiaeconomica.com.br\/wp\/#\/schema\/person\/a17956d0e1112b626f403fb06b8129a9\",\"name\":\"VICTOR OLIVEIRA\",\"sameAs\":[\"http:\/\/www.bahiaeconomica.com.br\"],\"url\":\"https:\/\/bahiaeconomica.com.br\/wp\/author\/victor-oliveira\/\"}]}<\/script>\n<!-- \/ Yoast SEO plugin. -->","yoast_head_json":{"title":"NUTRI\u00c7\u00c3O \u00c9 ALIADA PARA ENVELHECER COM SA\u00daDE E AUTONOMIA - Bahia Economica O aumento da expectativa de vida da popula\u00e7\u00e3o brasileira trouxe um novo desafio para a \u00e1rea da sa\u00fade: n\u00e3o basta viver mais, \u00e9 preciso garantir que os anos adicionais sejam acompanhados de qualidade de vida.","description":"O maior portal de Economia da Bahia Sa\u00fade \/ Educa\u00e7\u00e3o Bahia Economica O aumento da expectativa de vida da popula\u00e7\u00e3o brasileira trouxe um novo desafio para a \u00e1rea da sa\u00fade: n\u00e3o basta viver mais, \u00e9 preciso garantir que os anos adicionais sejam acompanhados de qualidade de vida.","robots":{"index":"index","follow":"follow","max-snippet":"max-snippet:-1","max-image-preview":"max-image-preview:large","max-video-preview":"max-video-preview:-1"},"canonical":"https:\/\/bahiaeconomica.com.br\/wp\/2026\/08\/31\/nutricao-e-aliada-para-envelhecer-com-saude-e-autonomia\/","og_locale":"pt_BR","og_type":"article","og_title":"NUTRI\u00c7\u00c3O \u00c9 ALIADA PARA ENVELHECER COM SA\u00daDE E AUTONOMIA - Bahia Economica O aumento da expectativa de vida da popula\u00e7\u00e3o brasileira trouxe um novo desafio para a \u00e1rea da sa\u00fade: n\u00e3o basta viver mais, \u00e9 preciso garantir que os anos adicionais sejam acompanhados de qualidade de vida.","og_description":"O maior portal de Economia da Bahia Sa\u00fade \/ Educa\u00e7\u00e3o Bahia Economica O aumento da expectativa de vida da popula\u00e7\u00e3o brasileira trouxe um novo desafio para a \u00e1rea da sa\u00fade: n\u00e3o basta viver mais, \u00e9 preciso garantir que os anos adicionais sejam acompanhados de qualidade de vida.","og_url":"https:\/\/bahiaeconomica.com.br\/wp\/2026\/08\/31\/nutricao-e-aliada-para-envelhecer-com-saude-e-autonomia\/","og_site_name":"Bahia Economica","article_publisher":"https:\/\/www.facebook.com\/bahiaeconomica","article_published_time":"2026-08-31T20:29:48+00:00","og_image":[{"width":1600,"height":900,"url":"https:\/\/bahiaeconomica.com.br\/wp\/wp-content\/uploads\/2026\/08\/WhatsApp-Image-2026-08-31-at-16.27.17.jpeg","type":"image\/jpeg"}],"author":"VICTOR OLIVEIRA","twitter_card":"summary_large_image","twitter_misc":{"Escrito por":"VICTOR OLIVEIRA","Est. tempo de leitura":"3 minutos"},"schema":{"@context":"https:\/\/schema.org","@graph":[{"@type":"Article","@id":"https:\/\/bahiaeconomica.com.br\/wp\/2026\/08\/31\/nutricao-e-aliada-para-envelhecer-com-saude-e-autonomia\/#article","isPartOf":{"@id":"https:\/\/bahiaeconomica.com.br\/wp\/2026\/08\/31\/nutricao-e-aliada-para-envelhecer-com-saude-e-autonomia\/"},"author":{"name":"VICTOR OLIVEIRA","@id":"https:\/\/bahiaeconomica.com.br\/wp\/#\/schema\/person\/a17956d0e1112b626f403fb06b8129a9"},"headline":"NUTRI\u00c7\u00c3O \u00c9 ALIADA PARA ENVELHECER COM SA\u00daDE E AUTONOMIA","datePublished":"2026-08-31T20:29:48+00:00","dateModified":"2026-08-31T20:29:48+00:00","mainEntityOfPage":{"@id":"https:\/\/bahiaeconomica.com.br\/wp\/2026\/08\/31\/nutricao-e-aliada-para-envelhecer-com-saude-e-autonomia\/"},"wordCount":630,"publisher":{"@id":"https:\/\/bahiaeconomica.com.br\/wp\/#organization"},"keywords":["nutricao","populacao","vida"],"articleSection":["Sa\u00fade \/ Educa\u00e7\u00e3o"],"inLanguage":"pt-BR"},{"@type":"WebPage","@id":"https:\/\/bahiaeconomica.com.br\/wp\/2026\/08\/31\/nutricao-e-aliada-para-envelhecer-com-saude-e-autonomia\/","url":"https:\/\/bahiaeconomica.com.br\/wp\/2026\/08\/31\/nutricao-e-aliada-para-envelhecer-com-saude-e-autonomia\/","name":"NUTRI\u00c7\u00c3O \u00c9 ALIADA PARA ENVELHECER COM SA\u00daDE E AUTONOMIA - Bahia Economica O aumento da expectativa de vida da popula\u00e7\u00e3o brasileira trouxe um novo desafio para a \u00e1rea da sa\u00fade: n\u00e3o basta viver mais, \u00e9 preciso garantir que os anos adicionais sejam acompanhados de qualidade de vida.","isPartOf":{"@id":"https:\/\/bahiaeconomica.com.br\/wp\/#website"},"datePublished":"2026-08-31T20:29:48+00:00","dateModified":"2026-08-31T20:29:48+00:00","description":"O maior portal de Economia da Bahia Sa\u00fade \/ Educa\u00e7\u00e3o Bahia Economica O aumento da expectativa de vida da popula\u00e7\u00e3o brasileira trouxe um novo desafio para a \u00e1rea da sa\u00fade: n\u00e3o basta viver mais, \u00e9 preciso garantir que os anos adicionais sejam acompanhados de qualidade de vida.","breadcrumb":{"@id":"https:\/\/bahiaeconomica.com.br\/wp\/2026\/08\/31\/nutricao-e-aliada-para-envelhecer-com-saude-e-autonomia\/#breadcrumb"},"inLanguage":"pt-BR","potentialAction":[{"@type":"ReadAction","target":["https:\/\/bahiaeconomica.com.br\/wp\/2026\/08\/31\/nutricao-e-aliada-para-envelhecer-com-saude-e-autonomia\/"]}]},{"@type":"BreadcrumbList","@id":"https:\/\/bahiaeconomica.com.br\/wp\/2026\/08\/31\/nutricao-e-aliada-para-envelhecer-com-saude-e-autonomia\/#breadcrumb","itemListElement":[{"@type":"ListItem","position":1,"name":"In\u00edcio","item":"https:\/\/bahiaeconomica.com.br\/wp\/"},{"@type":"ListItem","position":2,"name":"NUTRI\u00c7\u00c3O \u00c9 ALIADA PARA ENVELHECER COM SA\u00daDE E AUTONOMIA"}]},{"@type":"WebSite","@id":"https:\/\/bahiaeconomica.com.br\/wp\/#website","url":"https:\/\/bahiaeconomica.com.br\/wp\/","name":"Bahia Economica","description":"O maior portal de Economia da Bahia","publisher":{"@id":"https:\/\/bahiaeconomica.com.br\/wp\/#organization"},"potentialAction":[{"@type":"SearchAction","target":{"@type":"EntryPoint","urlTemplate":"https:\/\/bahiaeconomica.com.br\/wp\/?s={search_term_string}"},"query-input":"required name=search_term_string"}],"inLanguage":"pt-BR"},{"@type":"Organization","@id":"https:\/\/bahiaeconomica.com.br\/wp\/#organization","name":"Bahia Econ\u00f4mica","url":"https:\/\/bahiaeconomica.com.br\/wp\/","logo":{"@type":"ImageObject","inLanguage":"pt-BR","@id":"https:\/\/bahiaeconomica.com.br\/wp\/#\/schema\/logo\/image\/","url":"https:\/\/bahiaeconomica.com.br\/wp\/wp-content\/uploads\/2020\/12\/cropped-BE.png","contentUrl":"https:\/\/bahiaeconomica.com.br\/wp\/wp-content\/uploads\/2020\/12\/cropped-BE.png","width":512,"height":512,"caption":"Bahia Econ\u00f4mica"},"image":{"@id":"https:\/\/bahiaeconomica.com.br\/wp\/#\/schema\/logo\/image\/"},"sameAs":["https:\/\/www.facebook.com\/bahiaeconomica"]},{"@type":"Person","@id":"https:\/\/bahiaeconomica.com.br\/wp\/#\/schema\/person\/a17956d0e1112b626f403fb06b8129a9","name":"VICTOR OLIVEIRA","sameAs":["http:\/\/www.bahiaeconomica.com.br"],"url":"https:\/\/bahiaeconomica.com.br\/wp\/author\/victor-oliveira\/"}]}},"views":6,"_links":{"self":[{"href":"https:\/\/bahiaeconomica.com.br\/wp\/wp-json\/wp\/v2\/posts\/1021194"}],"collection":[{"href":"https:\/\/bahiaeconomica.com.br\/wp\/wp-json\/wp\/v2\/posts"}],"about":[{"href":"https:\/\/bahiaeconomica.com.br\/wp\/wp-json\/wp\/v2\/types\/post"}],"author":[{"embeddable":true,"href":"https:\/\/bahiaeconomica.com.br\/wp\/wp-json\/wp\/v2\/users\/24"}],"replies":[{"embeddable":true,"href":"https:\/\/bahiaeconomica.com.br\/wp\/wp-json\/wp\/v2\/comments?post=1021194"}],"version-history":[{"count":1,"href":"https:\/\/bahiaeconomica.com.br\/wp\/wp-json\/wp\/v2\/posts\/1021194\/revisions"}],"predecessor-version":[{"id":1021198,"href":"https:\/\/bahiaeconomica.com.br\/wp\/wp-json\/wp\/v2\/posts\/1021194\/revisions\/1021198"}],"wp:featuredmedia":[{"embeddable":true,"href":"https:\/\/bahiaeconomica.com.br\/wp\/wp-json\/wp\/v2\/media\/1021195"}],"wp:attachment":[{"href":"https:\/\/bahiaeconomica.com.br\/wp\/wp-json\/wp\/v2\/media?parent=1021194"}],"wp:term":[{"taxonomy":"category","embeddable":true,"href":"https:\/\/bahiaeconomica.com.br\/wp\/wp-json\/wp\/v2\/categories?post=1021194"},{"taxonomy":"post_tag","embeddable":true,"href":"https:\/\/bahiaeconomica.com.br\/wp\/wp-json\/wp\/v2\/tags?post=1021194"}],"curies":[{"name":"wp","href":"https:\/\/api.w.org\/{rel}","templated":true}]}}