{"id":1021180,"date":"2026-08-31T16:55:23","date_gmt":"2026-08-31T19:55:23","guid":{"rendered":"https:\/\/bahiaeconomica.com.br\/wp\/?p=1021180"},"modified":"2026-08-31T17:23:30","modified_gmt":"2026-08-31T20:23:30","slug":"oportunidade-para-o-terceiro-setor-iniciativa-busca-nova-sorganizacoe-sociais-no-oeste-da-bahia","status":"publish","type":"post","link":"https:\/\/bahiaeconomica.com.br\/wp\/2026\/08\/31\/oportunidade-para-o-terceiro-setor-iniciativa-busca-nova-sorganizacoe-sociais-no-oeste-da-bahia\/","title":{"rendered":"OPORTUNIDADE PARA O TERCEIRO SETOR: INICIATIVA BUSCA NOVAS ORGANIZA\u00c7\u00d5ES SOCIAIS NO OESTE DA BAHIA"},"content":{"rendered":"<p>Com a miss\u00e3o de fortalecer a atua\u00e7\u00e3o das Organiza\u00e7\u00f5es da Sociedade Civil (OSCs) que trabalham com as \u00e1reas de sa\u00fade e de atendimento \u00e0s mulheres e pessoas em situa\u00e7\u00e3o de vulnerabilidade, o Instituto Sabin, organiza\u00e7\u00e3o respons\u00e1vel pelo investimento social privado do Grupo Sabin, busca institui\u00e7\u00f5es do terceiro setor para integrar a plataforma Comunidade Sa\u00fade+ nas cidades de Barreiras e Lu\u00eds Eduardo Magalh\u00e3es, no Oeste da Bahia. As entidades interessadas podem se inscrever no site at\u00e9 o dia 2 de setembro:<a href=\"https:\/\/saudemais.org.br\/comunidade\/plataforma-2026\/\"> https:\/\/saudemais.org.br\/comunidade\/plataforma-2026\/<\/a>.<\/p>\n<p>A iniciativa tem como objetivo ampliar o impacto social das organiza\u00e7\u00f5es em seus territ\u00f3rios. \u201cAo ampliar a atua\u00e7\u00e3o do Comunidade Sa\u00fade+, queremos apoiar ainda mais as OSCs com o fortalecimento da gest\u00e3o, promover a troca de experi\u00eancias entre lideran\u00e7as e, acima de tudo, construir uma rede colaborativa, contribuindo para a melhoria da qualidade de vida das pessoas atendidas diretamente e, consequentemente, toda a comunidade onde os projetos est\u00e3o inseridos\u201d, afirma o gerente-executivo do Instituto Sabin, Gabriel Cardoso.<\/p>\n<p>Ele destaca ainda que as organiza\u00e7\u00f5es participantes da plataforma t\u00eam acesso a diversos projetos do Instituto Sabin, como a\u00e7\u00f5es que mobilizam o voluntariado do Grupo Sabin, composto por 3.592 colaboradores, al\u00e9m de ingressar em iniciativas de Promo\u00e7\u00e3o da Sa\u00fade Integral e do Bem-Estar de Pessoas em Vulnerabilidade, com acesso a exames e programas de sa\u00fade integral para os benefici\u00e1rios das entidades.<\/p>\n<p>As institui\u00e7\u00f5es tamb\u00e9m passam a integrar uma comunidade de organiza\u00e7\u00f5es sociais que participam de capacita\u00e7\u00f5es nas \u00e1reas de gest\u00e3o financeira, lideran\u00e7a e desenvolvimento institucional, conectando-se ao ecossistema de impacto do Brasil, entre outras oportunidades, a exemplo de acesso aos conte\u00fados oferecidos pela Plataforma Conjunta.<\/p>\n<p>Para participar do Comunidade Sa\u00fade+, as OSCs precisam ter, pelos menos, 2 anos de CNPJ ativo, desenvolver a\u00e7\u00f5es voltadas \u00e0s mulheres, \u00e0 sa\u00fade ou \u00e0 vulnerabilidade social e atuar, preferencialmente, em cidades onde o Sabin Diagn\u00f3stico e Sa\u00fade est\u00e1 presente. Al\u00e9m de Barreiras e Lu\u00eds Eduardo Magalh\u00e3es, a empresa tem unidades em Salvador, Cama\u00e7ari, Lauro de Freitas e Santo Ant\u00f4nio de Jesus. Ter\u00e3o prioridade institui\u00e7\u00f5es com faturamento anual de at\u00e9 R$ 5 milh\u00f5es.<\/p>\n<p>&nbsp;<\/p>\n<p>Foto: Acervo Sabin<\/p>\n","protected":false},"excerpt":{"rendered":"<p>Com a miss\u00e3o de fortalecer a atua\u00e7\u00e3o das Organiza\u00e7\u00f5es da Sociedade Civil (OSCs) que trabalham com as \u00e1reas de sa\u00fade e de atendimento \u00e0s mulheres e pessoas em situa\u00e7\u00e3o de vulnerabilidade, o Instituto Sabin, organiza\u00e7\u00e3o respons\u00e1vel pelo investimento social privado do Grupo Sabin, busca institui\u00e7\u00f5es do terceiro setor para integrar a plataforma Comunidade Sa\u00fade+ nas [&hellip;]<\/p>\n","protected":false},"author":22,"featured_media":1021181,"comment_status":"closed","ping_status":"closed","sticky":false,"template":"","format":"standard","meta":[],"categories":[5],"tags":[],"acf":[],"yoast_head":"<!-- This site is optimized with the Yoast SEO plugin v20.8 - https:\/\/yoast.com\/wordpress\/plugins\/seo\/ -->\n<title>OPORTUNIDADE PARA O TERCEIRO SETOR: INICIATIVA BUSCA NOVAS ORGANIZA\u00c7\u00d5ES SOCIAIS NO OESTE DA BAHIA - Bahia Economica<\/title>\n<meta name=\"description\" content=\"O maior portal de Economia da Bahia MUNIC\u00cdPIOS Bahia Economica\" \/>\n<meta name=\"robots\" content=\"index, follow, max-snippet:-1, max-image-preview:large, max-video-preview:-1\" \/>\n<link rel=\"canonical\" href=\"https:\/\/bahiaeconomica.com.br\/wp\/2026\/08\/31\/oportunidade-para-o-terceiro-setor-iniciativa-busca-nova-sorganizacoe-sociais-no-oeste-da-bahia\/\" \/>\n<meta property=\"og:locale\" content=\"pt_BR\" \/>\n<meta property=\"og:type\" content=\"article\" \/>\n<meta property=\"og:title\" content=\"OPORTUNIDADE PARA O TERCEIRO SETOR: INICIATIVA BUSCA NOVAS ORGANIZA\u00c7\u00d5ES SOCIAIS NO OESTE DA BAHIA - Bahia Economica\" \/>\n<meta property=\"og:description\" content=\"O maior portal de Economia da Bahia MUNIC\u00cdPIOS Bahia Economica\" \/>\n<meta property=\"og:url\" content=\"https:\/\/bahiaeconomica.com.br\/wp\/2026\/08\/31\/oportunidade-para-o-terceiro-setor-iniciativa-busca-nova-sorganizacoe-sociais-no-oeste-da-bahia\/\" \/>\n<meta property=\"og:site_name\" content=\"Bahia Economica\" \/>\n<meta property=\"article:publisher\" content=\"https:\/\/www.facebook.com\/bahiaeconomica\" \/>\n<meta property=\"article:published_time\" content=\"2026-08-31T19:55:23+00:00\" \/>\n<meta property=\"article:modified_time\" content=\"2026-08-31T20:23:30+00:00\" \/>\n<meta property=\"og:image\" content=\"https:\/\/bahiaeconomica.com.br\/wp\/wp-content\/uploads\/2026\/08\/WhatsApp-Image-2026-08-31-at-16.53.15.jpeg\" \/>\n\t<meta property=\"og:image:width\" content=\"1600\" \/>\n\t<meta property=\"og:image:height\" content=\"1069\" \/>\n\t<meta property=\"og:image:type\" content=\"image\/jpeg\" \/>\n<meta name=\"author\" content=\"Matheus Souza\" \/>\n<meta name=\"twitter:card\" content=\"summary_large_image\" \/>\n<meta name=\"twitter:label1\" content=\"Escrito por\" \/>\n\t<meta name=\"twitter:data1\" content=\"Matheus Souza\" \/>\n\t<meta name=\"twitter:label2\" content=\"Est. tempo de leitura\" \/>\n\t<meta name=\"twitter:data2\" content=\"2 minutos\" \/>\n<script type=\"application\/ld+json\" class=\"yoast-schema-graph\">{\"@context\":\"https:\/\/schema.org\",\"@graph\":[{\"@type\":\"Article\",\"@id\":\"https:\/\/bahiaeconomica.com.br\/wp\/2026\/08\/31\/oportunidade-para-o-terceiro-setor-iniciativa-busca-nova-sorganizacoe-sociais-no-oeste-da-bahia\/#article\",\"isPartOf\":{\"@id\":\"https:\/\/bahiaeconomica.com.br\/wp\/2026\/08\/31\/oportunidade-para-o-terceiro-setor-iniciativa-busca-nova-sorganizacoe-sociais-no-oeste-da-bahia\/\"},\"author\":{\"name\":\"Matheus Souza\",\"@id\":\"https:\/\/bahiaeconomica.com.br\/wp\/#\/schema\/person\/3304d50cfd32353c7d08c39066638997\"},\"headline\":\"OPORTUNIDADE PARA O TERCEIRO SETOR: INICIATIVA BUSCA NOVAS ORGANIZA\u00c7\u00d5ES SOCIAIS NO OESTE DA BAHIA\",\"datePublished\":\"2026-08-31T19:55:23+00:00\",\"dateModified\":\"2026-08-31T20:23:30+00:00\",\"mainEntityOfPage\":{\"@id\":\"https:\/\/bahiaeconomica.com.br\/wp\/2026\/08\/31\/oportunidade-para-o-terceiro-setor-iniciativa-busca-nova-sorganizacoe-sociais-no-oeste-da-bahia\/\"},\"wordCount\":401,\"publisher\":{\"@id\":\"https:\/\/bahiaeconomica.com.br\/wp\/#organization\"},\"articleSection\":[\"MUNIC\u00cdPIOS\"],\"inLanguage\":\"pt-BR\"},{\"@type\":\"WebPage\",\"@id\":\"https:\/\/bahiaeconomica.com.br\/wp\/2026\/08\/31\/oportunidade-para-o-terceiro-setor-iniciativa-busca-nova-sorganizacoe-sociais-no-oeste-da-bahia\/\",\"url\":\"https:\/\/bahiaeconomica.com.br\/wp\/2026\/08\/31\/oportunidade-para-o-terceiro-setor-iniciativa-busca-nova-sorganizacoe-sociais-no-oeste-da-bahia\/\",\"name\":\"OPORTUNIDADE PARA O TERCEIRO SETOR: INICIATIVA BUSCA NOVAS ORGANIZA\u00c7\u00d5ES SOCIAIS NO OESTE DA BAHIA - Bahia Economica\",\"isPartOf\":{\"@id\":\"https:\/\/bahiaeconomica.com.br\/wp\/#website\"},\"datePublished\":\"2026-08-31T19:55:23+00:00\",\"dateModified\":\"2026-08-31T20:23:30+00:00\",\"description\":\"O maior portal de Economia da Bahia MUNIC\u00cdPIOS Bahia Economica\",\"breadcrumb\":{\"@id\":\"https:\/\/bahiaeconomica.com.br\/wp\/2026\/08\/31\/oportunidade-para-o-terceiro-setor-iniciativa-busca-nova-sorganizacoe-sociais-no-oeste-da-bahia\/#breadcrumb\"},\"inLanguage\":\"pt-BR\",\"potentialAction\":[{\"@type\":\"ReadAction\",\"target\":[\"https:\/\/bahiaeconomica.com.br\/wp\/2026\/08\/31\/oportunidade-para-o-terceiro-setor-iniciativa-busca-nova-sorganizacoe-sociais-no-oeste-da-bahia\/\"]}]},{\"@type\":\"BreadcrumbList\",\"@id\":\"https:\/\/bahiaeconomica.com.br\/wp\/2026\/08\/31\/oportunidade-para-o-terceiro-setor-iniciativa-busca-nova-sorganizacoe-sociais-no-oeste-da-bahia\/#breadcrumb\",\"itemListElement\":[{\"@type\":\"ListItem\",\"position\":1,\"name\":\"In\u00edcio\",\"item\":\"https:\/\/bahiaeconomica.com.br\/wp\/\"},{\"@type\":\"ListItem\",\"position\":2,\"name\":\"OPORTUNIDADE PARA O TERCEIRO SETOR: INICIATIVA BUSCA NOVAS ORGANIZA\u00c7\u00d5ES SOCIAIS NO OESTE DA BAHIA\"}]},{\"@type\":\"WebSite\",\"@id\":\"https:\/\/bahiaeconomica.com.br\/wp\/#website\",\"url\":\"https:\/\/bahiaeconomica.com.br\/wp\/\",\"name\":\"Bahia Economica\",\"description\":\"O maior portal de Economia da Bahia\",\"publisher\":{\"@id\":\"https:\/\/bahiaeconomica.com.br\/wp\/#organization\"},\"potentialAction\":[{\"@type\":\"SearchAction\",\"target\":{\"@type\":\"EntryPoint\",\"urlTemplate\":\"https:\/\/bahiaeconomica.com.br\/wp\/?s={search_term_string}\"},\"query-input\":\"required name=search_term_string\"}],\"inLanguage\":\"pt-BR\"},{\"@type\":\"Organization\",\"@id\":\"https:\/\/bahiaeconomica.com.br\/wp\/#organization\",\"name\":\"Bahia Econ\u00f4mica\",\"url\":\"https:\/\/bahiaeconomica.com.br\/wp\/\",\"logo\":{\"@type\":\"ImageObject\",\"inLanguage\":\"pt-BR\",\"@id\":\"https:\/\/bahiaeconomica.com.br\/wp\/#\/schema\/logo\/image\/\",\"url\":\"https:\/\/bahiaeconomica.com.br\/wp\/wp-content\/uploads\/2020\/12\/cropped-BE.png\",\"contentUrl\":\"https:\/\/bahiaeconomica.com.br\/wp\/wp-content\/uploads\/2020\/12\/cropped-BE.png\",\"width\":512,\"height\":512,\"caption\":\"Bahia Econ\u00f4mica\"},\"image\":{\"@id\":\"https:\/\/bahiaeconomica.com.br\/wp\/#\/schema\/logo\/image\/\"},\"sameAs\":[\"https:\/\/www.facebook.com\/bahiaeconomica\"]},{\"@type\":\"Person\",\"@id\":\"https:\/\/bahiaeconomica.com.br\/wp\/#\/schema\/person\/3304d50cfd32353c7d08c39066638997\",\"name\":\"Matheus Souza\",\"sameAs\":[\"http:\/\/www.bahiaeconomica.com.br\"],\"url\":\"https:\/\/bahiaeconomica.com.br\/wp\/author\/matheus-souza\/\"}]}<\/script>\n<!-- \/ Yoast SEO plugin. -->","yoast_head_json":{"title":"OPORTUNIDADE PARA O TERCEIRO SETOR: INICIATIVA BUSCA NOVAS ORGANIZA\u00c7\u00d5ES SOCIAIS NO OESTE DA BAHIA - Bahia Economica","description":"O maior portal de Economia da Bahia MUNIC\u00cdPIOS Bahia Economica","robots":{"index":"index","follow":"follow","max-snippet":"max-snippet:-1","max-image-preview":"max-image-preview:large","max-video-preview":"max-video-preview:-1"},"canonical":"https:\/\/bahiaeconomica.com.br\/wp\/2026\/08\/31\/oportunidade-para-o-terceiro-setor-iniciativa-busca-nova-sorganizacoe-sociais-no-oeste-da-bahia\/","og_locale":"pt_BR","og_type":"article","og_title":"OPORTUNIDADE PARA O TERCEIRO SETOR: INICIATIVA BUSCA NOVAS ORGANIZA\u00c7\u00d5ES SOCIAIS NO OESTE DA BAHIA - Bahia Economica","og_description":"O maior portal de Economia da Bahia MUNIC\u00cdPIOS Bahia Economica","og_url":"https:\/\/bahiaeconomica.com.br\/wp\/2026\/08\/31\/oportunidade-para-o-terceiro-setor-iniciativa-busca-nova-sorganizacoe-sociais-no-oeste-da-bahia\/","og_site_name":"Bahia Economica","article_publisher":"https:\/\/www.facebook.com\/bahiaeconomica","article_published_time":"2026-08-31T19:55:23+00:00","article_modified_time":"2026-08-31T20:23:30+00:00","og_image":[{"width":1600,"height":1069,"url":"https:\/\/bahiaeconomica.com.br\/wp\/wp-content\/uploads\/2026\/08\/WhatsApp-Image-2026-08-31-at-16.53.15.jpeg","type":"image\/jpeg"}],"author":"Matheus Souza","twitter_card":"summary_large_image","twitter_misc":{"Escrito por":"Matheus Souza","Est. tempo de leitura":"2 minutos"},"schema":{"@context":"https:\/\/schema.org","@graph":[{"@type":"Article","@id":"https:\/\/bahiaeconomica.com.br\/wp\/2026\/08\/31\/oportunidade-para-o-terceiro-setor-iniciativa-busca-nova-sorganizacoe-sociais-no-oeste-da-bahia\/#article","isPartOf":{"@id":"https:\/\/bahiaeconomica.com.br\/wp\/2026\/08\/31\/oportunidade-para-o-terceiro-setor-iniciativa-busca-nova-sorganizacoe-sociais-no-oeste-da-bahia\/"},"author":{"name":"Matheus Souza","@id":"https:\/\/bahiaeconomica.com.br\/wp\/#\/schema\/person\/3304d50cfd32353c7d08c39066638997"},"headline":"OPORTUNIDADE PARA O TERCEIRO SETOR: INICIATIVA BUSCA NOVAS ORGANIZA\u00c7\u00d5ES SOCIAIS NO OESTE DA BAHIA","datePublished":"2026-08-31T19:55:23+00:00","dateModified":"2026-08-31T20:23:30+00:00","mainEntityOfPage":{"@id":"https:\/\/bahiaeconomica.com.br\/wp\/2026\/08\/31\/oportunidade-para-o-terceiro-setor-iniciativa-busca-nova-sorganizacoe-sociais-no-oeste-da-bahia\/"},"wordCount":401,"publisher":{"@id":"https:\/\/bahiaeconomica.com.br\/wp\/#organization"},"articleSection":["MUNIC\u00cdPIOS"],"inLanguage":"pt-BR"},{"@type":"WebPage","@id":"https:\/\/bahiaeconomica.com.br\/wp\/2026\/08\/31\/oportunidade-para-o-terceiro-setor-iniciativa-busca-nova-sorganizacoe-sociais-no-oeste-da-bahia\/","url":"https:\/\/bahiaeconomica.com.br\/wp\/2026\/08\/31\/oportunidade-para-o-terceiro-setor-iniciativa-busca-nova-sorganizacoe-sociais-no-oeste-da-bahia\/","name":"OPORTUNIDADE PARA O TERCEIRO SETOR: INICIATIVA BUSCA NOVAS ORGANIZA\u00c7\u00d5ES SOCIAIS NO OESTE DA BAHIA - Bahia Economica","isPartOf":{"@id":"https:\/\/bahiaeconomica.com.br\/wp\/#website"},"datePublished":"2026-08-31T19:55:23+00:00","dateModified":"2026-08-31T20:23:30+00:00","description":"O maior portal de Economia da Bahia MUNIC\u00cdPIOS Bahia Economica","breadcrumb":{"@id":"https:\/\/bahiaeconomica.com.br\/wp\/2026\/08\/31\/oportunidade-para-o-terceiro-setor-iniciativa-busca-nova-sorganizacoe-sociais-no-oeste-da-bahia\/#breadcrumb"},"inLanguage":"pt-BR","potentialAction":[{"@type":"ReadAction","target":["https:\/\/bahiaeconomica.com.br\/wp\/2026\/08\/31\/oportunidade-para-o-terceiro-setor-iniciativa-busca-nova-sorganizacoe-sociais-no-oeste-da-bahia\/"]}]},{"@type":"BreadcrumbList","@id":"https:\/\/bahiaeconomica.com.br\/wp\/2026\/08\/31\/oportunidade-para-o-terceiro-setor-iniciativa-busca-nova-sorganizacoe-sociais-no-oeste-da-bahia\/#breadcrumb","itemListElement":[{"@type":"ListItem","position":1,"name":"In\u00edcio","item":"https:\/\/bahiaeconomica.com.br\/wp\/"},{"@type":"ListItem","position":2,"name":"OPORTUNIDADE PARA O TERCEIRO SETOR: INICIATIVA BUSCA NOVAS ORGANIZA\u00c7\u00d5ES SOCIAIS NO OESTE DA BAHIA"}]},{"@type":"WebSite","@id":"https:\/\/bahiaeconomica.com.br\/wp\/#website","url":"https:\/\/bahiaeconomica.com.br\/wp\/","name":"Bahia Economica","description":"O maior portal de Economia da Bahia","publisher":{"@id":"https:\/\/bahiaeconomica.com.br\/wp\/#organization"},"potentialAction":[{"@type":"SearchAction","target":{"@type":"EntryPoint","urlTemplate":"https:\/\/bahiaeconomica.com.br\/wp\/?s={search_term_string}"},"query-input":"required name=search_term_string"}],"inLanguage":"pt-BR"},{"@type":"Organization","@id":"https:\/\/bahiaeconomica.com.br\/wp\/#organization","name":"Bahia Econ\u00f4mica","url":"https:\/\/bahiaeconomica.com.br\/wp\/","logo":{"@type":"ImageObject","inLanguage":"pt-BR","@id":"https:\/\/bahiaeconomica.com.br\/wp\/#\/schema\/logo\/image\/","url":"https:\/\/bahiaeconomica.com.br\/wp\/wp-content\/uploads\/2020\/12\/cropped-BE.png","contentUrl":"https:\/\/bahiaeconomica.com.br\/wp\/wp-content\/uploads\/2020\/12\/cropped-BE.png","width":512,"height":512,"caption":"Bahia Econ\u00f4mica"},"image":{"@id":"https:\/\/bahiaeconomica.com.br\/wp\/#\/schema\/logo\/image\/"},"sameAs":["https:\/\/www.facebook.com\/bahiaeconomica"]},{"@type":"Person","@id":"https:\/\/bahiaeconomica.com.br\/wp\/#\/schema\/person\/3304d50cfd32353c7d08c39066638997","name":"Matheus Souza","sameAs":["http:\/\/www.bahiaeconomica.com.br"],"url":"https:\/\/bahiaeconomica.com.br\/wp\/author\/matheus-souza\/"}]}},"views":10,"_links":{"self":[{"href":"https:\/\/bahiaeconomica.com.br\/wp\/wp-json\/wp\/v2\/posts\/1021180"}],"collection":[{"href":"https:\/\/bahiaeconomica.com.br\/wp\/wp-json\/wp\/v2\/posts"}],"about":[{"href":"https:\/\/bahiaeconomica.com.br\/wp\/wp-json\/wp\/v2\/types\/post"}],"author":[{"embeddable":true,"href":"https:\/\/bahiaeconomica.com.br\/wp\/wp-json\/wp\/v2\/users\/22"}],"replies":[{"embeddable":true,"href":"https:\/\/bahiaeconomica.com.br\/wp\/wp-json\/wp\/v2\/comments?post=1021180"}],"version-history":[{"count":3,"href":"https:\/\/bahiaeconomica.com.br\/wp\/wp-json\/wp\/v2\/posts\/1021180\/revisions"}],"predecessor-version":[{"id":1021189,"href":"https:\/\/bahiaeconomica.com.br\/wp\/wp-json\/wp\/v2\/posts\/1021180\/revisions\/1021189"}],"wp:featuredmedia":[{"embeddable":true,"href":"https:\/\/bahiaeconomica.com.br\/wp\/wp-json\/wp\/v2\/media\/1021181"}],"wp:attachment":[{"href":"https:\/\/bahiaeconomica.com.br\/wp\/wp-json\/wp\/v2\/media?parent=1021180"}],"wp:term":[{"taxonomy":"category","embeddable":true,"href":"https:\/\/bahiaeconomica.com.br\/wp\/wp-json\/wp\/v2\/categories?post=1021180"},{"taxonomy":"post_tag","embeddable":true,"href":"https:\/\/bahiaeconomica.com.br\/wp\/wp-json\/wp\/v2\/tags?post=1021180"}],"curies":[{"name":"wp","href":"https:\/\/api.w.org\/{rel}","templated":true}]}}