{"id":1021029,"date":"2026-08-31T09:25:18","date_gmt":"2026-08-31T12:25:18","guid":{"rendered":"https:\/\/bahiaeconomica.com.br\/wp\/?p=1021029"},"modified":"2026-08-31T09:28:10","modified_gmt":"2026-08-31T12:28:10","slug":"desenrola-fies-prazo-de-renegociacao-de-dividas-termina-nesta-segunda-31","status":"publish","type":"post","link":"https:\/\/bahiaeconomica.com.br\/wp\/2026\/08\/31\/desenrola-fies-prazo-de-renegociacao-de-dividas-termina-nesta-segunda-31\/","title":{"rendered":"DESENROLA FIES: PRAZO DE RENEGOCIA\u00c7\u00c3O DE D\u00cdVIDAS TERMINA NESTA SEGUNDA (31)"},"content":{"rendered":"<p>Termina nesta segunda-feira (31) o prazo para renegocia\u00e7\u00e3o de d\u00edvidas do Fundo de Financiamento Estudantil (Fies), com descontos e condi\u00e7\u00f5es facilitadas pelo programa Desenrola Fies 2026.<\/p>\n<p>Os ex-estudantes do ensino superior que foram beneficiados pela pol\u00edtica p\u00fablica devem procurar as institui\u00e7\u00f5es financeiras com quem firmaram o contrato: o Banco do Brasil ou a Caixa Econ\u00f4mica Federal.<\/p>\n<p>Cada contrato do financiamento\u00a0pode passar por apenas uma renegocia\u00e7\u00e3o durante a vig\u00eancia do Desenrola Fies, lembra\u00a0o Minist\u00e9rio da Educa\u00e7\u00e3o.<\/p>\n<p>O Fies \u00e9 o programa federal que oferece financiamento a\u00a0quem deseja estudar em uma institui\u00e7\u00e3o privada de ensino superior. Ap\u00f3s a formatura, o estudante precisa devolver o montante financiado pelo governo com juros baixos e condi\u00e7\u00f5es facilitadas de pagamento, respeitando o limite da renda do ex-estudante.<\/p>\n<p><strong>Quem pode renegociar<\/strong><br \/>\nO Desenrola Fies 2026 \u00e9 voltado a\u00a0estudantes com contratos do Fies firmados at\u00e9 2017 que estavam, em 4 de maio de 2026, na fase de amortiza\u00e7\u00e3o. Este \u00e9 per\u00edodo em que o estudante come\u00e7a a pagar o valor principal do financiamento estudantil e os juros acumulados para quitar a d\u00edvida ap\u00f3s terminar a faculdade.<\/p>\n<p>A renegocia\u00e7\u00e3o contempla contratos adimplentes e inadimplentes, conforme as condi\u00e7\u00f5es previstas para cada perfil.<\/p>\n<p>A data de 4 de maio de 2026 \u00e9 adotada como refer\u00eancia para verificar a situa\u00e7\u00e3o do contrato e aplicar crit\u00e9rios como o tempo de inadimpl\u00eancia e o enquadramento do estudante no Cadastro \u00danico de Programas Sociais do governo federal (Cad\u00danico).<\/p>\n<p>Tamb\u00e9m podem participar do Desenrola Fies 2026 os estudantes com o nome inscrito em cadastros de inadimplentes por atraso no\u00a0financiamento.<\/p>\n<p>N\u00e3o est\u00e3o aptos \u00e0 renegocia\u00e7\u00e3o os estudantes que contrataram o Fies a partir de 1\u00ba de janeiro de 2018, assim como aqueles com contratos nas fases de uso do financiamento ou de car\u00eancia.<\/p>\n<p><strong>Descontos na renegocia\u00e7\u00e3o<\/strong><br \/>\nAs condi\u00e7\u00f5es de renegocia\u00e7\u00e3o de d\u00edvidas do Fundo oferecidas variam de acordo com a situa\u00e7\u00e3o de cada contrato de financiamento.<\/p>\n<p>Dependendo do perfil da d\u00edvida e da quantidade de dias de inadimpl\u00eancia (atraso no pagamento da parcela), os benef\u00edcios podem ser aplicados tanto para a quita\u00e7\u00e3o \u00e0 vista quanto para o parcelamento, conforme as regras espec\u00edficas de cada faixa de renegocia\u00e7\u00e3o.<\/p>\n<p>Os descontos dispon\u00edveis devem ser consultados nos canais oficiais dos dois agentes financeiros oficialmente respons\u00e1veis pelo financiamento.<\/p>\n<p>A renegocia\u00e7\u00e3o somente \u00e9 efetivada ap\u00f3s o pagamento da parcela de entrada. Caso esse pagamento n\u00e3o seja feito, a proposta \u00e9 cancelada.<\/p>\n<p><strong>Como renegociar<\/strong><br \/>\nA formaliza\u00e7\u00e3o da\u00a0renegocia\u00e7\u00e3o pode ser feita pelos aplicativos oficiais dos agentes financeiros para dispositivos m\u00f3veis (tablets e smartphones) ou presencialmente em qualquer ag\u00eancia do banco respons\u00e1vel pelo contrato.<\/p>\n<p>Na Caixa Econ\u00f4mica Federal, a renegocia\u00e7\u00e3o est\u00e1 dispon\u00edvel tamb\u00e9m no aplicativo\u00a0Fies\u00a0Caixa. Mas, em situa\u00e7\u00f5es espec\u00edficas, como parcelamentos mais longos que exigem fiador da d\u00edvida, o benefici\u00e1rio\u00a0poder\u00e1 ser orientado a procurar atendimento presencial nas ag\u00eancias do banco p\u00fablico.<\/p>\n<p>No Banco do Brasil, a ades\u00e3o est\u00e1 dispon\u00edvel pelo aplicativo ou em ag\u00eancia, conforme a modalidade escolhida.<\/p>\n<p>Ap\u00f3s a formaliza\u00e7\u00e3o da renegocia\u00e7\u00e3o e o pagamento da parcela de entrada, o nome do estudante e dos fiadores ser\u00e1 retirado dos cadastros de inadimplentes, quando aplic\u00e1vel<\/p>\n<p>(Ag\u00eancia Brasil)<\/p>\n<p>Foto: Ag\u00eancia Brasil<\/p>\n","protected":false},"excerpt":{"rendered":"<p>Termina nesta segunda-feira (31) o prazo para renegocia\u00e7\u00e3o de d\u00edvidas do Fundo de Financiamento Estudantil (Fies), com descontos e condi\u00e7\u00f5es facilitadas pelo programa Desenrola Fies 2026. Os ex-estudantes do ensino superior que foram beneficiados pela pol\u00edtica p\u00fablica devem procurar as institui\u00e7\u00f5es financeiras com quem firmaram o contrato: o Banco do Brasil ou a Caixa Econ\u00f4mica [&hellip;]<\/p>\n","protected":false},"author":20,"featured_media":1021030,"comment_status":"closed","ping_status":"closed","sticky":false,"template":"","format":"standard","meta":[],"categories":[3,21],"tags":[30508,671,2291],"acf":[],"yoast_head":"<!-- This site is optimized with the Yoast SEO plugin v20.8 - https:\/\/yoast.com\/wordpress\/plugins\/seo\/ -->\n<title>DESENROLA FIES: PRAZO DE RENEGOCIA\u00c7\u00c3O DE D\u00cdVIDAS TERMINA NESTA SEGUNDA (31) - Bahia Economica<\/title>\n<meta name=\"description\" content=\"O maior portal de Economia da Bahia ECONOMIA \/ POL\u00cdTICA, Sa\u00fade \/ Educa\u00e7\u00e3o Bahia Economica\" \/>\n<meta name=\"robots\" content=\"index, follow, max-snippet:-1, max-image-preview:large, max-video-preview:-1\" \/>\n<link rel=\"canonical\" href=\"https:\/\/bahiaeconomica.com.br\/wp\/2026\/08\/31\/desenrola-fies-prazo-de-renegociacao-de-dividas-termina-nesta-segunda-31\/\" \/>\n<meta property=\"og:locale\" content=\"pt_BR\" \/>\n<meta property=\"og:type\" content=\"article\" \/>\n<meta property=\"og:title\" content=\"DESENROLA FIES: PRAZO DE RENEGOCIA\u00c7\u00c3O DE D\u00cdVIDAS TERMINA NESTA SEGUNDA (31) - Bahia Economica\" \/>\n<meta property=\"og:description\" content=\"O maior portal de Economia da Bahia ECONOMIA \/ POL\u00cdTICA, Sa\u00fade \/ Educa\u00e7\u00e3o Bahia Economica\" \/>\n<meta property=\"og:url\" content=\"https:\/\/bahiaeconomica.com.br\/wp\/2026\/08\/31\/desenrola-fies-prazo-de-renegociacao-de-dividas-termina-nesta-segunda-31\/\" \/>\n<meta property=\"og:site_name\" content=\"Bahia Economica\" \/>\n<meta property=\"article:publisher\" content=\"https:\/\/www.facebook.com\/bahiaeconomica\" \/>\n<meta property=\"article:published_time\" content=\"2026-08-31T12:25:18+00:00\" \/>\n<meta property=\"article:modified_time\" content=\"2026-08-31T12:28:10+00:00\" \/>\n<meta property=\"og:image\" content=\"https:\/\/bahiaeconomica.com.br\/wp\/wp-content\/uploads\/2026\/08\/01_novo_fies_03.webp\" \/>\n\t<meta property=\"og:image:width\" content=\"940\" \/>\n\t<meta property=\"og:image:height\" content=\"522\" \/>\n\t<meta property=\"og:image:type\" content=\"image\/webp\" \/>\n<meta name=\"author\" content=\"BRUNA CARVALHO\" \/>\n<meta name=\"twitter:card\" content=\"summary_large_image\" \/>\n<meta name=\"twitter:label1\" content=\"Escrito por\" \/>\n\t<meta name=\"twitter:data1\" content=\"BRUNA CARVALHO\" \/>\n\t<meta name=\"twitter:label2\" content=\"Est. tempo de leitura\" \/>\n\t<meta name=\"twitter:data2\" content=\"3 minutos\" \/>\n<script type=\"application\/ld+json\" class=\"yoast-schema-graph\">{\"@context\":\"https:\/\/schema.org\",\"@graph\":[{\"@type\":\"Article\",\"@id\":\"https:\/\/bahiaeconomica.com.br\/wp\/2026\/08\/31\/desenrola-fies-prazo-de-renegociacao-de-dividas-termina-nesta-segunda-31\/#article\",\"isPartOf\":{\"@id\":\"https:\/\/bahiaeconomica.com.br\/wp\/2026\/08\/31\/desenrola-fies-prazo-de-renegociacao-de-dividas-termina-nesta-segunda-31\/\"},\"author\":{\"name\":\"BRUNA CARVALHO\",\"@id\":\"https:\/\/bahiaeconomica.com.br\/wp\/#\/schema\/person\/9310b0e591f5979f6f99773eac5804e6\"},\"headline\":\"DESENROLA FIES: PRAZO DE RENEGOCIA\u00c7\u00c3O DE D\u00cdVIDAS TERMINA NESTA SEGUNDA (31)\",\"datePublished\":\"2026-08-31T12:25:18+00:00\",\"dateModified\":\"2026-08-31T12:28:10+00:00\",\"mainEntityOfPage\":{\"@id\":\"https:\/\/bahiaeconomica.com.br\/wp\/2026\/08\/31\/desenrola-fies-prazo-de-renegociacao-de-dividas-termina-nesta-segunda-31\/\"},\"wordCount\":578,\"publisher\":{\"@id\":\"https:\/\/bahiaeconomica.com.br\/wp\/#organization\"},\"keywords\":[\"Desenrola Fies\",\"prazo\",\"renegociacao\"],\"articleSection\":[\"ECONOMIA \/ POL\u00cdTICA\",\"Sa\u00fade \/ Educa\u00e7\u00e3o\"],\"inLanguage\":\"pt-BR\"},{\"@type\":\"WebPage\",\"@id\":\"https:\/\/bahiaeconomica.com.br\/wp\/2026\/08\/31\/desenrola-fies-prazo-de-renegociacao-de-dividas-termina-nesta-segunda-31\/\",\"url\":\"https:\/\/bahiaeconomica.com.br\/wp\/2026\/08\/31\/desenrola-fies-prazo-de-renegociacao-de-dividas-termina-nesta-segunda-31\/\",\"name\":\"DESENROLA FIES: PRAZO DE RENEGOCIA\u00c7\u00c3O DE D\u00cdVIDAS TERMINA NESTA SEGUNDA (31) - Bahia Economica\",\"isPartOf\":{\"@id\":\"https:\/\/bahiaeconomica.com.br\/wp\/#website\"},\"datePublished\":\"2026-08-31T12:25:18+00:00\",\"dateModified\":\"2026-08-31T12:28:10+00:00\",\"description\":\"O maior portal de Economia da Bahia ECONOMIA \/ POL\u00cdTICA, Sa\u00fade \/ Educa\u00e7\u00e3o Bahia Economica\",\"breadcrumb\":{\"@id\":\"https:\/\/bahiaeconomica.com.br\/wp\/2026\/08\/31\/desenrola-fies-prazo-de-renegociacao-de-dividas-termina-nesta-segunda-31\/#breadcrumb\"},\"inLanguage\":\"pt-BR\",\"potentialAction\":[{\"@type\":\"ReadAction\",\"target\":[\"https:\/\/bahiaeconomica.com.br\/wp\/2026\/08\/31\/desenrola-fies-prazo-de-renegociacao-de-dividas-termina-nesta-segunda-31\/\"]}]},{\"@type\":\"BreadcrumbList\",\"@id\":\"https:\/\/bahiaeconomica.com.br\/wp\/2026\/08\/31\/desenrola-fies-prazo-de-renegociacao-de-dividas-termina-nesta-segunda-31\/#breadcrumb\",\"itemListElement\":[{\"@type\":\"ListItem\",\"position\":1,\"name\":\"In\u00edcio\",\"item\":\"https:\/\/bahiaeconomica.com.br\/wp\/\"},{\"@type\":\"ListItem\",\"position\":2,\"name\":\"DESENROLA FIES: PRAZO DE RENEGOCIA\u00c7\u00c3O DE D\u00cdVIDAS TERMINA NESTA SEGUNDA (31)\"}]},{\"@type\":\"WebSite\",\"@id\":\"https:\/\/bahiaeconomica.com.br\/wp\/#website\",\"url\":\"https:\/\/bahiaeconomica.com.br\/wp\/\",\"name\":\"Bahia Economica\",\"description\":\"O maior portal de Economia da Bahia\",\"publisher\":{\"@id\":\"https:\/\/bahiaeconomica.com.br\/wp\/#organization\"},\"potentialAction\":[{\"@type\":\"SearchAction\",\"target\":{\"@type\":\"EntryPoint\",\"urlTemplate\":\"https:\/\/bahiaeconomica.com.br\/wp\/?s={search_term_string}\"},\"query-input\":\"required name=search_term_string\"}],\"inLanguage\":\"pt-BR\"},{\"@type\":\"Organization\",\"@id\":\"https:\/\/bahiaeconomica.com.br\/wp\/#organization\",\"name\":\"Bahia Econ\u00f4mica\",\"url\":\"https:\/\/bahiaeconomica.com.br\/wp\/\",\"logo\":{\"@type\":\"ImageObject\",\"inLanguage\":\"pt-BR\",\"@id\":\"https:\/\/bahiaeconomica.com.br\/wp\/#\/schema\/logo\/image\/\",\"url\":\"https:\/\/bahiaeconomica.com.br\/wp\/wp-content\/uploads\/2020\/12\/cropped-BE.png\",\"contentUrl\":\"https:\/\/bahiaeconomica.com.br\/wp\/wp-content\/uploads\/2020\/12\/cropped-BE.png\",\"width\":512,\"height\":512,\"caption\":\"Bahia Econ\u00f4mica\"},\"image\":{\"@id\":\"https:\/\/bahiaeconomica.com.br\/wp\/#\/schema\/logo\/image\/\"},\"sameAs\":[\"https:\/\/www.facebook.com\/bahiaeconomica\"]},{\"@type\":\"Person\",\"@id\":\"https:\/\/bahiaeconomica.com.br\/wp\/#\/schema\/person\/9310b0e591f5979f6f99773eac5804e6\",\"name\":\"BRUNA CARVALHO\",\"sameAs\":[\"http:\/\/www.bahiaeconomica.com.br\"],\"url\":\"https:\/\/bahiaeconomica.com.br\/wp\/author\/bruna\/\"}]}<\/script>\n<!-- \/ Yoast SEO plugin. -->","yoast_head_json":{"title":"DESENROLA FIES: PRAZO DE RENEGOCIA\u00c7\u00c3O DE D\u00cdVIDAS TERMINA NESTA SEGUNDA (31) - Bahia Economica","description":"O maior portal de Economia da Bahia ECONOMIA \/ POL\u00cdTICA, Sa\u00fade \/ Educa\u00e7\u00e3o Bahia Economica","robots":{"index":"index","follow":"follow","max-snippet":"max-snippet:-1","max-image-preview":"max-image-preview:large","max-video-preview":"max-video-preview:-1"},"canonical":"https:\/\/bahiaeconomica.com.br\/wp\/2026\/08\/31\/desenrola-fies-prazo-de-renegociacao-de-dividas-termina-nesta-segunda-31\/","og_locale":"pt_BR","og_type":"article","og_title":"DESENROLA FIES: PRAZO DE RENEGOCIA\u00c7\u00c3O DE D\u00cdVIDAS TERMINA NESTA SEGUNDA (31) - Bahia Economica","og_description":"O maior portal de Economia da Bahia ECONOMIA \/ POL\u00cdTICA, Sa\u00fade \/ Educa\u00e7\u00e3o Bahia Economica","og_url":"https:\/\/bahiaeconomica.com.br\/wp\/2026\/08\/31\/desenrola-fies-prazo-de-renegociacao-de-dividas-termina-nesta-segunda-31\/","og_site_name":"Bahia Economica","article_publisher":"https:\/\/www.facebook.com\/bahiaeconomica","article_published_time":"2026-08-31T12:25:18+00:00","article_modified_time":"2026-08-31T12:28:10+00:00","og_image":[{"width":940,"height":522,"url":"https:\/\/bahiaeconomica.com.br\/wp\/wp-content\/uploads\/2026\/08\/01_novo_fies_03.webp","type":"image\/webp"}],"author":"BRUNA CARVALHO","twitter_card":"summary_large_image","twitter_misc":{"Escrito por":"BRUNA CARVALHO","Est. tempo de leitura":"3 minutos"},"schema":{"@context":"https:\/\/schema.org","@graph":[{"@type":"Article","@id":"https:\/\/bahiaeconomica.com.br\/wp\/2026\/08\/31\/desenrola-fies-prazo-de-renegociacao-de-dividas-termina-nesta-segunda-31\/#article","isPartOf":{"@id":"https:\/\/bahiaeconomica.com.br\/wp\/2026\/08\/31\/desenrola-fies-prazo-de-renegociacao-de-dividas-termina-nesta-segunda-31\/"},"author":{"name":"BRUNA CARVALHO","@id":"https:\/\/bahiaeconomica.com.br\/wp\/#\/schema\/person\/9310b0e591f5979f6f99773eac5804e6"},"headline":"DESENROLA FIES: PRAZO DE RENEGOCIA\u00c7\u00c3O DE D\u00cdVIDAS TERMINA NESTA SEGUNDA (31)","datePublished":"2026-08-31T12:25:18+00:00","dateModified":"2026-08-31T12:28:10+00:00","mainEntityOfPage":{"@id":"https:\/\/bahiaeconomica.com.br\/wp\/2026\/08\/31\/desenrola-fies-prazo-de-renegociacao-de-dividas-termina-nesta-segunda-31\/"},"wordCount":578,"publisher":{"@id":"https:\/\/bahiaeconomica.com.br\/wp\/#organization"},"keywords":["Desenrola Fies","prazo","renegociacao"],"articleSection":["ECONOMIA \/ POL\u00cdTICA","Sa\u00fade \/ Educa\u00e7\u00e3o"],"inLanguage":"pt-BR"},{"@type":"WebPage","@id":"https:\/\/bahiaeconomica.com.br\/wp\/2026\/08\/31\/desenrola-fies-prazo-de-renegociacao-de-dividas-termina-nesta-segunda-31\/","url":"https:\/\/bahiaeconomica.com.br\/wp\/2026\/08\/31\/desenrola-fies-prazo-de-renegociacao-de-dividas-termina-nesta-segunda-31\/","name":"DESENROLA FIES: PRAZO DE RENEGOCIA\u00c7\u00c3O DE D\u00cdVIDAS TERMINA NESTA SEGUNDA (31) - Bahia Economica","isPartOf":{"@id":"https:\/\/bahiaeconomica.com.br\/wp\/#website"},"datePublished":"2026-08-31T12:25:18+00:00","dateModified":"2026-08-31T12:28:10+00:00","description":"O maior portal de Economia da Bahia ECONOMIA \/ POL\u00cdTICA, Sa\u00fade \/ Educa\u00e7\u00e3o Bahia Economica","breadcrumb":{"@id":"https:\/\/bahiaeconomica.com.br\/wp\/2026\/08\/31\/desenrola-fies-prazo-de-renegociacao-de-dividas-termina-nesta-segunda-31\/#breadcrumb"},"inLanguage":"pt-BR","potentialAction":[{"@type":"ReadAction","target":["https:\/\/bahiaeconomica.com.br\/wp\/2026\/08\/31\/desenrola-fies-prazo-de-renegociacao-de-dividas-termina-nesta-segunda-31\/"]}]},{"@type":"BreadcrumbList","@id":"https:\/\/bahiaeconomica.com.br\/wp\/2026\/08\/31\/desenrola-fies-prazo-de-renegociacao-de-dividas-termina-nesta-segunda-31\/#breadcrumb","itemListElement":[{"@type":"ListItem","position":1,"name":"In\u00edcio","item":"https:\/\/bahiaeconomica.com.br\/wp\/"},{"@type":"ListItem","position":2,"name":"DESENROLA FIES: PRAZO DE RENEGOCIA\u00c7\u00c3O DE D\u00cdVIDAS TERMINA NESTA SEGUNDA (31)"}]},{"@type":"WebSite","@id":"https:\/\/bahiaeconomica.com.br\/wp\/#website","url":"https:\/\/bahiaeconomica.com.br\/wp\/","name":"Bahia Economica","description":"O maior portal de Economia da Bahia","publisher":{"@id":"https:\/\/bahiaeconomica.com.br\/wp\/#organization"},"potentialAction":[{"@type":"SearchAction","target":{"@type":"EntryPoint","urlTemplate":"https:\/\/bahiaeconomica.com.br\/wp\/?s={search_term_string}"},"query-input":"required name=search_term_string"}],"inLanguage":"pt-BR"},{"@type":"Organization","@id":"https:\/\/bahiaeconomica.com.br\/wp\/#organization","name":"Bahia Econ\u00f4mica","url":"https:\/\/bahiaeconomica.com.br\/wp\/","logo":{"@type":"ImageObject","inLanguage":"pt-BR","@id":"https:\/\/bahiaeconomica.com.br\/wp\/#\/schema\/logo\/image\/","url":"https:\/\/bahiaeconomica.com.br\/wp\/wp-content\/uploads\/2020\/12\/cropped-BE.png","contentUrl":"https:\/\/bahiaeconomica.com.br\/wp\/wp-content\/uploads\/2020\/12\/cropped-BE.png","width":512,"height":512,"caption":"Bahia Econ\u00f4mica"},"image":{"@id":"https:\/\/bahiaeconomica.com.br\/wp\/#\/schema\/logo\/image\/"},"sameAs":["https:\/\/www.facebook.com\/bahiaeconomica"]},{"@type":"Person","@id":"https:\/\/bahiaeconomica.com.br\/wp\/#\/schema\/person\/9310b0e591f5979f6f99773eac5804e6","name":"BRUNA CARVALHO","sameAs":["http:\/\/www.bahiaeconomica.com.br"],"url":"https:\/\/bahiaeconomica.com.br\/wp\/author\/bruna\/"}]}},"views":5,"_links":{"self":[{"href":"https:\/\/bahiaeconomica.com.br\/wp\/wp-json\/wp\/v2\/posts\/1021029"}],"collection":[{"href":"https:\/\/bahiaeconomica.com.br\/wp\/wp-json\/wp\/v2\/posts"}],"about":[{"href":"https:\/\/bahiaeconomica.com.br\/wp\/wp-json\/wp\/v2\/types\/post"}],"author":[{"embeddable":true,"href":"https:\/\/bahiaeconomica.com.br\/wp\/wp-json\/wp\/v2\/users\/20"}],"replies":[{"embeddable":true,"href":"https:\/\/bahiaeconomica.com.br\/wp\/wp-json\/wp\/v2\/comments?post=1021029"}],"version-history":[{"count":1,"href":"https:\/\/bahiaeconomica.com.br\/wp\/wp-json\/wp\/v2\/posts\/1021029\/revisions"}],"predecessor-version":[{"id":1021037,"href":"https:\/\/bahiaeconomica.com.br\/wp\/wp-json\/wp\/v2\/posts\/1021029\/revisions\/1021037"}],"wp:featuredmedia":[{"embeddable":true,"href":"https:\/\/bahiaeconomica.com.br\/wp\/wp-json\/wp\/v2\/media\/1021030"}],"wp:attachment":[{"href":"https:\/\/bahiaeconomica.com.br\/wp\/wp-json\/wp\/v2\/media?parent=1021029"}],"wp:term":[{"taxonomy":"category","embeddable":true,"href":"https:\/\/bahiaeconomica.com.br\/wp\/wp-json\/wp\/v2\/categories?post=1021029"},{"taxonomy":"post_tag","embeddable":true,"href":"https:\/\/bahiaeconomica.com.br\/wp\/wp-json\/wp\/v2\/tags?post=1021029"}],"curies":[{"name":"wp","href":"https:\/\/api.w.org\/{rel}","templated":true}]}}