{"id":1013482,"date":"2025-07-27T14:09:41","date_gmt":"2025-07-27T17:09:41","guid":{"rendered":"https:\/\/bahiaeconomica.com.br\/wp\/?p=1013482"},"modified":"2026-07-27T14:10:28","modified_gmt":"2026-07-27T17:10:28","slug":"alta-expressiva-das-resinas-plasticas-pressiona-industria-da-primeira-infancia","status":"publish","type":"post","link":"https:\/\/bahiaeconomica.com.br\/wp\/2025\/07\/27\/alta-expressiva-das-resinas-plasticas-pressiona-industria-da-primeira-infancia\/","title":{"rendered":"ALTA EXPRESSIVA DAS RESINAS PL\u00c1STICAS PRESSIONA IND\u00daSTRIA DA PRIMEIRA INF\u00c2NCIA"},"content":{"rendered":"<p>A ind\u00fastria brasileira da primeira inf\u00e2ncia enfrenta um novo desafio diante da alta hist\u00f3rica das resinas pl\u00e1sticas, uma das principais mat\u00e9rias-primas de diversos produtos utilizados por beb\u00eas e crian\u00e7as. Impulsionada pela volatilidade do petr\u00f3leo e pelas incertezas geopol\u00edticas no Oriente M\u00e9dio, a escalada dos custos vem afetando fabricantes de itens como mamadeiras, chupetas, potes para armazenamento, utens\u00edlios de alimenta\u00e7\u00e3o e acess\u00f3rios infantis.<\/p>\n<p>Os efeitos desse movimento j\u00e1 s\u00e3o percebidos por empresas do setor. Na Mami&amp;Co, holding especializada em produtos para gestantes, beb\u00eas e crian\u00e7as, alguns insumos pl\u00e1sticos espec\u00edficos utilizados na fabrica\u00e7\u00e3o de seu portf\u00f3lio registraram aumento de aproximadamente 230% em 40 dias, evidenciando a intensidade da press\u00e3o sobre determinados materiais.<\/p>\n<p>O impacto, no entanto, varia conforme a composi\u00e7\u00e3o de cada produto. Itens fabricados majoritariamente com resinas pl\u00e1sticas s\u00e3o mais sens\u00edveis \u00e0s oscila\u00e7\u00f5es do mercado petroqu\u00edmico, enquanto produtos como chupetas possuem uma combina\u00e7\u00e3o de silicone e pl\u00e1stico, reduzindo a exposi\u00e7\u00e3o \u00e0s varia\u00e7\u00f5es de um \u00fanico insumo.<\/p>\n<p>&#8220;Na ind\u00fastria da primeira inf\u00e2ncia, n\u00e3o basta substituir uma mat\u00e9ria-prima ou trocar de fornecedor. Estamos falando de produtos que precisam atender rigorosos padr\u00f5es de seguran\u00e7a e certifica\u00e7\u00e3o, o que torna qualquer mudan\u00e7a muito mais criteriosa. Em momentos como este, a gest\u00e3o da cadeia de suprimentos passa a ser t\u00e3o estrat\u00e9gica quanto o pr\u00f3prio desenvolvimento dos produtos&#8221;, afirma Carol Zein, s\u00f3cia-diretora da Mami&amp;Co.<\/p>\n<p>A origem dessa volatilidade est\u00e1 relacionada ao cen\u00e1rio global dos mercados de energia e petroqu\u00edmica. Segundo a Associa\u00e7\u00e3o Brasileira de Distribuidores de Resinas Pl\u00e1sticas e Afins (ADIRPLAST), a valoriza\u00e7\u00e3o do petr\u00f3leo elevou o pre\u00e7o da nafta, principal insumo petroqu\u00edmico utilizado na fabrica\u00e7\u00e3o de resinas, para mais de US$ 870 por tonelada, alta de aproximadamente 55% em apenas um m\u00eas. A combina\u00e7\u00e3o entre restri\u00e7\u00f5es de oferta e aumento dos custos de produ\u00e7\u00e3o ampliou a instabilidade nos pre\u00e7os das mat\u00e9rias-primas.<\/p>\n<p>Esse movimento j\u00e1 se reflete em diferentes elos do setor pl\u00e1stico. De acordo com a Associa\u00e7\u00e3o Brasileira da Ind\u00fastria do Pl\u00e1stico (ABIPLAST), o conflito no Oriente M\u00e9dio provocou um choque nos pre\u00e7os internacionais das resinas, com aumentos que chegam a at\u00e9 100% em alguns mercados e tipos de material. A entidade avalia que, mesmo diante de uma eventual estabiliza\u00e7\u00e3o geopol\u00edtica, a normaliza\u00e7\u00e3o do fornecimento dever\u00e1 ocorrer de forma gradual nos pr\u00f3ximos meses.<\/p>\n<p>Embora a evolu\u00e7\u00e3o dos pre\u00e7os dependa do comportamento do mercado internacional, a expectativa \u00e9 de que a cadeia de resinas passe por um processo gradual de estabiliza\u00e7\u00e3o. At\u00e9 l\u00e1, empresas seguem revisando estrat\u00e9gias de compras, relacionamento com fornecedores e composi\u00e7\u00e3o de portf\u00f3lio para reduzir os efeitos da volatilidade e manter a disponibilidade dos produtos ao consumidor.<\/p>\n","protected":false},"excerpt":{"rendered":"<p>A ind\u00fastria brasileira da primeira inf\u00e2ncia enfrenta um novo desafio diante da alta hist\u00f3rica das resinas pl\u00e1sticas, uma das principais mat\u00e9rias-primas de diversos produtos utilizados por beb\u00eas e crian\u00e7as. Impulsionada pela volatilidade do petr\u00f3leo e pelas incertezas geopol\u00edticas no Oriente M\u00e9dio, a escalada dos custos vem afetando fabricantes de itens como mamadeiras, chupetas, potes para [&hellip;]<\/p>\n","protected":false},"author":8,"featured_media":1013483,"comment_status":"closed","ping_status":"closed","sticky":false,"template":"","format":"standard","meta":[],"categories":[21],"tags":[],"acf":[],"yoast_head":"<!-- This site is optimized with the Yoast SEO plugin v20.8 - https:\/\/yoast.com\/wordpress\/plugins\/seo\/ -->\n<title>ALTA EXPRESSIVA DAS RESINAS PL\u00c1STICAS PRESSIONA IND\u00daSTRIA DA PRIMEIRA INF\u00c2NCIA - Bahia Economica<\/title>\n<meta name=\"description\" content=\"O maior portal de Economia da Bahia Sa\u00fade \/ Educa\u00e7\u00e3o Bahia Economica\" \/>\n<meta name=\"robots\" content=\"index, follow, max-snippet:-1, max-image-preview:large, max-video-preview:-1\" \/>\n<link rel=\"canonical\" href=\"https:\/\/bahiaeconomica.com.br\/wp\/2025\/07\/27\/alta-expressiva-das-resinas-plasticas-pressiona-industria-da-primeira-infancia\/\" \/>\n<meta property=\"og:locale\" content=\"pt_BR\" \/>\n<meta property=\"og:type\" content=\"article\" \/>\n<meta property=\"og:title\" content=\"ALTA EXPRESSIVA DAS RESINAS PL\u00c1STICAS PRESSIONA IND\u00daSTRIA DA PRIMEIRA INF\u00c2NCIA - Bahia Economica\" \/>\n<meta property=\"og:description\" content=\"O maior portal de Economia da Bahia Sa\u00fade \/ Educa\u00e7\u00e3o Bahia Economica\" \/>\n<meta property=\"og:url\" content=\"https:\/\/bahiaeconomica.com.br\/wp\/2025\/07\/27\/alta-expressiva-das-resinas-plasticas-pressiona-industria-da-primeira-infancia\/\" \/>\n<meta property=\"og:site_name\" content=\"Bahia Economica\" \/>\n<meta property=\"article:publisher\" content=\"https:\/\/www.facebook.com\/bahiaeconomica\" \/>\n<meta property=\"article:published_time\" content=\"2025-07-27T17:09:41+00:00\" \/>\n<meta property=\"article:modified_time\" content=\"2026-07-27T17:10:28+00:00\" \/>\n<meta property=\"og:image\" content=\"https:\/\/bahiaeconomica.com.br\/wp\/wp-content\/uploads\/2026\/07\/WhatsApp-Image-2026-07-27-at-14.01.12-1.jpeg\" \/>\n\t<meta property=\"og:image:width\" content=\"470\" \/>\n\t<meta property=\"og:image:height\" content=\"425\" \/>\n\t<meta property=\"og:image:type\" content=\"image\/jpeg\" \/>\n<meta name=\"author\" content=\"JP\" \/>\n<meta name=\"twitter:card\" content=\"summary_large_image\" \/>\n<meta name=\"twitter:label1\" content=\"Escrito por\" \/>\n\t<meta name=\"twitter:data1\" content=\"JP\" \/>\n\t<meta name=\"twitter:label2\" content=\"Est. tempo de leitura\" \/>\n\t<meta name=\"twitter:data2\" content=\"3 minutos\" \/>\n<script type=\"application\/ld+json\" class=\"yoast-schema-graph\">{\"@context\":\"https:\/\/schema.org\",\"@graph\":[{\"@type\":\"Article\",\"@id\":\"https:\/\/bahiaeconomica.com.br\/wp\/2025\/07\/27\/alta-expressiva-das-resinas-plasticas-pressiona-industria-da-primeira-infancia\/#article\",\"isPartOf\":{\"@id\":\"https:\/\/bahiaeconomica.com.br\/wp\/2025\/07\/27\/alta-expressiva-das-resinas-plasticas-pressiona-industria-da-primeira-infancia\/\"},\"author\":{\"name\":\"JP\",\"@id\":\"https:\/\/bahiaeconomica.com.br\/wp\/#\/schema\/person\/c86d3a3f8960425a0f9d0e5245991f4e\"},\"headline\":\"ALTA EXPRESSIVA DAS RESINAS PL\u00c1STICAS PRESSIONA IND\u00daSTRIA DA PRIMEIRA INF\u00c2NCIA\",\"datePublished\":\"2025-07-27T17:09:41+00:00\",\"dateModified\":\"2026-07-27T17:10:28+00:00\",\"mainEntityOfPage\":{\"@id\":\"https:\/\/bahiaeconomica.com.br\/wp\/2025\/07\/27\/alta-expressiva-das-resinas-plasticas-pressiona-industria-da-primeira-infancia\/\"},\"wordCount\":509,\"publisher\":{\"@id\":\"https:\/\/bahiaeconomica.com.br\/wp\/#organization\"},\"articleSection\":[\"Sa\u00fade \/ Educa\u00e7\u00e3o\"],\"inLanguage\":\"pt-BR\"},{\"@type\":\"WebPage\",\"@id\":\"https:\/\/bahiaeconomica.com.br\/wp\/2025\/07\/27\/alta-expressiva-das-resinas-plasticas-pressiona-industria-da-primeira-infancia\/\",\"url\":\"https:\/\/bahiaeconomica.com.br\/wp\/2025\/07\/27\/alta-expressiva-das-resinas-plasticas-pressiona-industria-da-primeira-infancia\/\",\"name\":\"ALTA EXPRESSIVA DAS RESINAS PL\u00c1STICAS PRESSIONA IND\u00daSTRIA DA PRIMEIRA INF\u00c2NCIA - Bahia Economica\",\"isPartOf\":{\"@id\":\"https:\/\/bahiaeconomica.com.br\/wp\/#website\"},\"datePublished\":\"2025-07-27T17:09:41+00:00\",\"dateModified\":\"2026-07-27T17:10:28+00:00\",\"description\":\"O maior portal de Economia da Bahia Sa\u00fade \/ Educa\u00e7\u00e3o Bahia Economica\",\"breadcrumb\":{\"@id\":\"https:\/\/bahiaeconomica.com.br\/wp\/2025\/07\/27\/alta-expressiva-das-resinas-plasticas-pressiona-industria-da-primeira-infancia\/#breadcrumb\"},\"inLanguage\":\"pt-BR\",\"potentialAction\":[{\"@type\":\"ReadAction\",\"target\":[\"https:\/\/bahiaeconomica.com.br\/wp\/2025\/07\/27\/alta-expressiva-das-resinas-plasticas-pressiona-industria-da-primeira-infancia\/\"]}]},{\"@type\":\"BreadcrumbList\",\"@id\":\"https:\/\/bahiaeconomica.com.br\/wp\/2025\/07\/27\/alta-expressiva-das-resinas-plasticas-pressiona-industria-da-primeira-infancia\/#breadcrumb\",\"itemListElement\":[{\"@type\":\"ListItem\",\"position\":1,\"name\":\"In\u00edcio\",\"item\":\"https:\/\/bahiaeconomica.com.br\/wp\/\"},{\"@type\":\"ListItem\",\"position\":2,\"name\":\"ALTA EXPRESSIVA DAS RESINAS PL\u00c1STICAS PRESSIONA IND\u00daSTRIA DA PRIMEIRA INF\u00c2NCIA\"}]},{\"@type\":\"WebSite\",\"@id\":\"https:\/\/bahiaeconomica.com.br\/wp\/#website\",\"url\":\"https:\/\/bahiaeconomica.com.br\/wp\/\",\"name\":\"Bahia Economica\",\"description\":\"O maior portal de Economia da Bahia\",\"publisher\":{\"@id\":\"https:\/\/bahiaeconomica.com.br\/wp\/#organization\"},\"potentialAction\":[{\"@type\":\"SearchAction\",\"target\":{\"@type\":\"EntryPoint\",\"urlTemplate\":\"https:\/\/bahiaeconomica.com.br\/wp\/?s={search_term_string}\"},\"query-input\":\"required name=search_term_string\"}],\"inLanguage\":\"pt-BR\"},{\"@type\":\"Organization\",\"@id\":\"https:\/\/bahiaeconomica.com.br\/wp\/#organization\",\"name\":\"Bahia Econ\u00f4mica\",\"url\":\"https:\/\/bahiaeconomica.com.br\/wp\/\",\"logo\":{\"@type\":\"ImageObject\",\"inLanguage\":\"pt-BR\",\"@id\":\"https:\/\/bahiaeconomica.com.br\/wp\/#\/schema\/logo\/image\/\",\"url\":\"https:\/\/bahiaeconomica.com.br\/wp\/wp-content\/uploads\/2020\/12\/cropped-BE.png\",\"contentUrl\":\"https:\/\/bahiaeconomica.com.br\/wp\/wp-content\/uploads\/2020\/12\/cropped-BE.png\",\"width\":512,\"height\":512,\"caption\":\"Bahia Econ\u00f4mica\"},\"image\":{\"@id\":\"https:\/\/bahiaeconomica.com.br\/wp\/#\/schema\/logo\/image\/\"},\"sameAs\":[\"https:\/\/www.facebook.com\/bahiaeconomica\"]},{\"@type\":\"Person\",\"@id\":\"https:\/\/bahiaeconomica.com.br\/wp\/#\/schema\/person\/c86d3a3f8960425a0f9d0e5245991f4e\",\"name\":\"JP\",\"sameAs\":[\"https:\/\/bahiaeconomica.com.br\/wp\/beta\/\"],\"url\":\"https:\/\/bahiaeconomica.com.br\/wp\/author\/jp\/\"}]}<\/script>\n<!-- \/ Yoast SEO plugin. -->","yoast_head_json":{"title":"ALTA EXPRESSIVA DAS RESINAS PL\u00c1STICAS PRESSIONA IND\u00daSTRIA DA PRIMEIRA INF\u00c2NCIA - Bahia Economica","description":"O maior portal de Economia da Bahia Sa\u00fade \/ Educa\u00e7\u00e3o Bahia Economica","robots":{"index":"index","follow":"follow","max-snippet":"max-snippet:-1","max-image-preview":"max-image-preview:large","max-video-preview":"max-video-preview:-1"},"canonical":"https:\/\/bahiaeconomica.com.br\/wp\/2025\/07\/27\/alta-expressiva-das-resinas-plasticas-pressiona-industria-da-primeira-infancia\/","og_locale":"pt_BR","og_type":"article","og_title":"ALTA EXPRESSIVA DAS RESINAS PL\u00c1STICAS PRESSIONA IND\u00daSTRIA DA PRIMEIRA INF\u00c2NCIA - Bahia Economica","og_description":"O maior portal de Economia da Bahia Sa\u00fade \/ Educa\u00e7\u00e3o Bahia Economica","og_url":"https:\/\/bahiaeconomica.com.br\/wp\/2025\/07\/27\/alta-expressiva-das-resinas-plasticas-pressiona-industria-da-primeira-infancia\/","og_site_name":"Bahia Economica","article_publisher":"https:\/\/www.facebook.com\/bahiaeconomica","article_published_time":"2025-07-27T17:09:41+00:00","article_modified_time":"2026-07-27T17:10:28+00:00","og_image":[{"width":470,"height":425,"url":"https:\/\/bahiaeconomica.com.br\/wp\/wp-content\/uploads\/2026\/07\/WhatsApp-Image-2026-07-27-at-14.01.12-1.jpeg","type":"image\/jpeg"}],"author":"JP","twitter_card":"summary_large_image","twitter_misc":{"Escrito por":"JP","Est. tempo de leitura":"3 minutos"},"schema":{"@context":"https:\/\/schema.org","@graph":[{"@type":"Article","@id":"https:\/\/bahiaeconomica.com.br\/wp\/2025\/07\/27\/alta-expressiva-das-resinas-plasticas-pressiona-industria-da-primeira-infancia\/#article","isPartOf":{"@id":"https:\/\/bahiaeconomica.com.br\/wp\/2025\/07\/27\/alta-expressiva-das-resinas-plasticas-pressiona-industria-da-primeira-infancia\/"},"author":{"name":"JP","@id":"https:\/\/bahiaeconomica.com.br\/wp\/#\/schema\/person\/c86d3a3f8960425a0f9d0e5245991f4e"},"headline":"ALTA EXPRESSIVA DAS RESINAS PL\u00c1STICAS PRESSIONA IND\u00daSTRIA DA PRIMEIRA INF\u00c2NCIA","datePublished":"2025-07-27T17:09:41+00:00","dateModified":"2026-07-27T17:10:28+00:00","mainEntityOfPage":{"@id":"https:\/\/bahiaeconomica.com.br\/wp\/2025\/07\/27\/alta-expressiva-das-resinas-plasticas-pressiona-industria-da-primeira-infancia\/"},"wordCount":509,"publisher":{"@id":"https:\/\/bahiaeconomica.com.br\/wp\/#organization"},"articleSection":["Sa\u00fade \/ Educa\u00e7\u00e3o"],"inLanguage":"pt-BR"},{"@type":"WebPage","@id":"https:\/\/bahiaeconomica.com.br\/wp\/2025\/07\/27\/alta-expressiva-das-resinas-plasticas-pressiona-industria-da-primeira-infancia\/","url":"https:\/\/bahiaeconomica.com.br\/wp\/2025\/07\/27\/alta-expressiva-das-resinas-plasticas-pressiona-industria-da-primeira-infancia\/","name":"ALTA EXPRESSIVA DAS RESINAS PL\u00c1STICAS PRESSIONA IND\u00daSTRIA DA PRIMEIRA INF\u00c2NCIA - Bahia Economica","isPartOf":{"@id":"https:\/\/bahiaeconomica.com.br\/wp\/#website"},"datePublished":"2025-07-27T17:09:41+00:00","dateModified":"2026-07-27T17:10:28+00:00","description":"O maior portal de Economia da Bahia Sa\u00fade \/ Educa\u00e7\u00e3o Bahia Economica","breadcrumb":{"@id":"https:\/\/bahiaeconomica.com.br\/wp\/2025\/07\/27\/alta-expressiva-das-resinas-plasticas-pressiona-industria-da-primeira-infancia\/#breadcrumb"},"inLanguage":"pt-BR","potentialAction":[{"@type":"ReadAction","target":["https:\/\/bahiaeconomica.com.br\/wp\/2025\/07\/27\/alta-expressiva-das-resinas-plasticas-pressiona-industria-da-primeira-infancia\/"]}]},{"@type":"BreadcrumbList","@id":"https:\/\/bahiaeconomica.com.br\/wp\/2025\/07\/27\/alta-expressiva-das-resinas-plasticas-pressiona-industria-da-primeira-infancia\/#breadcrumb","itemListElement":[{"@type":"ListItem","position":1,"name":"In\u00edcio","item":"https:\/\/bahiaeconomica.com.br\/wp\/"},{"@type":"ListItem","position":2,"name":"ALTA EXPRESSIVA DAS RESINAS PL\u00c1STICAS PRESSIONA IND\u00daSTRIA DA PRIMEIRA INF\u00c2NCIA"}]},{"@type":"WebSite","@id":"https:\/\/bahiaeconomica.com.br\/wp\/#website","url":"https:\/\/bahiaeconomica.com.br\/wp\/","name":"Bahia Economica","description":"O maior portal de Economia da Bahia","publisher":{"@id":"https:\/\/bahiaeconomica.com.br\/wp\/#organization"},"potentialAction":[{"@type":"SearchAction","target":{"@type":"EntryPoint","urlTemplate":"https:\/\/bahiaeconomica.com.br\/wp\/?s={search_term_string}"},"query-input":"required name=search_term_string"}],"inLanguage":"pt-BR"},{"@type":"Organization","@id":"https:\/\/bahiaeconomica.com.br\/wp\/#organization","name":"Bahia Econ\u00f4mica","url":"https:\/\/bahiaeconomica.com.br\/wp\/","logo":{"@type":"ImageObject","inLanguage":"pt-BR","@id":"https:\/\/bahiaeconomica.com.br\/wp\/#\/schema\/logo\/image\/","url":"https:\/\/bahiaeconomica.com.br\/wp\/wp-content\/uploads\/2020\/12\/cropped-BE.png","contentUrl":"https:\/\/bahiaeconomica.com.br\/wp\/wp-content\/uploads\/2020\/12\/cropped-BE.png","width":512,"height":512,"caption":"Bahia Econ\u00f4mica"},"image":{"@id":"https:\/\/bahiaeconomica.com.br\/wp\/#\/schema\/logo\/image\/"},"sameAs":["https:\/\/www.facebook.com\/bahiaeconomica"]},{"@type":"Person","@id":"https:\/\/bahiaeconomica.com.br\/wp\/#\/schema\/person\/c86d3a3f8960425a0f9d0e5245991f4e","name":"JP","sameAs":["https:\/\/bahiaeconomica.com.br\/wp\/beta\/"],"url":"https:\/\/bahiaeconomica.com.br\/wp\/author\/jp\/"}]}},"views":2,"_links":{"self":[{"href":"https:\/\/bahiaeconomica.com.br\/wp\/wp-json\/wp\/v2\/posts\/1013482"}],"collection":[{"href":"https:\/\/bahiaeconomica.com.br\/wp\/wp-json\/wp\/v2\/posts"}],"about":[{"href":"https:\/\/bahiaeconomica.com.br\/wp\/wp-json\/wp\/v2\/types\/post"}],"author":[{"embeddable":true,"href":"https:\/\/bahiaeconomica.com.br\/wp\/wp-json\/wp\/v2\/users\/8"}],"replies":[{"embeddable":true,"href":"https:\/\/bahiaeconomica.com.br\/wp\/wp-json\/wp\/v2\/comments?post=1013482"}],"version-history":[{"count":1,"href":"https:\/\/bahiaeconomica.com.br\/wp\/wp-json\/wp\/v2\/posts\/1013482\/revisions"}],"predecessor-version":[{"id":1013484,"href":"https:\/\/bahiaeconomica.com.br\/wp\/wp-json\/wp\/v2\/posts\/1013482\/revisions\/1013484"}],"wp:featuredmedia":[{"embeddable":true,"href":"https:\/\/bahiaeconomica.com.br\/wp\/wp-json\/wp\/v2\/media\/1013483"}],"wp:attachment":[{"href":"https:\/\/bahiaeconomica.com.br\/wp\/wp-json\/wp\/v2\/media?parent=1013482"}],"wp:term":[{"taxonomy":"category","embeddable":true,"href":"https:\/\/bahiaeconomica.com.br\/wp\/wp-json\/wp\/v2\/categories?post=1013482"},{"taxonomy":"post_tag","embeddable":true,"href":"https:\/\/bahiaeconomica.com.br\/wp\/wp-json\/wp\/v2\/tags?post=1013482"}],"curies":[{"name":"wp","href":"https:\/\/api.w.org\/{rel}","templated":true}]}}