{"id":1009673,"date":"2026-07-13T10:00:01","date_gmt":"2026-07-13T13:00:01","guid":{"rendered":"https:\/\/bahiaeconomica.com.br\/wp\/?p=1009673"},"modified":"2026-07-13T08:53:39","modified_gmt":"2026-07-13T11:53:39","slug":"na-italia-virginia-surge-no-colo-de-vini-jr-em-registro-privado","status":"publish","type":"post","link":"https:\/\/bahiaeconomica.com.br\/wp\/2026\/07\/13\/na-italia-virginia-surge-no-colo-de-vini-jr-em-registro-privado\/","title":{"rendered":"NA IT\u00c1LIA, VIRGINIA SURGE NO COLO DE VINI JR. EM REGISTRO PRIVADO"},"content":{"rendered":"<p>Virginia Fonseca e Vini Jr. voltaram a chamar aten\u00e7\u00e3o nas redes sociais ap\u00f3s aparecerem juntos durante a comemora\u00e7\u00e3o do anivers\u00e1rio do jogador, na It\u00e1lia. Um registro publicado pela influenciadora mostrou os dois em clima de proximidade durante um passeio de barco pela costa italiana.<\/p>\n<p>A imagem, em que Virginia aparece no colo do atacante do Real Madrid, foi divulgada pela pr\u00f3pria empres\u00e1ria e rapidamente repercutiu entre os seguidores. A festa celebrou os 26 anos do atleta e reuniu amigos pr\u00f3ximos.<\/p>\n<p>Neste s\u00e1bado (11), Virginia publicou um v\u00eddeo em que internautas apontaram a presen\u00e7a do reflexo do jogador. Antes disso, no Dia dos Namorados, Vini Jr. havia enviado um buqu\u00ea de rosas vermelhas para a empres\u00e1ria.<\/p>\n<p>At\u00e9 o momento, nenhum dos dois confirmou oficialmente uma reconcilia\u00e7\u00e3o.<\/p>\n","protected":false},"excerpt":{"rendered":"<p>Virginia Fonseca e Vini Jr. voltaram a chamar aten\u00e7\u00e3o nas redes sociais ap\u00f3s aparecerem juntos durante a comemora\u00e7\u00e3o do anivers\u00e1rio do jogador, na It\u00e1lia. Um registro publicado pela influenciadora mostrou os dois em clima de proximidade durante um passeio de barco pela costa italiana. A imagem, em que Virginia aparece no colo do atacante do [&hellip;]<\/p>\n","protected":false},"author":8,"featured_media":1009674,"comment_status":"closed","ping_status":"closed","sticky":false,"template":"","format":"standard","meta":[],"categories":[4],"tags":[52,3152,7291],"acf":[],"yoast_head":"<!-- This site is optimized with the Yoast SEO plugin v20.8 - https:\/\/yoast.com\/wordpress\/plugins\/seo\/ -->\n<title>NA IT\u00c1LIA, VIRGINIA SURGE NO COLO DE VINI JR. EM REGISTRO PRIVADO - Bahia Economica<\/title>\n<meta name=\"description\" content=\"O maior portal de Economia da Bahia ENTRETENIMENTO Bahia Economica\" \/>\n<meta name=\"robots\" content=\"index, follow, max-snippet:-1, max-image-preview:large, max-video-preview:-1\" \/>\n<link rel=\"canonical\" href=\"https:\/\/bahiaeconomica.com.br\/wp\/2026\/07\/13\/na-italia-virginia-surge-no-colo-de-vini-jr-em-registro-privado\/\" \/>\n<meta property=\"og:locale\" content=\"pt_BR\" \/>\n<meta property=\"og:type\" content=\"article\" \/>\n<meta property=\"og:title\" content=\"NA IT\u00c1LIA, VIRGINIA SURGE NO COLO DE VINI JR. EM REGISTRO PRIVADO - Bahia Economica\" \/>\n<meta property=\"og:description\" content=\"O maior portal de Economia da Bahia ENTRETENIMENTO Bahia Economica\" \/>\n<meta property=\"og:url\" content=\"https:\/\/bahiaeconomica.com.br\/wp\/2026\/07\/13\/na-italia-virginia-surge-no-colo-de-vini-jr-em-registro-privado\/\" \/>\n<meta property=\"og:site_name\" content=\"Bahia Economica\" \/>\n<meta property=\"article:publisher\" content=\"https:\/\/www.facebook.com\/bahiaeconomica\" \/>\n<meta property=\"article:published_time\" content=\"2026-07-13T13:00:01+00:00\" \/>\n<meta property=\"article:modified_time\" content=\"2026-07-13T11:53:39+00:00\" \/>\n<meta property=\"og:image\" content=\"https:\/\/bahiaeconomica.com.br\/wp\/wp-content\/uploads\/2026\/07\/virginia-vini-foto-2.webp\" \/>\n\t<meta property=\"og:image:width\" content=\"1200\" \/>\n\t<meta property=\"og:image:height\" content=\"800\" \/>\n\t<meta property=\"og:image:type\" content=\"image\/webp\" \/>\n<meta name=\"author\" content=\"JP\" \/>\n<meta name=\"twitter:card\" content=\"summary_large_image\" \/>\n<meta name=\"twitter:label1\" content=\"Escrito por\" \/>\n\t<meta name=\"twitter:data1\" content=\"JP\" \/>\n\t<meta name=\"twitter:label2\" content=\"Est. tempo de leitura\" \/>\n\t<meta name=\"twitter:data2\" content=\"1 minuto\" \/>\n<script type=\"application\/ld+json\" class=\"yoast-schema-graph\">{\"@context\":\"https:\/\/schema.org\",\"@graph\":[{\"@type\":\"Article\",\"@id\":\"https:\/\/bahiaeconomica.com.br\/wp\/2026\/07\/13\/na-italia-virginia-surge-no-colo-de-vini-jr-em-registro-privado\/#article\",\"isPartOf\":{\"@id\":\"https:\/\/bahiaeconomica.com.br\/wp\/2026\/07\/13\/na-italia-virginia-surge-no-colo-de-vini-jr-em-registro-privado\/\"},\"author\":{\"name\":\"JP\",\"@id\":\"https:\/\/bahiaeconomica.com.br\/wp\/#\/schema\/person\/c86d3a3f8960425a0f9d0e5245991f4e\"},\"headline\":\"NA IT\u00c1LIA, VIRGINIA SURGE NO COLO DE VINI JR. EM REGISTRO PRIVADO\",\"datePublished\":\"2026-07-13T13:00:01+00:00\",\"dateModified\":\"2026-07-13T11:53:39+00:00\",\"mainEntityOfPage\":{\"@id\":\"https:\/\/bahiaeconomica.com.br\/wp\/2026\/07\/13\/na-italia-virginia-surge-no-colo-de-vini-jr-em-registro-privado\/\"},\"wordCount\":149,\"publisher\":{\"@id\":\"https:\/\/bahiaeconomica.com.br\/wp\/#organization\"},\"keywords\":[\"Brasil\",\"It\u00e1lia\",\"Virginia\"],\"articleSection\":[\"ENTRETENIMENTO\"],\"inLanguage\":\"pt-BR\"},{\"@type\":\"WebPage\",\"@id\":\"https:\/\/bahiaeconomica.com.br\/wp\/2026\/07\/13\/na-italia-virginia-surge-no-colo-de-vini-jr-em-registro-privado\/\",\"url\":\"https:\/\/bahiaeconomica.com.br\/wp\/2026\/07\/13\/na-italia-virginia-surge-no-colo-de-vini-jr-em-registro-privado\/\",\"name\":\"NA IT\u00c1LIA, VIRGINIA SURGE NO COLO DE VINI JR. EM REGISTRO PRIVADO - Bahia Economica\",\"isPartOf\":{\"@id\":\"https:\/\/bahiaeconomica.com.br\/wp\/#website\"},\"datePublished\":\"2026-07-13T13:00:01+00:00\",\"dateModified\":\"2026-07-13T11:53:39+00:00\",\"description\":\"O maior portal de Economia da Bahia ENTRETENIMENTO Bahia Economica\",\"breadcrumb\":{\"@id\":\"https:\/\/bahiaeconomica.com.br\/wp\/2026\/07\/13\/na-italia-virginia-surge-no-colo-de-vini-jr-em-registro-privado\/#breadcrumb\"},\"inLanguage\":\"pt-BR\",\"potentialAction\":[{\"@type\":\"ReadAction\",\"target\":[\"https:\/\/bahiaeconomica.com.br\/wp\/2026\/07\/13\/na-italia-virginia-surge-no-colo-de-vini-jr-em-registro-privado\/\"]}]},{\"@type\":\"BreadcrumbList\",\"@id\":\"https:\/\/bahiaeconomica.com.br\/wp\/2026\/07\/13\/na-italia-virginia-surge-no-colo-de-vini-jr-em-registro-privado\/#breadcrumb\",\"itemListElement\":[{\"@type\":\"ListItem\",\"position\":1,\"name\":\"In\u00edcio\",\"item\":\"https:\/\/bahiaeconomica.com.br\/wp\/\"},{\"@type\":\"ListItem\",\"position\":2,\"name\":\"NA IT\u00c1LIA, VIRGINIA SURGE NO COLO DE VINI JR. EM REGISTRO PRIVADO\"}]},{\"@type\":\"WebSite\",\"@id\":\"https:\/\/bahiaeconomica.com.br\/wp\/#website\",\"url\":\"https:\/\/bahiaeconomica.com.br\/wp\/\",\"name\":\"Bahia Economica\",\"description\":\"O maior portal de Economia da Bahia\",\"publisher\":{\"@id\":\"https:\/\/bahiaeconomica.com.br\/wp\/#organization\"},\"potentialAction\":[{\"@type\":\"SearchAction\",\"target\":{\"@type\":\"EntryPoint\",\"urlTemplate\":\"https:\/\/bahiaeconomica.com.br\/wp\/?s={search_term_string}\"},\"query-input\":\"required name=search_term_string\"}],\"inLanguage\":\"pt-BR\"},{\"@type\":\"Organization\",\"@id\":\"https:\/\/bahiaeconomica.com.br\/wp\/#organization\",\"name\":\"Bahia Econ\u00f4mica\",\"url\":\"https:\/\/bahiaeconomica.com.br\/wp\/\",\"logo\":{\"@type\":\"ImageObject\",\"inLanguage\":\"pt-BR\",\"@id\":\"https:\/\/bahiaeconomica.com.br\/wp\/#\/schema\/logo\/image\/\",\"url\":\"https:\/\/bahiaeconomica.com.br\/wp\/wp-content\/uploads\/2020\/12\/cropped-BE.png\",\"contentUrl\":\"https:\/\/bahiaeconomica.com.br\/wp\/wp-content\/uploads\/2020\/12\/cropped-BE.png\",\"width\":512,\"height\":512,\"caption\":\"Bahia Econ\u00f4mica\"},\"image\":{\"@id\":\"https:\/\/bahiaeconomica.com.br\/wp\/#\/schema\/logo\/image\/\"},\"sameAs\":[\"https:\/\/www.facebook.com\/bahiaeconomica\"]},{\"@type\":\"Person\",\"@id\":\"https:\/\/bahiaeconomica.com.br\/wp\/#\/schema\/person\/c86d3a3f8960425a0f9d0e5245991f4e\",\"name\":\"JP\",\"sameAs\":[\"https:\/\/bahiaeconomica.com.br\/wp\/beta\/\"],\"url\":\"https:\/\/bahiaeconomica.com.br\/wp\/author\/jp\/\"}]}<\/script>\n<!-- \/ Yoast SEO plugin. -->","yoast_head_json":{"title":"NA IT\u00c1LIA, VIRGINIA SURGE NO COLO DE VINI JR. EM REGISTRO PRIVADO - Bahia Economica","description":"O maior portal de Economia da Bahia ENTRETENIMENTO Bahia Economica","robots":{"index":"index","follow":"follow","max-snippet":"max-snippet:-1","max-image-preview":"max-image-preview:large","max-video-preview":"max-video-preview:-1"},"canonical":"https:\/\/bahiaeconomica.com.br\/wp\/2026\/07\/13\/na-italia-virginia-surge-no-colo-de-vini-jr-em-registro-privado\/","og_locale":"pt_BR","og_type":"article","og_title":"NA IT\u00c1LIA, VIRGINIA SURGE NO COLO DE VINI JR. EM REGISTRO PRIVADO - Bahia Economica","og_description":"O maior portal de Economia da Bahia ENTRETENIMENTO Bahia Economica","og_url":"https:\/\/bahiaeconomica.com.br\/wp\/2026\/07\/13\/na-italia-virginia-surge-no-colo-de-vini-jr-em-registro-privado\/","og_site_name":"Bahia Economica","article_publisher":"https:\/\/www.facebook.com\/bahiaeconomica","article_published_time":"2026-07-13T13:00:01+00:00","article_modified_time":"2026-07-13T11:53:39+00:00","og_image":[{"width":1200,"height":800,"url":"https:\/\/bahiaeconomica.com.br\/wp\/wp-content\/uploads\/2026\/07\/virginia-vini-foto-2.webp","type":"image\/webp"}],"author":"JP","twitter_card":"summary_large_image","twitter_misc":{"Escrito por":"JP","Est. tempo de leitura":"1 minuto"},"schema":{"@context":"https:\/\/schema.org","@graph":[{"@type":"Article","@id":"https:\/\/bahiaeconomica.com.br\/wp\/2026\/07\/13\/na-italia-virginia-surge-no-colo-de-vini-jr-em-registro-privado\/#article","isPartOf":{"@id":"https:\/\/bahiaeconomica.com.br\/wp\/2026\/07\/13\/na-italia-virginia-surge-no-colo-de-vini-jr-em-registro-privado\/"},"author":{"name":"JP","@id":"https:\/\/bahiaeconomica.com.br\/wp\/#\/schema\/person\/c86d3a3f8960425a0f9d0e5245991f4e"},"headline":"NA IT\u00c1LIA, VIRGINIA SURGE NO COLO DE VINI JR. EM REGISTRO PRIVADO","datePublished":"2026-07-13T13:00:01+00:00","dateModified":"2026-07-13T11:53:39+00:00","mainEntityOfPage":{"@id":"https:\/\/bahiaeconomica.com.br\/wp\/2026\/07\/13\/na-italia-virginia-surge-no-colo-de-vini-jr-em-registro-privado\/"},"wordCount":149,"publisher":{"@id":"https:\/\/bahiaeconomica.com.br\/wp\/#organization"},"keywords":["Brasil","It\u00e1lia","Virginia"],"articleSection":["ENTRETENIMENTO"],"inLanguage":"pt-BR"},{"@type":"WebPage","@id":"https:\/\/bahiaeconomica.com.br\/wp\/2026\/07\/13\/na-italia-virginia-surge-no-colo-de-vini-jr-em-registro-privado\/","url":"https:\/\/bahiaeconomica.com.br\/wp\/2026\/07\/13\/na-italia-virginia-surge-no-colo-de-vini-jr-em-registro-privado\/","name":"NA IT\u00c1LIA, VIRGINIA SURGE NO COLO DE VINI JR. EM REGISTRO PRIVADO - Bahia Economica","isPartOf":{"@id":"https:\/\/bahiaeconomica.com.br\/wp\/#website"},"datePublished":"2026-07-13T13:00:01+00:00","dateModified":"2026-07-13T11:53:39+00:00","description":"O maior portal de Economia da Bahia ENTRETENIMENTO Bahia Economica","breadcrumb":{"@id":"https:\/\/bahiaeconomica.com.br\/wp\/2026\/07\/13\/na-italia-virginia-surge-no-colo-de-vini-jr-em-registro-privado\/#breadcrumb"},"inLanguage":"pt-BR","potentialAction":[{"@type":"ReadAction","target":["https:\/\/bahiaeconomica.com.br\/wp\/2026\/07\/13\/na-italia-virginia-surge-no-colo-de-vini-jr-em-registro-privado\/"]}]},{"@type":"BreadcrumbList","@id":"https:\/\/bahiaeconomica.com.br\/wp\/2026\/07\/13\/na-italia-virginia-surge-no-colo-de-vini-jr-em-registro-privado\/#breadcrumb","itemListElement":[{"@type":"ListItem","position":1,"name":"In\u00edcio","item":"https:\/\/bahiaeconomica.com.br\/wp\/"},{"@type":"ListItem","position":2,"name":"NA IT\u00c1LIA, VIRGINIA SURGE NO COLO DE VINI JR. EM REGISTRO PRIVADO"}]},{"@type":"WebSite","@id":"https:\/\/bahiaeconomica.com.br\/wp\/#website","url":"https:\/\/bahiaeconomica.com.br\/wp\/","name":"Bahia Economica","description":"O maior portal de Economia da Bahia","publisher":{"@id":"https:\/\/bahiaeconomica.com.br\/wp\/#organization"},"potentialAction":[{"@type":"SearchAction","target":{"@type":"EntryPoint","urlTemplate":"https:\/\/bahiaeconomica.com.br\/wp\/?s={search_term_string}"},"query-input":"required name=search_term_string"}],"inLanguage":"pt-BR"},{"@type":"Organization","@id":"https:\/\/bahiaeconomica.com.br\/wp\/#organization","name":"Bahia Econ\u00f4mica","url":"https:\/\/bahiaeconomica.com.br\/wp\/","logo":{"@type":"ImageObject","inLanguage":"pt-BR","@id":"https:\/\/bahiaeconomica.com.br\/wp\/#\/schema\/logo\/image\/","url":"https:\/\/bahiaeconomica.com.br\/wp\/wp-content\/uploads\/2020\/12\/cropped-BE.png","contentUrl":"https:\/\/bahiaeconomica.com.br\/wp\/wp-content\/uploads\/2020\/12\/cropped-BE.png","width":512,"height":512,"caption":"Bahia Econ\u00f4mica"},"image":{"@id":"https:\/\/bahiaeconomica.com.br\/wp\/#\/schema\/logo\/image\/"},"sameAs":["https:\/\/www.facebook.com\/bahiaeconomica"]},{"@type":"Person","@id":"https:\/\/bahiaeconomica.com.br\/wp\/#\/schema\/person\/c86d3a3f8960425a0f9d0e5245991f4e","name":"JP","sameAs":["https:\/\/bahiaeconomica.com.br\/wp\/beta\/"],"url":"https:\/\/bahiaeconomica.com.br\/wp\/author\/jp\/"}]}},"views":180,"_links":{"self":[{"href":"https:\/\/bahiaeconomica.com.br\/wp\/wp-json\/wp\/v2\/posts\/1009673"}],"collection":[{"href":"https:\/\/bahiaeconomica.com.br\/wp\/wp-json\/wp\/v2\/posts"}],"about":[{"href":"https:\/\/bahiaeconomica.com.br\/wp\/wp-json\/wp\/v2\/types\/post"}],"author":[{"embeddable":true,"href":"https:\/\/bahiaeconomica.com.br\/wp\/wp-json\/wp\/v2\/users\/8"}],"replies":[{"embeddable":true,"href":"https:\/\/bahiaeconomica.com.br\/wp\/wp-json\/wp\/v2\/comments?post=1009673"}],"version-history":[{"count":1,"href":"https:\/\/bahiaeconomica.com.br\/wp\/wp-json\/wp\/v2\/posts\/1009673\/revisions"}],"predecessor-version":[{"id":1009675,"href":"https:\/\/bahiaeconomica.com.br\/wp\/wp-json\/wp\/v2\/posts\/1009673\/revisions\/1009675"}],"wp:featuredmedia":[{"embeddable":true,"href":"https:\/\/bahiaeconomica.com.br\/wp\/wp-json\/wp\/v2\/media\/1009674"}],"wp:attachment":[{"href":"https:\/\/bahiaeconomica.com.br\/wp\/wp-json\/wp\/v2\/media?parent=1009673"}],"wp:term":[{"taxonomy":"category","embeddable":true,"href":"https:\/\/bahiaeconomica.com.br\/wp\/wp-json\/wp\/v2\/categories?post=1009673"},{"taxonomy":"post_tag","embeddable":true,"href":"https:\/\/bahiaeconomica.com.br\/wp\/wp-json\/wp\/v2\/tags?post=1009673"}],"curies":[{"name":"wp","href":"https:\/\/api.w.org\/{rel}","templated":true}]}}